{"id":11995,"date":"2025-08-21T20:31:43","date_gmt":"2025-08-21T20:31:43","guid":{"rendered":"http:\/\/www.affinite.fr\/index.php\/2025\/08\/21\/mousse-a-la-peche-sans-sucre-sans-gluten-ni-lactose\/"},"modified":"2025-08-21T20:31:43","modified_gmt":"2025-08-21T20:31:43","slug":"mousse-a-la-peche-sans-sucre-sans-gluten-ni-lactose","status":"publish","type":"post","link":"http:\/\/www.affinite.fr\/index.php\/2025\/08\/21\/mousse-a-la-peche-sans-sucre-sans-gluten-ni-lactose\/","title":{"rendered":"Mousse \u00e0 la p\u00eache sans sucre sans gluten ni lactose"},"content":{"rendered":"<p> [ad_1]<br \/>\n<\/p>\n<div id=\"post-118015\">\n<div class=\"entry-content\">\n\t\t\t\t\t<!-- FeedbackWP Plugin - Results Widget --><\/p>\n<p itemprop=\"description\">Envie d\u2019un dessert \u00e0 la fois l\u00e9ger, fruit\u00e9 et onctueux\u202f? Cette mousse \u00e0 la p\u00eache sans gluten ni lactose est parfaite pour clore un repas d\u2019\u00e9t\u00e9 en toute fra\u00eecheur. Elle se pr\u00e9pare sans \u0153ufs, sans cr\u00e8me et sans cuisson. Elle ne n\u00e9cessite ni g\u00e9latine, ni agar-agar, ni sorbeti\u00e8re\u202f: simplement de bons fruits m\u00fbrs, un yaourt v\u00e9g\u00e9tal onctueux, et un soup\u00e7on de sirop d\u2019\u00e9rable. Gr\u00e2ce au blender, la texture est parfaitement lisse, presque a\u00e9rienne. C\u2019est une recette express, bluffante et 100\u202f% naturelle, qui s\u00e9duira autant les adultes que les enfants. On peut la r\u00e9aliser avec des p\u00eaches jaunes, blanches ou plates selon la saison et l\u2019envie. Un dessert id\u00e9al pour tous ceux qui veulent concilier gourmandise, nutrition et contraintes alimentaires. \u00c0 tester aussi avec des nectarines ou des abricots pour varier les plaisirs !<\/p>\n<h2>Mousse \u00e0 la p\u00eache sans sucre sans gluten ni lactose<\/h2>\n<ul class=\"typerect\" itemprop=\"recipeCuisine\">&#13;<\/p>\n<li class=\"ssgluten\">&#13;\n    <link itemprop=\"suitableForDiet\" href=\"https:\/\/schema.org\/GlutenFreeDiet\"\/>&#13;<br \/>\n    <span>Recette sans gluten<\/span>&#13;\n  <\/li>\n<p>&#13;<\/p>\n<li class=\"sslait\">&#13;\n    <link itemprop=\"suitableForDiet\" href=\"https:\/\/schema.org\/LowLactoseDiet\"\/>&#13;<br \/>\n    <span>Recette sans lactose<\/span>&#13;\n  <\/li>\n<p>&#13;<\/p>\n<li class=\"vege\">&#13;\n    <link itemprop=\"suitableForDiet\" href=\"https:\/\/schema.org\/VegetarianDiet\"\/>&#13;<br \/>\n    <span>Recette v\u00e9g\u00e9tarienne<\/span>&#13;\n  <\/li>\n<p>&#13;<\/p>\n<li class=\"sssucre\">&#13;\n    <link itemprop=\"suitableForDiet\" href=\"https:\/\/schema.org\/LowSugarDiet\"\/>&#13;<br \/>\n    <span>Recette sans sucre raffin\u00e9<\/span>&#13;\n  <\/li>\n<p>&#13;\n<\/ul>\n<div id=\"attachment_117998\" style=\"width: 1034px\" class=\"wp-caption alignnone\"><img loading=\"lazy\" decoding=\"async\" aria-describedby=\"caption-attachment-117998\" alt=\"Mousse \u00e0 la p\u00eache sans sucre sans gluten ni lactose\" width=\"1024\" height=\"1024\" itemprop=\"image\" src=\"https:\/\/cuisine-saine.fr\/wp-content\/uploads\/2025\/07\/mousse-peche-sans-lactose.jpg\"\/><noscript><img loading=\"lazy\" decoding=\"async\" aria-describedby=\"caption-attachment-117998\" src=\"https:\/\/cuisine-saine.fr\/wp-content\/uploads\/2025\/07\/mousse-peche-sans-lactose.jpg\" alt=\"Mousse \u00e0 la p\u00eache sans sucre sans gluten ni lactose\" width=\"1024\" height=\"1024\" itemprop=\"image\"\/><\/noscript><\/p>\n<p id=\"caption-attachment-117998\" class=\"wp-caption-text\">Mousse \u00e0 la p\u00eache sans sucre sans gluten ni lactose<\/p>\n<\/div>\n<div class=\"intro\">\n<p itemprop=\"recipeCategory\">Dessert l\u00e9ger<\/p>\n<p class=\"temps\">&#13;<br \/>\n  <strong class=\"yield\" itemprop=\"recipeYield\">Pour 4 verrines<\/strong><br \/>&#13;<br \/>\n  <strong>Temps de pr\u00e9paration<\/strong> : <time datetime=\"PT10M\" itemprop=\"prepTime\">10 min<\/time><br \/>&#13;<br \/>\n  <strong>Temps de repos<\/strong> : <time datetime=\"PT60M\" itemprop=\"cookTime\">1 h au frais<\/time><br \/>&#13;\n<\/p>\n<\/div>\n<div class=\"ingredient\">\n<h3 class=\"listetitre\">Ingr\u00e9dients<\/h3>\n<ul class=\"listeingredient\">&#13;<\/p>\n<li class=\"ingredient\" itemprop=\"recipeIngredient\">3 p\u00eaches m\u00fbres<\/li>\n<p>&#13;<\/p>\n<li class=\"ingredient\" itemprop=\"recipeIngredient\">2 <a href=\"https:\/\/cuisine-saine.fr\/recette-sans-lait\/yaourt-vegetal-au-lait-de-coco\/\">yaourts au lait de coco<\/a> ou d\u2019amande (nature, non sucr\u00e9s)<\/li>\n<p>&#13;<\/p>\n<li class=\"ingredient\" itemprop=\"recipeIngredient\">1 c. \u00e0 soupe de sirop d\u2019\u00e9rable ou d\u2019agave<\/li>\n<p>&#13;<\/p>\n<li class=\"ingredient\" itemprop=\"recipeIngredient\">1\/2 c. \u00e0 caf\u00e9 de vanille en poudre (facultatif)<\/li>\n<p>&#13;\n<\/ul>\n<\/div>\n<ol class=\"recette\" itemprop=\"recipeInstructions\">&#13;<\/p>\n<li itemprop=\"step\">Pelez les p\u00eaches et coupez-les en morceaux.<\/li>\n<p>&#13;<\/p>\n<li itemprop=\"step\">Mettez les fruits dans un blender avec le yaourt, le sirop et la vanille. Mixez longuement jusqu\u2019\u00e0 texture lisse.<\/li>\n<p>&#13;<\/p>\n<li itemprop=\"step\">Versez dans des verrines et placez au frais au moins 1 heure avant de servir.<\/li>\n<p>&#13;\n<\/ol>\n<h3 class=\"conseil\">Le conseil de Karen<\/h3>\n<div class=\"conkar\">\n<p>Pour un r\u00e9sultat mousseux plus ferme, ajoutez 1 c. \u00e0 soupe de graines de chia et mixez-les avec le reste des ingr\u00e9dients. Cela ajoute en plus des fibres et om\u00e9ga-3.<\/p>\n<p>Voir aussi<\/p>\n<\/div>\n<h3 class=\"astuces\">Astuces de la recette<\/h3>\n<div class=\"conkar\">\n<p>Variez les yaourts v\u00e9g\u00e9taux : coco pour une texture plus riche, amande ou soja pour plus de l\u00e9g\u00e8ret\u00e9. On peut aussi ajouter un topping de granola maison ou quelques \u00e9clats de pistaches au moment du service.<\/p>\n<\/div>\n<div class=\"faq\" itemscope=\"\" itemtype=\"https:\/\/schema.org\/FAQPage\">\n<div itemscope=\"\" itemprop=\"mainEntity\" itemtype=\"https:\/\/schema.org\/Question\">\n<h3 itemprop=\"name\">Puis-je utiliser des p\u00eaches surgel\u00e9es ?<\/h3>\n<div itemscope=\"\" itemprop=\"acceptedAnswer\" itemtype=\"https:\/\/schema.org\/Answer\">\n<p itemprop=\"text\">Oui, \u00e0 condition de les d\u00e9congeler \u00e0 temp\u00e9rature ambiante avant de les mixer.<\/p>\n<\/p><\/div>\n<\/p><\/div>\n<div itemscope=\"\" itemprop=\"mainEntity\" itemtype=\"https:\/\/schema.org\/Question\">\n<h3 itemprop=\"name\">Combien de temps se conserve la mousse ?<\/h3>\n<div itemscope=\"\" itemprop=\"acceptedAnswer\" itemtype=\"https:\/\/schema.org\/Answer\">\n<p itemprop=\"text\">Jusqu\u2019\u00e0 48 h au r\u00e9frig\u00e9rateur dans un contenant herm\u00e9tique. Ne pas congeler.<\/p>\n<\/p><\/div>\n<\/p><\/div>\n<\/div>\n<h3>Informations nutritionnelles (par verrine)<\/h3>\n<table class=\"nutrition\" itemscope=\"\" itemtype=\"https:\/\/schema.org\/NutritionInformation\">&#13;<\/p>\n<tr>&#13;<\/p>\n<th>\u00c9nergie<\/th>\n<p>&#13;<\/p>\n<td><span itemprop=\"calories\">105 kcal<\/span><\/td>\n<p>&#13;<br \/>\n  <\/tr>\n<p>&#13;<\/p>\n<tr>&#13;<\/p>\n<th>Mati\u00e8res grasses<\/th>\n<p>&#13;<\/p>\n<td><span itemprop=\"fatContent\">3,5 g<\/span><\/td>\n<p>&#13;<br \/>\n  <\/tr>\n<p>&#13;<\/p>\n<tr>&#13;<\/p>\n<th>Glucides<\/th>\n<p>&#13;<\/p>\n<td><span itemprop=\"carbohydrateContent\">15 g<\/span><\/td>\n<p>&#13;<br \/>\n  <\/tr>\n<p>&#13;<\/p>\n<tr>&#13;<\/p>\n<th>Dont sucres<\/th>\n<p>&#13;<\/p>\n<td><span itemprop=\"sugarContent\">13 g<\/span><\/td>\n<p>&#13;<br \/>\n  <\/tr>\n<p>&#13;<\/p>\n<tr>&#13;<\/p>\n<th>Fibres<\/th>\n<p>&#13;<\/p>\n<td><span itemprop=\"fiberContent\">2 g<\/span><\/td>\n<p>&#13;<br \/>\n  <\/tr>\n<p>&#13;<\/p>\n<tr>&#13;<\/p>\n<th>Prot\u00e9ines<\/th>\n<p>&#13;<\/p>\n<td><span itemprop=\"proteinContent\">1,8 g<\/span><\/td>\n<p>&#13;<br \/>\n  <\/tr>\n<p>&#13;<\/p>\n<tr>&#13;<\/p>\n<th>Sel<\/th>\n<p>&#13;<\/p>\n<td><span itemprop=\"sodiumContent\">0 g<\/span><\/td>\n<p>&#13;<br \/>\n  <\/tr>\n<p>&#13;<br \/>\n<\/table>\n<p><!-- FeedbackWP Plugin --><span class=\"et_bloom_bottom_trigger\"\/>\t\t\t\t\t<\/div>\n<div class=\"et_post_meta_wrapper\">\n<div id=\"instagram\" style=\"background:#ffe699; border:3px double #d32d97; margin-top:25px; padding:20px; overflow:hidden;\">\n<h3 style=\"color:#505050;\">Vous avez test\u00e9 et apr\u00e9ci\u00e9 la recette\u00a0? Partagez-la sur instagram\u00a0!<\/h3>\n<p style=\"color:#505050;\">Pensez \u00e0 m&rsquo;indentifier avec : <strong style=\"color:#d32d97\"><a href=\"https:\/\/www.instagram.com\/karenchevallier\/\" target=\"_blank\" style=\"color:#d32d97\" rel=\"noopener\">@karenchevallier<\/a><\/strong> et <strong style=\"color:#d32d97\"><a href=\"https:\/\/www.instagram.com\/explore\/tags\/cuisinesaine\/\" target=\"_blank\" style=\"color:#d32d97\" rel=\"noopener\">#cuisinesaine<\/a><\/strong> que je puisse voir les photos des recettes healthy que vous avez essay\u00e9es.<\/p>\n<\/div><\/div>\n<\/p><\/div>\n<p><script async defer src=\"https:\/\/platform.instagram.com\/en_US\/embeds.js\"><\/script><br \/>\n<br \/>[ad_2]<br \/>\n<br \/><a href=\"https:\/\/cuisine-saine.fr\/recettes-sans-sucre\/mousse-a-la-peche\/\">Source link <\/a><\/p>\n","protected":false},"excerpt":{"rendered":"<p>[ad_1] Envie d\u2019un dessert \u00e0 la fois l\u00e9ger, fruit\u00e9 et onctueux\u202f? Cette mousse \u00e0 la p\u00eache sans gluten ni lactose &hellip; <a href=\"http:\/\/www.affinite.fr\/index.php\/2025\/08\/21\/mousse-a-la-peche-sans-sucre-sans-gluten-ni-lactose\/\" class=\"more-link\">Plus <span class=\"screen-reader-text\">Mousse \u00e0 la p\u00eache sans sucre sans gluten ni lactose<\/span> <span class=\"meta-nav\">&rarr;<\/span><\/a><\/p>\n","protected":false},"author":1,"featured_media":11996,"comment_status":"","ping_status":"open","sticky":false,"template":"","format":"standard","meta":{"_sitemap_exclude":false,"_sitemap_priority":"","_sitemap_frequency":"","footnotes":""},"categories":[1],"tags":[],"class_list":["post-11995","post","type-post","status-publish","format-standard","has-post-thumbnail","hentry","category-tous"],"_links":{"self":[{"href":"http:\/\/www.affinite.fr\/index.php\/wp-json\/wp\/v2\/posts\/11995"}],"collection":[{"href":"http:\/\/www.affinite.fr\/index.php\/wp-json\/wp\/v2\/posts"}],"about":[{"href":"http:\/\/www.affinite.fr\/index.php\/wp-json\/wp\/v2\/types\/post"}],"author":[{"embeddable":true,"href":"http:\/\/www.affinite.fr\/index.php\/wp-json\/wp\/v2\/users\/1"}],"replies":[{"embeddable":true,"href":"http:\/\/www.affinite.fr\/index.php\/wp-json\/wp\/v2\/comments?post=11995"}],"version-history":[{"count":0,"href":"http:\/\/www.affinite.fr\/index.php\/wp-json\/wp\/v2\/posts\/11995\/revisions"}],"wp:featuredmedia":[{"embeddable":true,"href":"http:\/\/www.affinite.fr\/index.php\/wp-json\/wp\/v2\/media\/11996"}],"wp:attachment":[{"href":"http:\/\/www.affinite.fr\/index.php\/wp-json\/wp\/v2\/media?parent=11995"}],"wp:term":[{"taxonomy":"category","embeddable":true,"href":"http:\/\/www.affinite.fr\/index.php\/wp-json\/wp\/v2\/categories?post=11995"},{"taxonomy":"post_tag","embeddable":true,"href":"http:\/\/www.affinite.fr\/index.php\/wp-json\/wp\/v2\/tags?post=11995"}],"curies":[{"name":"wp","href":"https:\/\/api.w.org\/{rel}","templated":true}]}}