{"id":1199,"date":"2020-03-27T07:18:04","date_gmt":"2020-03-27T07:18:04","guid":{"rendered":"https:\/\/www.affinite.fr\/index.php\/2020\/03\/27\/apple-pourrait-introduire-plusieurs-mac-de-bureau-et-portables-sous-arm-lannee-prochaine\/"},"modified":"2020-03-27T07:18:04","modified_gmt":"2020-03-27T07:18:04","slug":"apple-pourrait-introduire-plusieurs-mac-de-bureau-et-portables-sous-arm-lannee-prochaine","status":"publish","type":"post","link":"http:\/\/www.affinite.fr\/index.php\/2020\/03\/27\/apple-pourrait-introduire-plusieurs-mac-de-bureau-et-portables-sous-arm-lannee-prochaine\/","title":{"rendered":"Apple pourrait introduire plusieurs Mac de bureau et portables sous ARM l\u2019ann\u00e9e prochaine"},"content":{"rendered":"<p> [ad_1]<br \/>\n<br \/><img decoding=\"async\" src=\"https:\/\/img.bfmtv.com\/i\/0\/0\/471\/387e91323cb98120bc79a257af669.jpg\" \/><\/p>\n<div itemprop=\"articleBody\">\n<p>Ming Chi-Kuo a encore frapp\u00e9\u00a0! L\u2019analyste sp\u00e9cialis\u00e9 dans les faits et gestes d\u2019Apple vient de pr\u00e9ciser dans une note de recherche aux investisseurs que, selon lui (et ses sources), Apple pr\u00e9parerait le lancement de plusieurs Mac l\u2019ann\u00e9e prochaine, de bureau et portables, qui fonctionneront gr\u00e2ce \u00e0 une puce ARM et non \u00e0 un processeur Intel.<\/p>\n<p>Il y a environ deux semaines, Ming Chi-Kuo indiquait que les <a href=\"https:\/\/www.01net.com\/actualites\/les-premiers-mac-a-processeurs-arm-pourraient-arriver-des-la-fin-d-annee-1873584.html\">Mac sous ARM<\/a> pouvaient \u00eatre attendus \u00e0 partir de la fin d\u2019ann\u00e9e ou du d\u00e9but de l\u2019ann\u00e9e prochaine. Il n\u2019avait jusqu\u2019\u00e0 pr\u00e9sent pas pr\u00e9cis\u00e9 l\u2019\u00e9tendu de la transition. Il semblerait donc qu\u2019Apple n\u2019envisage pas de seulement cantonner ses puces \u00e0 ses MacBook (en d\u00e9sh\u00e9rence) ou ses MacBook Air mais pourrait basculer toutes ses gammes vers des processeurs ARM con\u00e7us par ses ing\u00e9nieurs.<\/p>\n<aside class=\"bg-color-0 padding-inside-all-s bloc border-s\">\n<h4 class=\"box-txt-normal\">\n<p><strong>A d\u00e9couvrir aussi en vid\u00e9o<\/strong><\/p>\n<\/h4>\n<\/aside>\n<p>Selon l\u2019analyste, cette bascule vers des puces ARM maison pourrait donner un avantage strat\u00e9gique aux produits Apple. Au-del\u00e0 de la question de la meilleure int\u00e9gration, il sera surtout possible pour la firme de Cupertino de bien mieux ma\u00eetriser les cycles de mise \u00e0 jour de ses produits puisqu\u2019elle ne sera plus soumise aux al\u00e9as du d\u00e9veloppement des processeurs d\u2019Intel.<\/p>\n<p>Ming Chi-Kuo souligne \u00e9galement un autre point int\u00e9ressant. Bien que la R&amp;D n\u00e9cessaire au d\u00e9veloppement d\u2019un processeur soit co\u00fbteuse, elle est d\u00e9j\u00e0 assum\u00e9e par Apple pour les iDevices. Le passage des Mac \u00e0 ARM pourrait donc r\u00e9duire de 40 \u00e0 60% le prix des processeurs, ce qui autoriserait Apple \u00e0 baisser ses prix en maintenant ses marges ou \u00e0 augmenter ses marges\u2026<br \/>Enfin, cela mettrait fin \u00e0 la comparaison directe \u00e0 laquelle sont soumis les Mac depuis la bascule du PowerPC vers Intel. Les Mac seraient \u00e0 nouveau diff\u00e9rents et Apple pourrait y introduire plus facilement des technologies diff\u00e9renciatrices de la concurrence.<\/p>\n<p>Reste maintenant \u00e0 savoir si la grande transhumance, qui va demander de belles \u00e9volutions c\u00f4t\u00e9 logiciel, va \u00eatre initi\u00e9e et pr\u00e9sent\u00e9e lors de la <a href=\"https:\/\/www.01net.com\/actualites\/coronavirus-la-wwdc-d-apple-remplacee-par-une-conference-en-streaming-1874584.html\" target=\"_blank\" rel=\"noopener noreferrer\">WWDC \u00ab\u00a0d\u00e9mat\u00e9rialis\u00e9e\u00a0\u00bb<\/a> qui aura lieu en juin prochain.<\/p>\n<p><strong>Source\u00a0:<\/strong> <a href=\"https:\/\/www.macrumors.com\/2020\/03\/26\/kuo-several-arm-based-macs-2021\/\">MacRumors<\/a><\/p>\n<\/p><\/div>\n<p><script>\n         !function(f,b,e,v,n,t,s){if(f.fbq)return;n=f.fbq=function()\n         {n.callMethod? n.callMethod.apply(n,arguments):n.queue.push(arguments)}\n         ;if(!f._fbq)f._fbq=n;\n             n.push=n;n.loaded=!0;n.version='2.0';n.queue=[];t=b.createElement(e);t.async=!0;\n             t.src=v;s=b.getElementsByTagName(e)[0];s.parentNode.insertBefore(t,s)}(window,\n                 document,'script','https:\/\/connect.facebook.net\/en_US\/fbevents.js');\n         fbq('init', '1065890633454496');\n         fbq('track', 'PageView');\n     <\/script><br \/>\n<br \/>[ad_2]<br \/>\n<br \/><a href=\"https:\/\/www.01net.com\/actualites\/apple-pourrait-introduire-plusieurs-mac-de-bureau-et-portables-sous-arm-l-annee-prochaine-1883183.html\">Source link <\/a><\/p>\n","protected":false},"excerpt":{"rendered":"<p>[ad_1] Ming Chi-Kuo a encore frapp\u00e9\u00a0! L\u2019analyste sp\u00e9cialis\u00e9 dans les faits et gestes d\u2019Apple vient de pr\u00e9ciser dans une note &hellip; <a href=\"http:\/\/www.affinite.fr\/index.php\/2020\/03\/27\/apple-pourrait-introduire-plusieurs-mac-de-bureau-et-portables-sous-arm-lannee-prochaine\/\" class=\"more-link\">Plus <span class=\"screen-reader-text\">Apple pourrait introduire plusieurs Mac de bureau et portables sous ARM l\u2019ann\u00e9e prochaine<\/span> <span class=\"meta-nav\">&rarr;<\/span><\/a><\/p>\n","protected":false},"author":1,"featured_media":1200,"comment_status":"open","ping_status":"open","sticky":false,"template":"","format":"standard","meta":{"_sitemap_exclude":false,"_sitemap_priority":"","_sitemap_frequency":"","footnotes":""},"categories":[1],"tags":[],"class_list":["post-1199","post","type-post","status-publish","format-standard","has-post-thumbnail","hentry","category-tous"],"_links":{"self":[{"href":"http:\/\/www.affinite.fr\/index.php\/wp-json\/wp\/v2\/posts\/1199"}],"collection":[{"href":"http:\/\/www.affinite.fr\/index.php\/wp-json\/wp\/v2\/posts"}],"about":[{"href":"http:\/\/www.affinite.fr\/index.php\/wp-json\/wp\/v2\/types\/post"}],"author":[{"embeddable":true,"href":"http:\/\/www.affinite.fr\/index.php\/wp-json\/wp\/v2\/users\/1"}],"replies":[{"embeddable":true,"href":"http:\/\/www.affinite.fr\/index.php\/wp-json\/wp\/v2\/comments?post=1199"}],"version-history":[{"count":0,"href":"http:\/\/www.affinite.fr\/index.php\/wp-json\/wp\/v2\/posts\/1199\/revisions"}],"wp:featuredmedia":[{"embeddable":true,"href":"http:\/\/www.affinite.fr\/index.php\/wp-json\/wp\/v2\/media\/1200"}],"wp:attachment":[{"href":"http:\/\/www.affinite.fr\/index.php\/wp-json\/wp\/v2\/media?parent=1199"}],"wp:term":[{"taxonomy":"category","embeddable":true,"href":"http:\/\/www.affinite.fr\/index.php\/wp-json\/wp\/v2\/categories?post=1199"},{"taxonomy":"post_tag","embeddable":true,"href":"http:\/\/www.affinite.fr\/index.php\/wp-json\/wp\/v2\/tags?post=1199"}],"curies":[{"name":"wp","href":"https:\/\/api.w.org\/{rel}","templated":true}]}}