{"id":11965,"date":"2025-08-16T14:17:49","date_gmt":"2025-08-16T14:17:49","guid":{"rendered":"https:\/\/www.affinite.fr\/index.php\/2025\/08\/16\/gateau-aux-peches-sans-gluten-ni-lactose-ni-oeuf\/"},"modified":"2025-08-16T14:17:49","modified_gmt":"2025-08-16T14:17:49","slug":"gateau-aux-peches-sans-gluten-ni-lactose-ni-oeuf","status":"publish","type":"post","link":"http:\/\/www.affinite.fr\/index.php\/2025\/08\/16\/gateau-aux-peches-sans-gluten-ni-lactose-ni-oeuf\/","title":{"rendered":"G\u00e2teau aux p\u00eaches sans gluten ni lactose ni oeuf"},"content":{"rendered":"<p> [ad_1]<br \/>\n<\/p>\n<div>\n\t\t\t\t\t<!-- FeedbackWP Plugin - Results Widget --><\/p>\n<p itemprop=\"description\">Ce g\u00e2teau aux p\u00eaches sans gluten ni lactose est une invitation \u00e0 la douceur estivale. Moelleux, l\u00e9ger, fruit\u00e9 et digeste, il r\u00e9unit tout ce qu\u2019on aime dans un dessert maison, sans compromis pour les intol\u00e9rants au gluten ou au lactose. C\u2019est la recette id\u00e9ale pour mettre en valeur les fruits m\u00fbrs de saison \u2013 p\u00eaches jaunes, p\u00eaches blanches, ou m\u00eame nectarines \u2013 tout en respectant une alimentation saine et \u00e9quilibr\u00e9e. Que vous suiviez un r\u00e9gime sp\u00e9cifique ou que vous cherchiez simplement une alternative plus l\u00e9g\u00e8re, ce <strong>g\u00e2teau moelleux aux p\u00eaches sans gluten ni lactose<\/strong> fera l\u2019unanimit\u00e9 \u00e0 l\u2019heure du go\u00fbter ou en fin de repas.<\/p>\n<p>La base de la p\u00e2te est simple et sans ingr\u00e9dients compliqu\u00e9s\u202f: un m\u00e9lange de farine de riz et de f\u00e9cule, une boisson v\u00e9g\u00e9tale, un peu d\u2019huile douce, et le tour est jou\u00e9. Le r\u00e9sultat\u202f? Une texture souple et moelleuse, qui met parfaitement en valeur la douceur des p\u00eaches. Cette recette est naturellement v\u00e9g\u00e9talienne (sans \u0153ufs ni produits laitiers), ce qui la rend accessible \u00e0 tous et tr\u00e8s facile \u00e0 dig\u00e9rer. Et si vous pr\u00e9f\u00e9rez varier, vous pouvez adapter la recette avec d\u2019autres fruits : abricots, poires, prunes ou figues fra\u00eeches feront merveille.<\/p>\n<p>Ce <strong>g\u00e2teau aux p\u00eaches sans lait ni bl\u00e9<\/strong> se pr\u00e9pare en un clin d\u2019\u0153il, avec des ingr\u00e9dients simples que vous avez s\u00fbrement d\u00e9j\u00e0 dans vos placards. Il cuit rapidement et se conserve tr\u00e8s bien pendant 2 \u00e0 3 jours, ce qui en fait un excellent choix pour les go\u00fbters maison, les pique-niques ou m\u00eame pour emporter en voyage. Il peut se servir ti\u00e8de, \u00e0 temp\u00e9rature ambiante, ou accompagn\u00e9 d\u2019un peu de compote, d\u2019un coulis ou d\u2019un yaourt v\u00e9g\u00e9tal pour une touche gourmande.<\/p>\n<p>Les p\u00eaches, riches en eau et en fibres, apportent une note sucr\u00e9e naturelle \u00e0 ce g\u00e2teau, ce qui permet de limiter l\u2019ajout de sucre sans sacrifier la saveur. On peut m\u00eame y glisser un soup\u00e7on de vanille, de fleur d\u2019oranger ou de cannelle pour varier les plaisirs. Bref, une recette simple, saine, rapide et toujours appr\u00e9ci\u00e9e.<\/p>\n<p>Avec ce <strong>g\u00e2teau moelleux aux p\u00eaches sans gluten ni lactose<\/strong>, vous avez une base adaptable, l\u00e9g\u00e8re, et d\u00e9licieuse \u00e0 souhait. \u00c0 tester sans attendre, avec les enfants, en famille ou entre amis !<\/p>\n<h2>G\u00e2teau aux p\u00eaches sans gluten ni lactose ni oeuf<\/h2>\n<ul class=\"typerect\" itemprop=\"recipeCuisine\">&#13;<\/p>\n<li class=\"ssgluten\">&#13;\n  <link itemprop=\"suitableForDiet\" href=\"https:\/\/schema.org\/GlutenFreeDiet\"\/>&#13;<br \/>\n  <span>Recette sans gluten<\/span>&#13;\n<\/li>\n<p>&#13;<\/p>\n<li class=\"sslait\">&#13;\n  <link itemprop=\"suitableForDiet\" href=\"https:\/\/schema.org\/LowLactoseDiet\"\/>&#13;<br \/>\n  <span>Recette sans lactose<\/span>&#13;\n<\/li>\n<p>&#13;<\/p>\n<li class=\"vege\">&#13;\n  <link itemprop=\"suitableForDiet\" href=\"https:\/\/schema.org\/VeganDiet\"\/>&#13;<br \/>\n  <span>Recette vegan<\/span>&#13;\n<\/li>\n<p>&#13;\n<\/ul>\n<div id=\"attachment_117989\" style=\"width: 1034px\" class=\"wp-caption alignnone\"><img loading=\"lazy\" decoding=\"async\" aria-describedby=\"caption-attachment-117989\" alt=\"G\u00e2teau aux p\u00eaches sans gluten ni lactose ni oeuf\" width=\"1024\" height=\"1536\" itemprop=\"image\" src=\"https:\/\/cuisine-saine.fr\/wp-content\/uploads\/2025\/07\/gateau-peche-sans-gluten-sans-lactose.jpg\"\/><noscript><img loading=\"lazy\" decoding=\"async\" aria-describedby=\"caption-attachment-117989\" src=\"https:\/\/cuisine-saine.fr\/wp-content\/uploads\/2025\/07\/gateau-peche-sans-gluten-sans-lactose.jpg\" alt=\"G\u00e2teau aux p\u00eaches sans gluten ni lactose ni oeuf\" width=\"1024\" height=\"1536\" itemprop=\"image\"\/><\/noscript><\/p>\n<p id=\"caption-attachment-117989\" class=\"wp-caption-text\">G\u00e2teau aux p\u00eaches sans gluten ni lactose ni oeuf<\/p>\n<\/div>\n<div class=\"intro\">\n<p itemprop=\"recipeCategory\">Dessert \u2013 G\u00e2teau moelleux<\/p>\n<p class=\"temps\">&#13;<br \/>\n  <strong class=\"yield\" itemprop=\"recipeYield\">Pour 6 \u00e0 8 parts<\/strong><br \/>&#13;<br \/>\n  <strong>Temps de pr\u00e9paration<\/strong> : <time datetime=\"PT15M\" itemprop=\"prepTime\">15 min<\/time><br \/>&#13;<br \/>\n  <strong>Temps de cuisson<\/strong> : <time datetime=\"PT35M\" itemprop=\"cookTime\">35 min<\/time><br \/>&#13;\n<\/p>\n<\/div>\n<div class=\"ingredient\">\n<h3 class=\"listetitre\">Ingr\u00e9dients<\/h3>\n<ul class=\"listeingredient\">&#13;<\/p>\n<li class=\"ingredient\" itemprop=\"recipeIngredient\">3 p\u00eaches m\u00fbres (ou 250 g de p\u00eaches au sirop bien \u00e9goutt\u00e9es)<\/li>\n<p>&#13;<\/p>\n<li class=\"ingredient\" itemprop=\"recipeIngredient\">150 g de farine de riz<\/li>\n<p>&#13;<\/p>\n<li class=\"ingredient\" itemprop=\"recipeIngredient\">50 g de f\u00e9cule de ma\u00efs<\/li>\n<p>&#13;<\/p>\n<li class=\"ingredient\" itemprop=\"recipeIngredient\">70 g de sucre complet<\/li>\n<p>&#13;<\/p>\n<li class=\"ingredient\" itemprop=\"recipeIngredient\">60 ml d\u2019huile v\u00e9g\u00e9tale douce (p\u00e9pin de raisin ou coco fondue)<\/li>\n<p>&#13;<\/p>\n<li class=\"ingredient\" itemprop=\"recipeIngredient\">150 ml de boisson v\u00e9g\u00e9tale (amande, riz ou avoine sans gluten)<\/li>\n<p>&#13;<\/p>\n<li class=\"ingredient\" itemprop=\"recipeIngredient\">1 sachet de poudre \u00e0 lever sans gluten<\/li>\n<p>&#13;<\/p>\n<li class=\"ingredient\" itemprop=\"recipeIngredient\">1 c. \u00e0 caf\u00e9 d\u2019extrait de vanille ou de fleur d\u2019oranger (facultatif)<\/li>\n<p>&#13;<\/p>\n<li class=\"ingredient\" itemprop=\"recipeIngredient\">1 pinc\u00e9e de sel<\/li>\n<p>&#13;\n<\/ul>\n<\/div>\n<ol class=\"recette\" itemprop=\"recipeInstructions\">&#13;<\/p>\n<li itemprop=\"step\">Pr\u00e9chauffez le four \u00e0 180\u202f\u00b0C (th. 6). Huilez un moule rond de 20 cm de diam\u00e8tre ou chemisez-le de papier cuisson.<\/li>\n<p>&#13;<\/p>\n<li itemprop=\"step\">Dans un saladier, m\u00e9langez la farine, la f\u00e9cule, le sucre, la levure et le sel.<\/li>\n<p>&#13;<\/p>\n<li itemprop=\"step\">Ajoutez l\u2019huile, la boisson v\u00e9g\u00e9tale et l\u2019extrait de vanille. M\u00e9langez jusqu\u2019\u00e0 obtention d\u2019une p\u00e2te homog\u00e8ne.<\/li>\n<p>&#13;<\/p>\n<li itemprop=\"step\">Versez la moiti\u00e9 de la p\u00e2te dans le moule. Disposez la moiti\u00e9 des p\u00eaches coup\u00e9es en lamelles. Recouvrez du reste de p\u00e2te et ajoutez le reste des p\u00eaches sur le dessus.<\/li>\n<p>&#13;<\/p>\n<li itemprop=\"step\">Enfournez pour 35 minutes environ. V\u00e9rifiez la cuisson avec la lame d\u2019un couteau.<\/li>\n<p>&#13;<\/p>\n<li itemprop=\"step\">Laissez ti\u00e9dir avant de d\u00e9mouler. \u00c0 d\u00e9guster ti\u00e8de ou froid.<\/li>\n<p>&#13;\n<\/ol>\n<h3 class=\"conseil\">Le conseil de Karen<\/h3>\n<div class=\"conkar\">\n<p>Ce g\u00e2teau se conserve 3 jours au frais dans une bo\u00eete herm\u00e9tique. Il est encore meilleur le lendemain, quand les ar\u00f4mes se sont d\u00e9velopp\u00e9s.<\/p>\n<\/div>\n<h3 class=\"astuces\">Astuces de la recette<\/h3>\n<div class=\"conkar\">\n<p>Remplacez les p\u00eaches par des abricots, des poires ou des prunes selon la saison. Pour un g\u00e2teau plus gourmand, ajoutez 1 c. \u00e0 soupe de pur\u00e9e d\u2019amande blanche \u00e0 la p\u00e2te.<\/p>\n<\/div>\n<h3>Valeurs nutritionnelles (pour 1 part sur 8 de g\u00e2teau aux p\u00eaches sans gluten ni lactose)<\/h3>\n<table itemprop=\"nutrition\" itemscope=\"\" itemtype=\"https:\/\/schema.org\/NutritionInformation\">&#13;<\/p>\n<tr>\n<th>Calories<\/th>\n<td><span itemprop=\"calories\">180 kcal<\/span><\/td>\n<\/tr>\n<p>&#13;<\/p>\n<tr>\n<th>Glucides<\/th>\n<td><span itemprop=\"carbohydrateContent\">24 g<\/span><\/td>\n<\/tr>\n<p>&#13;<\/p>\n<tr>\n<th>Dont sucres<\/th>\n<td><span itemprop=\"sugarContent\">10 g<\/span><\/td>\n<\/tr>\n<p>&#13;<\/p>\n<tr>\n<th>Prot\u00e9ines<\/th>\n<td><span itemprop=\"proteinContent\">2 g<\/span><\/td>\n<\/tr>\n<p>&#13;<\/p>\n<tr>\n<th>Lipides<\/th>\n<td><span itemprop=\"fatContent\">8 g<\/span><\/td>\n<\/tr>\n<p>&#13;<\/p>\n<tr>\n<th>Fibres<\/th>\n<td><span itemprop=\"fiberContent\">1.5 g<\/span><\/td>\n<\/tr>\n<p>&#13;<\/p>\n<tr>\n<th>Sodium<\/th>\n<td><span itemprop=\"sodiumContent\">30 mg<\/span><\/td>\n<\/tr>\n<p>&#13;<br \/>\n<\/table>\n<h3>FAQ \u2013 G\u00e2teau aux p\u00eaches sans gluten ni lactose<\/h3>\n<div itemscope=\"\" itemtype=\"https:\/\/schema.org\/FAQPage\">\n<div itemscope=\"\" itemprop=\"mainEntity\" itemtype=\"https:\/\/schema.org\/Question\">\n<h4 itemprop=\"name\">Peut-on utiliser des p\u00eaches en conserve ?<\/h4>\n<div itemscope=\"\" itemprop=\"acceptedAnswer\" itemtype=\"https:\/\/schema.org\/Answer\">\n<p itemprop=\"text\">Oui, bien \u00e9goutt\u00e9es. Choisissez-les au sirop l\u00e9ger ou faites vos propres conserves maison pour un r\u00e9sultat optimal.<\/p>\n<\/p><\/div>\n<\/p><\/div>\n<div itemscope=\"\" itemprop=\"mainEntity\" itemtype=\"https:\/\/schema.org\/Question\">\n<h4 itemprop=\"name\">La recette fonctionne-t-elle avec une autre boisson v\u00e9g\u00e9tale ?<\/h4>\n<div itemscope=\"\" itemprop=\"acceptedAnswer\" itemtype=\"https:\/\/schema.org\/Answer\">\n<p itemprop=\"text\">Oui, utilisez celle que vous aimez tant qu\u2019elle est sans sucre ajout\u00e9 et sans gluten si besoin (amande, riz, soja, etc.).<\/p>\n<\/p><\/div>\n<\/p><\/div>\n<div itemscope=\"\" itemprop=\"mainEntity\" itemtype=\"https:\/\/schema.org\/Question\">\n<h4 itemprop=\"name\">Peut-on congeler ce g\u00e2teau ?<\/h4>\n<div itemscope=\"\" itemprop=\"acceptedAnswer\" itemtype=\"https:\/\/schema.org\/Answer\">\n<p itemprop=\"text\">Oui, en parts individuelles bien emball\u00e9es. Il se d\u00e9cong\u00e8le \u00e0 temp\u00e9rature ambiante ou au four doux.<\/p>\n<\/p><\/div>\n<\/p><\/div>\n<\/div>\n<p><!-- FeedbackWP Plugin --><span class=\"et_bloom_bottom_trigger\"\/>\t\t\t\t\t<\/div>\n<p>[ad_2]<br \/>\n<br \/><a href=\"https:\/\/cuisine-saine.fr\/recette-sans-gluten-ni-lait\/gateau-aux-peches\/\">Source link <\/a><\/p>\n","protected":false},"excerpt":{"rendered":"<p>[ad_1] Ce g\u00e2teau aux p\u00eaches sans gluten ni lactose est une invitation \u00e0 la douceur estivale. Moelleux, l\u00e9ger, fruit\u00e9 et &hellip; <a href=\"http:\/\/www.affinite.fr\/index.php\/2025\/08\/16\/gateau-aux-peches-sans-gluten-ni-lactose-ni-oeuf\/\" class=\"more-link\">Plus <span class=\"screen-reader-text\">G\u00e2teau aux p\u00eaches sans gluten ni lactose ni oeuf<\/span> <span class=\"meta-nav\">&rarr;<\/span><\/a><\/p>\n","protected":false},"author":1,"featured_media":11966,"comment_status":"","ping_status":"open","sticky":false,"template":"","format":"standard","meta":{"_sitemap_exclude":false,"_sitemap_priority":"","_sitemap_frequency":"","footnotes":""},"categories":[1],"tags":[],"class_list":["post-11965","post","type-post","status-publish","format-standard","has-post-thumbnail","hentry","category-tous"],"_links":{"self":[{"href":"http:\/\/www.affinite.fr\/index.php\/wp-json\/wp\/v2\/posts\/11965"}],"collection":[{"href":"http:\/\/www.affinite.fr\/index.php\/wp-json\/wp\/v2\/posts"}],"about":[{"href":"http:\/\/www.affinite.fr\/index.php\/wp-json\/wp\/v2\/types\/post"}],"author":[{"embeddable":true,"href":"http:\/\/www.affinite.fr\/index.php\/wp-json\/wp\/v2\/users\/1"}],"replies":[{"embeddable":true,"href":"http:\/\/www.affinite.fr\/index.php\/wp-json\/wp\/v2\/comments?post=11965"}],"version-history":[{"count":0,"href":"http:\/\/www.affinite.fr\/index.php\/wp-json\/wp\/v2\/posts\/11965\/revisions"}],"wp:featuredmedia":[{"embeddable":true,"href":"http:\/\/www.affinite.fr\/index.php\/wp-json\/wp\/v2\/media\/11966"}],"wp:attachment":[{"href":"http:\/\/www.affinite.fr\/index.php\/wp-json\/wp\/v2\/media?parent=11965"}],"wp:term":[{"taxonomy":"category","embeddable":true,"href":"http:\/\/www.affinite.fr\/index.php\/wp-json\/wp\/v2\/categories?post=11965"},{"taxonomy":"post_tag","embeddable":true,"href":"http:\/\/www.affinite.fr\/index.php\/wp-json\/wp\/v2\/tags?post=11965"}],"curies":[{"name":"wp","href":"https:\/\/api.w.org\/{rel}","templated":true}]}}