{"id":11949,"date":"2025-08-13T02:11:20","date_gmt":"2025-08-13T02:11:20","guid":{"rendered":"http:\/\/www.affinite.fr\/index.php\/2025\/08\/13\/comment-bien-choisir-et-utiliser-vos-probiotiques\/"},"modified":"2025-08-13T02:11:20","modified_gmt":"2025-08-13T02:11:20","slug":"comment-bien-choisir-et-utiliser-vos-probiotiques","status":"publish","type":"post","link":"http:\/\/www.affinite.fr\/index.php\/2025\/08\/13\/comment-bien-choisir-et-utiliser-vos-probiotiques\/","title":{"rendered":"Comment bien choisir et utiliser vos probiotiques"},"content":{"rendered":"<p> [ad_1]<br \/>\n<\/p>\n<div>\n\t\t\t\t\t<!-- FeedbackWP Plugin - Results Widget -->        <\/p>\n<section>&#13;<\/p>\n<p>Les probiotiques ont consid\u00e9rablement \u00e9volu\u00e9 depuis la publication de votre article initial. Les recherches r\u00e9centes offrent d\u00e9sormais des recommandations plus pr\u00e9cises sur les souches sp\u00e9cifiques et leurs applications th\u00e9rapeutiques. Voici un guide actualis\u00e9 bas\u00e9 sur les derni\u00e8res \u00e9tudes scientifiques.<\/p>\n<p>&#13;<br \/>\n        <\/section>\n<div id=\"attachment_118281\" style=\"width: 1034px\" class=\"wp-caption alignnone\"><img loading=\"lazy\" decoding=\"async\" aria-describedby=\"caption-attachment-118281\" alt=\"Comment bien choisir et utiliser vos probiotiques : guide complet 2025\" width=\"1024\" height=\"1536\" itemprop=\"image\" src=\"https:\/\/cuisine-saine.fr\/wp-content\/uploads\/2017\/05\/comment-choisir-probiotique.jpg\"\/><noscript><img loading=\"lazy\" decoding=\"async\" aria-describedby=\"caption-attachment-118281\" src=\"https:\/\/cuisine-saine.fr\/wp-content\/uploads\/2017\/05\/comment-choisir-probiotique.jpg\" alt=\"Comment bien choisir et utiliser vos probiotiques : guide complet 2025\" width=\"1024\" height=\"1536\" itemprop=\"image\"\/><\/noscript><\/p>\n<p id=\"caption-attachment-118281\" class=\"wp-caption-text\">Comment bien choisir et utiliser vos probiotiques : guide complet 2025<\/p>\n<\/div>\n<section>&#13;<\/p>\n<h2>Qu\u2019est-ce qu\u2019un probiotique efficace ?<\/h2>\n<p>&#13;<\/p>\n<p>Selon la d\u00e9finition de l\u2019OMS, qui reste d\u2019actualit\u00e9, les probiotiques sont des microorganismes vivants qui, lorsqu\u2019ils sont administr\u00e9s en quantit\u00e9s ad\u00e9quates, exercent une action b\u00e9n\u00e9fique sur la sant\u00e9 de l\u2019h\u00f4te. Cette d\u00e9finition souligne trois crit\u00e8res essentiels :<\/p>\n<p>&#13;<\/p>\n<ul>&#13;<\/p>\n<li><strong>La viabilit\u00e9<\/strong> : les bact\u00e9ries doivent \u00eatre vivantes et capables de survivre au transit gastro-intestinal. Cependant, des \u00e9tudes r\u00e9centes montrent que certaines souches inactiv\u00e9es par la chaleur, comme Bifidobacterium bifidum MIMBb75, conservent leur efficacit\u00e9.<\/li>\n<p>&#13;<\/p>\n<li><strong>La quantit\u00e9 ad\u00e9quate<\/strong> : le seuil minimum reste fix\u00e9 \u00e0 2 milliards de bact\u00e9ries par prise d\u2019une seule souche. Les m\u00e9langes multisouches doivent contenir cette quantit\u00e9 pour chaque souche individuellement.<\/li>\n<p>&#13;<\/p>\n<li><strong>Le b\u00e9n\u00e9fice d\u00e9montr\u00e9<\/strong> : contrairement aux ann\u00e9es pr\u00e9c\u00e9dentes, nous disposons maintenant de donn\u00e9es cliniques solides pour des souches sp\u00e9cifiques.<\/li>\n<p>&#13;\n            <\/ul>\n<p>&#13;<br \/>\n        <\/section>\n<section>&#13;<\/p>\n<h2>Les souches avec efficacit\u00e9 clinique d\u00e9montr\u00e9e<\/h2>\n<p>&#13;<br \/>\n&#13;<\/p>\n<div id=\"attachment_118282\" style=\"width: 797px\" class=\"wp-caption alignnone\"><img loading=\"lazy\" decoding=\"async\" aria-describedby=\"caption-attachment-118282\" alt=\"Les souches avec efficacit\u00e9 clinique d\u00e9montr\u00e9e\" width=\"787\" height=\"791\" class=\"size-full wp-image-118282\" srcset=\"https:\/\/cuisine-saine.fr\/wp-content\/uploads\/2017\/05\/bacterie-probiotique.jpg 787w, https:\/\/cuisine-saine.fr\/wp-content\/uploads\/2017\/05\/bacterie-probiotique-480x482.jpg 480w\" data-lazy-sizes=\"(min-width: 0px) and (max-width: 480px) 480px, (min-width: 481px) 787px, 100vw\" src=\"https:\/\/cuisine-saine.fr\/wp-content\/uploads\/2017\/05\/bacterie-probiotique.jpg\"\/><noscript><img loading=\"lazy\" decoding=\"async\" aria-describedby=\"caption-attachment-118282\" src=\"https:\/\/cuisine-saine.fr\/wp-content\/uploads\/2017\/05\/bacterie-probiotique.jpg\" alt=\"Les souches avec efficacit\u00e9 clinique d\u00e9montr\u00e9e\" width=\"787\" height=\"791\" class=\"size-full wp-image-118282\" srcset=\"https:\/\/cuisine-saine.fr\/wp-content\/uploads\/2017\/05\/bacterie-probiotique.jpg 787w, https:\/\/cuisine-saine.fr\/wp-content\/uploads\/2017\/05\/bacterie-probiotique-480x482.jpg 480w\" sizes=\"(min-width: 0px) and (max-width: 480px) 480px, (min-width: 481px) 787px, 100vw\"\/><\/noscript><\/p>\n<p id=\"caption-attachment-118282\" class=\"wp-caption-text\">Les souches avec efficacit\u00e9 clinique d\u00e9montr\u00e9e<\/p>\n<\/div>\n<p>&#13;<br \/>\n&#13;<\/p>\n<h3>Pour les troubles digestifs aigus<\/h3>\n<p>&#13;<\/p>\n<p><strong>Saccharomyces boulardii CNCM I-745<\/strong> demeure la r\u00e9f\u00e9rence absolue avec 90 \u00e9tudes cliniques randomis\u00e9es men\u00e9es entre 1976 et 2015. Cette levure probiotique excelle dans :<\/p>\n<p>&#13;<\/p>\n<ul>&#13;<\/p>\n<li><strong>La pr\u00e9vention de la diarrh\u00e9e associ\u00e9e aux antibiotiques<\/strong> (r\u00e9duction du risque de 22,4% \u00e0 12,3%)<\/li>\n<p>&#13;<\/p>\n<li><strong>Le traitement de la diarrh\u00e9e aigu\u00eb p\u00e9diatrique<\/strong><\/li>\n<p>&#13;<\/p>\n<li><strong>Le support lors d\u2019\u00e9radication d\u2019Helicobacter pylori<\/strong><\/li>\n<p>&#13;\n            <\/ul>\n<p>&#13;<\/p>\n<p>Sa posologie recommand\u00e9e est de 250-500 mg, 2 \u00e0 3 fois par jour, pendant toute la dur\u00e9e du traitement antibiotique plus 1 \u00e0 2 semaines.<\/p>\n<p>&#13;<br \/>\n&#13;<\/p>\n<h3>Lactobacillus acidophilus LB<\/h3>\n<p>&#13;<\/p>\n<p><strong>Lactobacillus acidophilus LB<\/strong> pr\u00e9sente \u00e9galement une efficacit\u00e9 clinique \u00e9tablie, particuli\u00e8rement pour raccourcir la dur\u00e9e des \u00e9pisodes diarrh\u00e9iques. Dans les \u00e9tudes p\u00e9diatriques, cette souche a r\u00e9duit la dur\u00e9e de la diarrh\u00e9e de 67,8 heures (placebo) \u00e0 41,1 heures (traitement).<\/p>\n<p>&#13;<br \/>\n&#13;<\/p>\n<h2>Pour le syndrome de l\u2019intestin irritable<\/h2>\n<p>&#13;<\/p>\n<p>Les recherches r\u00e9centes ont identifi\u00e9 des souches sp\u00e9cifiques pour le SII :<\/p>\n<p>&#13;<\/p>\n<ul>&#13;<\/p>\n<li><strong>Bifidobacterium longum 35624<\/strong> (commercialis\u00e9 sous le nom Align) a d\u00e9montr\u00e9 son efficacit\u00e9 dans deux \u00e9tudes cliniques majeures totalisant 439 patients. Cette souche :<\/li>\n<p>&#13;<\/p>\n<ul>&#13;<\/p>\n<li>Normalise le ratio de cytokines IL-10\/IL-12, indicateur d\u2019inflammation<\/li>\n<p>&#13;<\/p>\n<li>Am\u00e9liore significativement les scores de douleur, ballonnements et qualit\u00e9 de vie<\/li>\n<p>&#13;<\/p>\n<li>S\u2019av\u00e8re efficace \u00e0 la dose optimale de 1\u00d710\u2078 UFC par jour pendant 4 \u00e0 8 semaines<\/li>\n<p>&#13;\n                <\/ul>\n<p>&#13;<\/p>\n<li><strong>Lactobacillus plantarum 299v<\/strong> montre une efficacit\u00e9 particuli\u00e8re pour les sous-types SII avec diarrh\u00e9e. Les \u00e9tudes cliniques rapportent une r\u00e9duction significative de la fr\u00e9quence des douleurs abdominales apr\u00e8s 4 semaines de traitement.<\/li>\n<p>&#13;\n            <\/ul>\n<p>&#13;<br \/>\n        <\/section>\n<section>&#13;<\/p>\n<h2>Les nouvelles g\u00e9n\u00e9rations : probiotiques d\u2019avenir<\/h2>\n<p>&#13;<\/p>\n<p><strong>Akkermansia muciniphila<\/strong> repr\u00e9sente l\u2019avant-garde des probiotiques de nouvelle g\u00e9n\u00e9ration. Cette bact\u00e9rie mucin-d\u00e9gradante :<\/p>\n<p>&#13;<\/p>\n<ul>&#13;<\/p>\n<li>Renforce la barri\u00e8re intestinale en \u00e9paississant la couche de mucus<\/li>\n<p>&#13;<\/p>\n<li>Am\u00e9liore la sensibilit\u00e9 \u00e0 l\u2019insuline et r\u00e9duit l\u2019inflammation m\u00e9tabolique<\/li>\n<p>&#13;<\/p>\n<li>A obtenu l\u2019approbation EFSA comme nouvel aliment s\u00fbr sous forme pasteuris\u00e9e<\/li>\n<p>&#13;\n            <\/ul>\n<p>&#13;<\/p>\n<p>Bien que les essais cliniques humains soient encore limit\u00e9s, les r\u00e9sultats pr\u00e9cliniques sont prometteurs pour l\u2019ob\u00e9sit\u00e9, le diab\u00e8te de type 2 et les troubles m\u00e9taboliques.<\/p>\n<p>&#13;<br \/>\n        <\/section>\n<section>&#13;<\/p>\n<h2>Tableau r\u00e9capitulatif des souches et applications<\/h2>\n<p>&#13;<\/p>\n<table border=\"1\" cellpadding=\"10\" cellspacing=\"0\">&#13;<\/p>\n<thead>&#13;<\/p>\n<tr>&#13;<\/p>\n<th>Souche probiotique<\/th>\n<p>&#13;<\/p>\n<th>Indications principales<\/th>\n<p>&#13;<\/p>\n<th>Efficacit\u00e9 clinique<\/th>\n<p>&#13;<\/p>\n<th>Posologie recommand\u00e9e<\/th>\n<p>&#13;<\/p>\n<th>Dur\u00e9e traitement<\/th>\n<p>&#13;<br \/>\n                    <\/tr>\n<p>&#13;\n                <\/thead>\n<p>&#13;<\/p>\n<tbody>&#13;<\/p>\n<tr>&#13;<\/p>\n<td>S. boulardii CNCM I-745<\/td>\n<p>&#13;<\/p>\n<td>Diarrh\u00e9e antibiotiques, diarrh\u00e9e aigu\u00eb, H. pylori<\/td>\n<p>&#13;<\/p>\n<td>Prouv\u00e9e (90 RCT)<\/td>\n<p>&#13;<\/p>\n<td>250-500 mg, 2-3\u00d7\/jour<\/td>\n<p>&#13;<\/p>\n<td>Pendant antibiotique + 1-2 semaines<\/td>\n<p>&#13;<br \/>\n                    <\/tr>\n<p>&#13;<\/p>\n<tr>&#13;<\/p>\n<td>L. rhamnosus GG<\/td>\n<p>&#13;<\/p>\n<td>Diarrh\u00e9e antibiotiques enfants, gastro-ent\u00e9rite<\/td>\n<p>&#13;<\/p>\n<td>Prouv\u00e9e (12 RCT)<\/td>\n<p>&#13;<\/p>\n<td>10\u00b9\u2070 UFC\/jour<\/td>\n<p>&#13;<\/p>\n<td>Pendant antibiotique + 1 semaine<\/td>\n<p>&#13;<br \/>\n                    <\/tr>\n<p>&#13;<\/p>\n<tr>&#13;<\/p>\n<td>B. longum 35624<\/td>\n<p>&#13;<\/p>\n<td>Syndrome intestin irritable, qualit\u00e9 de vie<\/td>\n<p>&#13;<\/p>\n<td>Prouv\u00e9e (2 RCT)<\/td>\n<p>&#13;<\/p>\n<td>1\u00d710\u2078 UFC\/jour<\/td>\n<p>&#13;<\/p>\n<td>4-8 semaines<\/td>\n<p>&#13;<br \/>\n                    <\/tr>\n<p>&#13;<\/p>\n<tr>&#13;<\/p>\n<td>L. acidophilus LB<\/td>\n<p>&#13;<\/p>\n<td>Diarrh\u00e9e aigu\u00eb, chronique, antibiotiques<\/td>\n<p>&#13;<\/p>\n<td>Prouv\u00e9e (multiple RCT)<\/td>\n<p>&#13;<\/p>\n<td>10 milliards UFC\/jour<\/td>\n<p>&#13;<\/p>\n<td>1-4 semaines<\/td>\n<p>&#13;<br \/>\n                    <\/tr>\n<p>&#13;<\/p>\n<tr>&#13;<\/p>\n<td>B. bifidum MIMBb75<\/td>\n<p>&#13;<\/p>\n<td>Syndrome intestin irritable (tous types)<\/td>\n<p>&#13;<\/p>\n<td>Prouv\u00e9e (1 RCT)<\/td>\n<p>&#13;<\/p>\n<td>Selon fabricant<\/td>\n<p>&#13;<\/p>\n<td>4-8 semaines<\/td>\n<p>&#13;<br \/>\n                    <\/tr>\n<p>&#13;<\/p>\n<tr>&#13;<\/p>\n<td>A. muciniphila<\/td>\n<p>&#13;<\/p>\n<td>Ob\u00e9sit\u00e9, diab\u00e8te type 2, m\u00e9tabolisme<\/td>\n<p>&#13;<\/p>\n<td>Prometteuse<\/td>\n<p>&#13;<\/p>\n<td>En cours d\u2019\u00e9tude<\/td>\n<p>&#13;<\/p>\n<td>En cours d\u2019\u00e9tude<\/td>\n<p>&#13;<br \/>\n                    <\/tr>\n<p>&#13;<br \/>\n                <\/tbody>\n<p>&#13;<br \/>\n            <\/table>\n<p>&#13;<br \/>\n        <\/section>\n<section>&#13;<\/p>\n<h2>Les postbiotiques : l\u2019innovation qui monte<\/h2>\n<p>&#13;<\/p>\n<p>Les postbiotiques \u2013 d\u00e9finis comme des \u00ab\u00a0pr\u00e9parations de microorganismes inanim\u00e9s et\/ou leurs composants qui conf\u00e8rent un b\u00e9n\u00e9fice sant\u00e9\u00a0\u00bb \u2013 gagnent en popularit\u00e9. Leur march\u00e9 \u00e9tait \u00e9valu\u00e9 \u00e0 11,6 milliards de dollars en 2023 avec une croissance attendue de 11,3% par an.<\/p>\n<p>&#13;<\/p>\n<p>Ces produits pr\u00e9sentent des avantages notables :<\/p>\n<p>&#13;<\/p>\n<ul>&#13;<\/p>\n<li><strong>Stabilit\u00e9 sup\u00e9rieure<\/strong> : pas de contraintes de cha\u00eene du froid<\/li>\n<p>&#13;<\/p>\n<li><strong>S\u00e9curit\u00e9 renforc\u00e9e<\/strong> : aucun risque de colonisation ind\u00e9sirable<\/li>\n<p>&#13;<\/p>\n<li><strong>Efficacit\u00e9 imm\u00e9diate<\/strong> : action d\u00e8s l\u2019ingestion<\/li>\n<p>&#13;\n            <\/ul>\n<p>&#13;<br \/>\n           &#13;<\/p>\n<p>Des souches comme <strong>Lacticaseibacillus paracasei KW3110<\/strong> montrent des effets protecteurs contre l\u2019exposition \u00e0 la lumi\u00e8re bleue, ouvrant de nouvelles applications th\u00e9rapeutiques.<\/p>\n<p>&#13;<br \/>\n        <\/section>\n<section>&#13;<\/p>\n<h2>Optimiser l\u2019efficacit\u00e9 de votre suppl\u00e9mentation<\/h2>\n<p>&#13;<\/p>\n<h3>Timing et posologie<\/h3>\n<p>&#13;<\/p>\n<p>Les recherches confirment que <strong>le matin \u00e0 jeun<\/strong> reste le moment optimal pour la prise de probiotiques. L\u2019acidit\u00e9 gastrique \u00e9tant moins \u00e9lev\u00e9e, un maximum de bact\u00e9ries atteint l\u2019intestin gr\u00eale.<\/p>\n<p>&#13;<\/p>\n<p><strong>Protocole recommand\u00e9<\/strong> :<\/p>\n<p>&#13;<\/p>\n<ul>&#13;<\/p>\n<li>Prendre avec un grand verre d\u2019eau \u00e0 temp\u00e9rature ambiante<\/li>\n<p>&#13;<\/p>\n<li>Respecter un d\u00e9lai de 2 heures avec les antibiotiques<\/li>\n<p>&#13;<\/p>\n<li>Faire des cures de 3 \u00e0 4 semaines aux changements de saison<\/li>\n<p>&#13;<\/p>\n<li>Apr\u00e8s antibiotiques : d\u00e9buter pendant le traitement et continuer 1 semaine apr\u00e8s<\/li>\n<p>&#13;\n            <\/ul>\n<p>&#13;<br \/>\n&#13;<\/p>\n<h3>Conservation et qualit\u00e9<\/h3>\n<p>&#13;<\/p>\n<p>Les probiotiques de qualit\u00e9 pharmaceutique maintiennent leur nombre de bact\u00e9ries garanti jusqu\u2019\u00e0 la date d\u2019expiration, m\u00eame \u00e0 temp\u00e9rature ambiante. N\u00e9anmoins, la conservation au r\u00e9frig\u00e9rateur optimise leur long\u00e9vit\u00e9.<\/p>\n<p>&#13;<\/p>\n<p><strong>Crit\u00e8res de s\u00e9lection<\/strong> :<\/p>\n<p>&#13;<\/p>\n<ul>&#13;<\/p>\n<li>Souches sp\u00e9cifiquement identifi\u00e9es (genre, esp\u00e8ce, souche)<\/li>\n<p>&#13;<\/p>\n<li>Nombre d\u2019UFC garanti \u00e0 expiration (pas \u00e0 fabrication)<\/li>\n<p>&#13;<\/p>\n<li>\u00c9tudes cliniques disponibles pour la souche exacte<\/li>\n<p>&#13;<\/p>\n<li>Absence d\u2019allerg\u00e8nes selon vos intol\u00e9rances<\/li>\n<p>&#13;\n            <\/ul>\n<p>&#13;<br \/>\n        <\/section>\n<section>&#13;<\/p>\n<h2>Applications culinaires et cr\u00e9atives<\/h2>\n<p>&#13;<\/p>\n<p>Au-del\u00e0 de la suppl\u00e9mentation classique, les probiotiques offrent des possibilit\u00e9s cr\u00e9atives. Vous pouvez utiliser le contenu des g\u00e9lules pour :<\/p>\n<p>&#13;<\/p>\n<ul>&#13;<\/p>\n<li>R\u00e9aliser des yaourts et fromages v\u00e9g\u00e9taux<\/li>\n<p>&#13;<\/p>\n<li>Enrichir vos jus d\u2019extracteur et smoothies<\/li>\n<p>&#13;<\/p>\n<li>Fermenter des l\u00e9gumes lacto-ferment\u00e9s<\/li>\n<p>&#13;<\/p>\n<li>Pr\u00e9parer des boissons probiotiques maison<\/li>\n<p>&#13;\n            <\/ul>\n<p>&#13;<\/p>\n<p>Cette approche alimentaire permet une int\u00e9gration naturelle dans votre routine quotidienne.<\/p>\n<p>&#13;<br \/>\n        <\/section>\n<section>&#13;<\/p>\n<h2>Perspectives d\u2019avenir et recherches \u00e9mergentes<\/h2>\n<p>&#13;<\/p>\n<p>La recherche sur les probiotiques \u00e9volue vers une approche plus personnalis\u00e9e. Le projet French Gut, lanc\u00e9 par l\u2019INRAE, vise \u00e0 collecter 100 000 \u00e9chantillons de microbiote fran\u00e7ais pour d\u00e9velopper des recommandations individualis\u00e9es.<\/p>\n<p>&#13;<\/p>\n<p>Les probiotiques de nouvelle g\u00e9n\u00e9ration incluent d\u00e9sormais :<\/p>\n<p>&#13;<\/p>\n<ul>&#13;<\/p>\n<li>Des souches productrices de folates comme certains Streptococcus thermophilus<\/li>\n<p>&#13;<\/p>\n<li>Des bact\u00e9ries anti-inflammatoires comme Faecalibacterium prausnitzii<\/li>\n<p>&#13;<\/p>\n<li>Des consortiums microbiens personnalis\u00e9s selon le profil individuel<\/li>\n<p>&#13;\n            <\/ul>\n<p>&#13;<br \/>\n        <\/section>\n<section>&#13;<\/p>\n<h2>Pr\u00e9cautions et contre-indications<\/h2>\n<p>&#13;<\/p>\n<p>Malgr\u00e9 leur profil de s\u00e9curit\u00e9 g\u00e9n\u00e9ralement excellent, certaines pr\u00e9cautions s\u2019imposent :<\/p>\n<p>&#13;<\/p>\n<ul>&#13;<\/p>\n<li><strong>Populations \u00e0 risque<\/strong> : Patients immunod\u00e9prim\u00e9s s\u00e9v\u00e8res, personnes avec cath\u00e9ter central ou valvulopathies, nouveau-n\u00e9s en r\u00e9animation n\u00e9onatale<\/li>\n<p>&#13;<\/p>\n<li><strong>Interactions potentielles<\/strong> : Surveillance renforc\u00e9e avec certains immunosuppresseurs, ajustement possible des anticoagulants (rare), espacement avec les antifongiques pour S. boulardii<\/li>\n<p>&#13;\n            <\/ul>\n<p>&#13;<\/p>\n<p>Il est crucial de consulter un professionnel de sant\u00e9 avant de d\u00e9buter une suppl\u00e9mentation, particuli\u00e8rement en cas de pathologie chronique ou de traitement m\u00e9dical en cours.<\/p>\n<p>&#13;<br \/>\n        <\/section>\n<section>&#13;<br \/>\n           &#13;<\/p>\n<p>L\u2019univers des probiotiques a consid\u00e9rablement m\u00fbri depuis mes premi\u00e8res recommandations. Nous disposons d\u00e9sormais d\u2019un arsenal th\u00e9rapeutique pr\u00e9cis, avec des souches sp\u00e9cifiques pour des indications cibl\u00e9es. L\u2019approche \u00ab\u00a0une souche, une indication, une posologie\u00a0\u00bb remplace progressivement les m\u00e9langes non sp\u00e9cifiques.<\/p>\n<p>&#13;<\/p>\n<p>L\u2019avenir s\u2019oriente vers une m\u00e9decine personnalis\u00e9e du microbiote, o\u00f9 le choix des probiotiques sera adapt\u00e9 au profil microbien individuel. En attendant ces avanc\u00e9es, le respect des recommandations actuelles bas\u00e9es sur les preuves cliniques garantit une suppl\u00e9mentation efficace et s\u00e9curis\u00e9e.<\/p>\n<p>&#13;<br \/>\n        <\/section>\n<h2>SOURCES <\/h2>\n<ul>&#13;<\/p>\n<li><strong>Remes Troche JM, Coss Adame E, Valdovinos D\u00edaz MA, et al.<\/strong> Lactobacillus acidophilus LB: a useful pharmabiotic for the treatment of digestive disorders. <em>Therapeutic Advances in Gastroenterology, 2020<\/em> Volume 13, DOI: 10.1177\/1756284820971201, PMID: 33281937<\/li>\n<p>&#13;<\/p>\n<li><strong>Pais P, Almeida V, Y\u0131lmaz M, Teixeira MC<\/strong> Saccharomyces boulardii: What Makes It Tick as Successful Probiotic? <em>Journal of Fungi, 2020<\/em> Volume 6(2), pages 78, DOI: 10.3390\/jof6020078, PMID: 32512834<\/li>\n<p>&#13;<\/p>\n<li><strong>Carona A, Jacobson D, Hildebolt CF, Qureshi W, Rowland KC<\/strong> A systematic review and meta-analysis of Lactobacillus acidophilus and Lactobacillus bulgaricus for the treatment of diarrhea. <em>Frontiers in Gastroenterology, 2022<\/em> Volume 1, DOI: 10.3389\/fgstr.2022.983075<\/li>\n<p>&#13;<\/p>\n<li><strong>Ford AC, Sperber AD, Corsetti M, Camilleri M<\/strong> Irritable bowel syndrome. <em>Lancet, 2020<\/em> Volume 396, pages 1675-1688, DOI: 10.1016\/S0140-6736(20)31548-8<\/li>\n<p>&#13;<\/p>\n<li><strong>O\u2019Mahony L, McCarthy J, Kelly P, et al.<\/strong> Lactobacillus and bifidobacterium in irritable bowel syndrome: symptom responses and relationship to cytokine profiles. <em>Gastroenterology, 2005<\/em> Volume 128, pages 541-551, DOI: 10.1053\/j.gastro.2004.11.050<\/li>\n<p>&#13;<\/p>\n<li><strong>Szajewska H, Kolodziej M<\/strong> Systematic review with meta-analysis: Lactobacillus rhamnosus GG in the prevention of antibiotic-associated diarrhoea in children and adults. <em>Alimentary Pharmacology &amp; Therapeutics, 2015<\/em> Volume 42, pages 1149-1157, DOI: 10.1111\/apt.13404<\/li>\n<p>&#13;<\/p>\n<li><strong>Salminen S, Collado MC, Endo A, et al.<\/strong> The International Scientific Association of Probiotics and Prebiotics (ISAPP) consensus statement on the definition and scope of postbiotics. <em>Nature Reviews Gastroenterology &amp; Hepatology, 2021<\/em> Volume 18, pages 649-667, DOI: 10.1038\/s41575-021-00440-6<\/li>\n<p>&#13;<\/p>\n<li><strong>Depommier C, Everard A, Druart C, et al.<\/strong> Supplementation with Akkermansia muciniphila in overweight and obese human volunteers: a proof-of-concept exploratory study. <em>Nature Medicine, 2019<\/em> Volume 25, pages 1096-1103, DOI: 10.1038\/s41591-019-0495-2<\/li>\n<p>&#13;<\/p>\n<li><strong>Parvez S, Malik KA, Ah Kang S, Kim HY<\/strong> Probiotics and their fermented food products are beneficial for health. <em>Journal of Applied Microbiology, 2006<\/em> Volume 100, pages 1171-1185, DOI: 10.1111\/j.1365-2672.2006.02963.x<\/li>\n<p>&#13;<\/p>\n<li><strong>Gibson GR, Hutkins R, Sanders ME, et al.<\/strong> Expert consensus document: The International Scientific Association for Probiotics and Prebiotics (ISAPP) consensus statement on the definition and scope of prebiotics. <em>Nature Reviews Gastroenterology &amp; Hepatology, 2017<\/em> Volume 14, pages 491-502, DOI: 10.1038\/nrgastro.2017.75<\/li>\n<p>&#13;\n            <\/ul>\n<p><!-- FeedbackWP Plugin --><span class=\"et_bloom_bottom_trigger\"\/>\t\t\t\t\t<\/div>\n<p>[ad_2]<br \/>\n<br \/><a href=\"https:\/\/cuisine-saine.fr\/vie-saine\/comment-choisir-probiotiques-utiliser\/\">Source link <\/a><\/p>\n","protected":false},"excerpt":{"rendered":"<p>[ad_1] &#13; Les probiotiques ont consid\u00e9rablement \u00e9volu\u00e9 depuis la publication de votre article initial. Les recherches r\u00e9centes offrent d\u00e9sormais des &hellip; <a href=\"http:\/\/www.affinite.fr\/index.php\/2025\/08\/13\/comment-bien-choisir-et-utiliser-vos-probiotiques\/\" class=\"more-link\">Plus <span class=\"screen-reader-text\">Comment bien choisir et utiliser vos probiotiques<\/span> <span class=\"meta-nav\">&rarr;<\/span><\/a><\/p>\n","protected":false},"author":1,"featured_media":11950,"comment_status":"","ping_status":"open","sticky":false,"template":"","format":"standard","meta":{"_sitemap_exclude":false,"_sitemap_priority":"","_sitemap_frequency":"","footnotes":""},"categories":[1],"tags":[],"class_list":["post-11949","post","type-post","status-publish","format-standard","has-post-thumbnail","hentry","category-tous"],"_links":{"self":[{"href":"http:\/\/www.affinite.fr\/index.php\/wp-json\/wp\/v2\/posts\/11949"}],"collection":[{"href":"http:\/\/www.affinite.fr\/index.php\/wp-json\/wp\/v2\/posts"}],"about":[{"href":"http:\/\/www.affinite.fr\/index.php\/wp-json\/wp\/v2\/types\/post"}],"author":[{"embeddable":true,"href":"http:\/\/www.affinite.fr\/index.php\/wp-json\/wp\/v2\/users\/1"}],"replies":[{"embeddable":true,"href":"http:\/\/www.affinite.fr\/index.php\/wp-json\/wp\/v2\/comments?post=11949"}],"version-history":[{"count":0,"href":"http:\/\/www.affinite.fr\/index.php\/wp-json\/wp\/v2\/posts\/11949\/revisions"}],"wp:featuredmedia":[{"embeddable":true,"href":"http:\/\/www.affinite.fr\/index.php\/wp-json\/wp\/v2\/media\/11950"}],"wp:attachment":[{"href":"http:\/\/www.affinite.fr\/index.php\/wp-json\/wp\/v2\/media?parent=11949"}],"wp:term":[{"taxonomy":"category","embeddable":true,"href":"http:\/\/www.affinite.fr\/index.php\/wp-json\/wp\/v2\/categories?post=11949"},{"taxonomy":"post_tag","embeddable":true,"href":"http:\/\/www.affinite.fr\/index.php\/wp-json\/wp\/v2\/tags?post=11949"}],"curies":[{"name":"wp","href":"https:\/\/api.w.org\/{rel}","templated":true}]}}