{"id":1193,"date":"2020-03-27T03:44:15","date_gmt":"2020-03-27T03:44:15","guid":{"rendered":"https:\/\/www.affinite.fr\/index.php\/2020\/03\/27\/faites-le-plein-de-concerts-sans-quitter-votre-canape\/"},"modified":"2020-03-27T03:44:15","modified_gmt":"2020-03-27T03:44:15","slug":"faites-le-plein-de-concerts-sans-quitter-votre-canape","status":"publish","type":"post","link":"http:\/\/www.affinite.fr\/index.php\/2020\/03\/27\/faites-le-plein-de-concerts-sans-quitter-votre-canape\/","title":{"rendered":"faites le plein de concerts sans quitter votre canap\u00e9"},"content":{"rendered":"<p> [ad_1]<br \/>\n<br \/><img decoding=\"async\" src=\"https:\/\/img.bfmtv.com\/i\/0\/0\/a12\/23c69056808bee716ff7a67f12e0c.jpeg\" \/><\/p>\n<div itemprop=\"articleBody\">\n<p>Vous ne pouvez plus aller voir de concerts dans vos salles de spectacles pr\u00e9f\u00e9r\u00e9es ? En attendant des jours meilleurs, rattrapez-vous sur Internet. Avec la crise du coronavirus, les initiatives se multiplient pour offrir des concerts gratuits en ligne, qu&rsquo;il s&rsquo;agisse de musique classique, de rock, de techno ou de tout autre style. Et de nombreux artistes participent \u00e0 cet effort. De plus, des sites comme Arte ou France TV propose d\u00e9j\u00e0 de nombreuses prestations sc\u00e9niques. Voici une liste des concerts et des performances actuellement disponibles. Elle sera r\u00e9guli\u00e8rement mise \u00e0 jour.<\/p>\n<h3 style=\"color:#333; font-family:arial,helvetica,sans-serif; font-size:23px; font-weight:700\">Les derni\u00e8res nouveaut\u00e9s<\/h3>\n<p>\u2022\u00a0<strong>Facebook organise le Festival Je Reste \u00e0 la Maison<\/strong> du 1er au 7 avril. De nombreux artistes donneront des concerts depuis chez eux. La programmation compl\u00e8te est <a href=\"https:\/\/www.facebook.com\/events\/200564144699896\/\" target=\"_blank\" rel=\"noopener noreferrer\">disponible ici<\/a>.<\/p>\n<p>\u2022\u00a0<strong>Le Festival de Jazz de Montreux<\/strong> propose la diffusion de\u00a0<a href=\"https:\/\/www.montreuxjazzfestival.com\/en\/50-concerts-to-stream\/\" target=\"_blank\" rel=\"noopener noreferrer\">50 concerts gretuits<\/a>, avec entre autres de prestations de\u00a0Ray Charles,\u00a0Wu-Tang Clan,\u00a0Johnny Cash,\u00a0Nina Simone,\u00a0Marvin Gaye,\u00a0Deep Purple, et Carlos Santana.<\/p>\n<p>\u2022\u00a0<strong>Le constructeur de casque Sennheiser<\/strong> propose des <a href=\"https:\/\/www.instagram.com\/sennheiser\/\" target=\"_blank\" rel=\"noopener noreferrer\">concerts en direct sur Instagram<\/a>. Pour le 26 mars, la programmation est :\u00a0Davina Moss \u00e0 15 heures,\u00a0Heart Attack Man \u00e0 20 heures et\u00a0Shiba San \u00e0 23 heures.<\/p>\n<h3 style=\"color:#333; font-family:arial,helvetica,sans-serif; font-size:23px; font-weight:700\">Les \u00e9v\u00e9nements en cours<\/h3>\n<p>\u2022\u00a0<strong>Le groupe de rock Indochine<\/strong> a mis en ligne sur YouTube <a href=\"https:\/\/www.youtube.com\/watch?v=NN-Ga592LSI\" target=\"_blank\" rel=\"noopener noreferrer\">l&rsquo;int\u00e9gralit\u00e9 de son concert<\/a>\u00a0enregistr\u00e9 au stade Pierre Mauroy de Lille\u00a0le 23 juin 2019. La diffusion est active jusqu&rsquo;au 30 mars.<\/p>\n<p>\u2022\u00a0<strong>Le chanteur et guitariste Matthieu Chedid<\/strong>, alias M, a publi\u00e9 sur Facebook un\u00a0<a href=\"https:\/\/www.facebook.com\/MatthieuChedid\/videos\/1116182398780666\/\" target=\"_blank\" rel=\"noopener noreferrer\">petit concert acoustique<\/a> en direct de son salon.<\/p>\n<p>\u2022\u00a0<strong>L\u2019Institut national de l&rsquo;audiovisuel (INA)<\/strong> propose trois mois gratuits sur sa <a href=\"https:\/\/madelen.ina.fr\/\" target=\"_blank\" rel=\"noopener noreferrer\">plate-forme de streaming Madelen<\/a>. Celle-ci comporte de nombreux concerts, comme ceux de l&rsquo;\u00e9mission Chorus,\u00a0la premi\u00e8re de Starmania en 78 ou Aretha Franklin\u00a0\u00e0 l&rsquo;Olympia en 1971.<\/p>\n<h3 style=\"color:#333; font-family:arial,helvetica,sans-serif; font-size:23px; font-weight:700\">Les incontournables<\/h3>\n<p>\u2022\u00a0<strong>Arte :<\/strong> la cha\u00eene de t\u00e9l\u00e9vision franco-allemande poss\u00e8de un site web bien rempli avec une <a href=\"https:\/\/www.arte.tv\/fr\/arte-concert\/\" target=\"_blank\" rel=\"noopener noreferrer\">section enti\u00e8re consacr\u00e9e aux concerts<\/a> et proposant plus de 600 spectacles. Les amateurs de classiques seront combl\u00e9s&#8230; et les autres aussi,\u00a0tant le choix est vaste.<\/p>\n<p>\u2022\u00a0<strong>France TV :<\/strong> La section <a href=\"https:\/\/www.france.tv\/spectacles-et-culture\/\" target=\"_blank\" rel=\"noopener noreferrer\">Spectacles et culture<\/a> du site est bien garnie et il y en a pour tout les go\u00fbts. Vous pouvez choisir parmi de nombreuses cat\u00e9gories qui vont de l&rsquo;op\u00e9ra au rock, en passant par le hip-hop, le jazz, la pop et l&rsquo;\u00e9lectro. Par exemple, ne manquez pas le concert qui a eu lieu au Grand Rex en <a href=\"https:\/\/www.france.tv\/spectacles-et-culture\/pop-rock-electro\/1287033-immortel-bashung.html\" target=\"_blank\" rel=\"noopener noreferrer\">hommage \u00e0 Alain Bashung<\/a>.<\/p>\n<aside class=\"bg-color-0 padding-inside-all-s bloc border-s\">\n<h4 class=\"box-txt-normal\">\n<p><strong>A d\u00e9couvrir aussi en vid\u00e9o :<\/strong><\/p>\n<\/h4>\n<\/aside>\n<p>\u2022\u00a0<strong>France Musique :<\/strong> la radio propose <a href=\"https:\/\/www.francemusique.fr\/concerts\" target=\"_blank\" rel=\"noopener noreferrer\">sur son site<\/a> des concerts de jazz et de musique classique gratuits en audio, mais aussi en vid\u00e9o.<\/p>\n<p>\u2022\u00a0<strong>Les grands lieux de la musique classique :<\/strong>\u00a0La <a href=\"https:\/\/live.philharmoniedeparis.fr\/Concerts.html\" target=\"_blank\" rel=\"noopener noreferrer\">Philarmonie de Paris<\/a>\u00a0et\u00a0<a href=\"https:\/\/www.operadeparis.fr\/\" target=\"_blank\" rel=\"noopener noreferrer\">l&rsquo;Op\u00e9ra de Paris<\/a> proposent des concerts gratuits sur leurs sites.<\/p>\n<\/p><\/div>\n<p><script>\n         !function(f,b,e,v,n,t,s){if(f.fbq)return;n=f.fbq=function()\n         {n.callMethod? n.callMethod.apply(n,arguments):n.queue.push(arguments)}\n         ;if(!f._fbq)f._fbq=n;\n             n.push=n;n.loaded=!0;n.version='2.0';n.queue=[];t=b.createElement(e);t.async=!0;\n             t.src=v;s=b.getElementsByTagName(e)[0];s.parentNode.insertBefore(t,s)}(window,\n                 document,'script','https:\/\/connect.facebook.net\/en_US\/fbevents.js');\n         fbq('init', '1065890633454496');\n         fbq('track', 'PageView');\n     <\/script><script async defer src=\"https:\/\/platform.instagram.com\/en_US\/embeds.js\"><\/script><br \/>\n<br \/>[ad_2]<br \/>\n<br \/><a href=\"https:\/\/www.01net.com\/actualites\/confinement-faites-le-plein-de-concerts-sans-quitter-votre-canape-1882112.html\">Source link <\/a><\/p>\n","protected":false},"excerpt":{"rendered":"<p>[ad_1] Vous ne pouvez plus aller voir de concerts dans vos salles de spectacles pr\u00e9f\u00e9r\u00e9es ? En attendant des jours &hellip; <a href=\"http:\/\/www.affinite.fr\/index.php\/2020\/03\/27\/faites-le-plein-de-concerts-sans-quitter-votre-canape\/\" class=\"more-link\">Plus <span class=\"screen-reader-text\">faites le plein de concerts sans quitter votre canap\u00e9<\/span> <span class=\"meta-nav\">&rarr;<\/span><\/a><\/p>\n","protected":false},"author":1,"featured_media":1194,"comment_status":"open","ping_status":"open","sticky":false,"template":"","format":"standard","meta":{"_sitemap_exclude":false,"_sitemap_priority":"","_sitemap_frequency":"","footnotes":""},"categories":[1],"tags":[],"class_list":["post-1193","post","type-post","status-publish","format-standard","has-post-thumbnail","hentry","category-tous"],"_links":{"self":[{"href":"http:\/\/www.affinite.fr\/index.php\/wp-json\/wp\/v2\/posts\/1193"}],"collection":[{"href":"http:\/\/www.affinite.fr\/index.php\/wp-json\/wp\/v2\/posts"}],"about":[{"href":"http:\/\/www.affinite.fr\/index.php\/wp-json\/wp\/v2\/types\/post"}],"author":[{"embeddable":true,"href":"http:\/\/www.affinite.fr\/index.php\/wp-json\/wp\/v2\/users\/1"}],"replies":[{"embeddable":true,"href":"http:\/\/www.affinite.fr\/index.php\/wp-json\/wp\/v2\/comments?post=1193"}],"version-history":[{"count":0,"href":"http:\/\/www.affinite.fr\/index.php\/wp-json\/wp\/v2\/posts\/1193\/revisions"}],"wp:featuredmedia":[{"embeddable":true,"href":"http:\/\/www.affinite.fr\/index.php\/wp-json\/wp\/v2\/media\/1194"}],"wp:attachment":[{"href":"http:\/\/www.affinite.fr\/index.php\/wp-json\/wp\/v2\/media?parent=1193"}],"wp:term":[{"taxonomy":"category","embeddable":true,"href":"http:\/\/www.affinite.fr\/index.php\/wp-json\/wp\/v2\/categories?post=1193"},{"taxonomy":"post_tag","embeddable":true,"href":"http:\/\/www.affinite.fr\/index.php\/wp-json\/wp\/v2\/tags?post=1193"}],"curies":[{"name":"wp","href":"https:\/\/api.w.org\/{rel}","templated":true}]}}