{"id":11895,"date":"2025-07-27T18:46:39","date_gmt":"2025-07-27T18:46:39","guid":{"rendered":"https:\/\/www.affinite.fr\/index.php\/2025\/07\/27\/une-maison-vieillotte-enfin-renovee-pour-se-sentir-en-vacances-toute-lannee\/"},"modified":"2025-07-27T18:46:39","modified_gmt":"2025-07-27T18:46:39","slug":"une-maison-vieillotte-enfin-renovee-pour-se-sentir-en-vacances-toute-lannee","status":"publish","type":"post","link":"http:\/\/www.affinite.fr\/index.php\/2025\/07\/27\/une-maison-vieillotte-enfin-renovee-pour-se-sentir-en-vacances-toute-lannee\/","title":{"rendered":"une maison vieillotte enfin r\u00e9nov\u00e9e pour se sentir en vacances toute l&rsquo;ann\u00e9e"},"content":{"rendered":"<p> [ad_1]<br \/>\n<br \/><img decoding=\"async\" src=\"https:\/\/img-3.journaldesfemmes.fr\/tSXz1RIyshlqos5kowzoLPIajec=\/1280x\/smart\/f10d499d146e41fe9bd7f355ba0b0199\/ccmcms-jdf\/40040226.jpg\" \/><\/p>\n<div style=\"padding:10px;\" data-length=\"3002\">\n        <em><strong>Si, au d\u00e9part, elle ne payait pas de mine, cette maison des ann\u00e9es 70 situ\u00e9e sur le bassin d&rsquo;Arcachon a repris vie et quelques couleurs aussi. L&rsquo;architecte bordelaise Constance Delaux l&rsquo;a m\u00e9tamorphos\u00e9e en refuge familial coquet. Poussons-en la porte.<\/strong><\/em><br \/>\nTout (re)commence \u00e0 La Teste-de-Buch, en janvier 2021. Une amie\u00a0de longue date de Constance Delaux, architecte et fondatrice du Studio Add, s\u00e9duite par\u00a0son travail, l&rsquo;appelle \u00e0 la rescousse.\u00a0Six mois plus t\u00f4t, elle a achet\u00e9 une demeure de style basco-landais et confi\u00e9 sa r\u00e9novation \u00e0 un architecte local. Mais depuis,\u00a0le chantier est au point mort et elle a besoin d&rsquo;aide.\u00a0Avec son \u0153il d\u00e9co et son exp\u00e9rience des travaux, elle fait figure de cliente id\u00e9ale.\u00a0Ses choix pass\u00e9s \u00e9taient plut\u00f4t classiques, mais cette fois, elle d\u00e9cide de faire confiance \u00e0 Constance pour\u00a0sortir de sa zone de confort et oser quelques subtiles touches d&rsquo;originalit\u00e9.\u00a0R\u00e9sultat\u00a0: des menuiseries vert olive qui rythment les ouvertures, cr\u00e9ant d&rsquo;\u00e9l\u00e9gantes passerelles entre l&rsquo;int\u00e9rieur et le jardin, et signent l&rsquo;identit\u00e9 du lieu.<\/p>\n<h2>Conserver le charme existant, mais en cr\u00e9er\u00a0aussi<\/h2>\n<p>Dans la liste de ses envies : une cuisine avec vue sur le jardin, une grande suite parentale avec dressing et salle de bains s\u00e9par\u00e9e, un espace d\u00e9di\u00e9 aux enfants qui soit proche d&rsquo;eux, mais pas trop non plus\u00a0! En bref, plus de confort, une fonctionnalit\u00e9 retrouv\u00e9e et une atmosph\u00e8re de \u00ab\u00a0vacances toute l&rsquo;ann\u00e9e\u00a0\u00bb.\u00a0Afin d&rsquo;y parvenir, Constance s&rsquo;est tourn\u00e9e vers une\u00a0palette de couleurs neutres, emprunt\u00e9es aux nuanciers d&rsquo;Argile Peinture et Mercadier, qui contribuent \u00e0 l&rsquo;harmonie de l&rsquo;ensemble.\u00a0<\/p>\n<h2>L&rsquo;inspiration\u00a0n\u00e9o-basquaise comme fil conducteur du projet<\/h2>\n<p>Une extension de 40\u00a0m\u00b2 c\u00f4t\u00e9 rue et la cr\u00e9ation d&rsquo;une terrasse avec piscine offrent \u00e0 cette r\u00e9sidence principale un nouveau look pour une nouvelle vie.\u00a0Le plan de la maison a \u00e9t\u00e9 simplifi\u00e9, avec du rangement d\u00e8s l&rsquo;entr\u00e9e, une cuisine tout \u00e9quip\u00e9e qui s&rsquo;ouvre d\u00e9sormais sur la pi\u00e8ce de vie, un WC d\u00e9plac\u00e9 et, au global, une plus grande fluidit\u00e9 entre les diff\u00e9rents espaces de vie et de nuit. En outre, les mat\u00e9riaux, les am\u00e9nagements sur-mesure en MDF \u00e0 peindre et les coloris savamment choisis font de cette maison d\u00e9laiss\u00e9e un v\u00e9ritable havre de paix.<\/p>\n<p><small>\u00a9\u00a0Yoris Couegnoux\/Studyo_photos &#8211; Constance Delaux<\/small>\n    <\/div>\n<p>[ad_2]<br \/>\n<br \/><a href=\"https:\/\/deco.journaldesfemmes.fr\/reportages-deco-et-visites-privees\/3235652-avant-apres-une-maison-vieillotte-enfin-renovee-pour-se-sentir-en-vacances-toute-l-annee\/\">Source link <\/a><\/p>\n","protected":false},"excerpt":{"rendered":"<p>[ad_1] Si, au d\u00e9part, elle ne payait pas de mine, cette maison des ann\u00e9es 70 situ\u00e9e sur le bassin d&rsquo;Arcachon &hellip; <a href=\"http:\/\/www.affinite.fr\/index.php\/2025\/07\/27\/une-maison-vieillotte-enfin-renovee-pour-se-sentir-en-vacances-toute-lannee\/\" class=\"more-link\">Plus <span class=\"screen-reader-text\">une maison vieillotte enfin r\u00e9nov\u00e9e pour se sentir en vacances toute l&rsquo;ann\u00e9e<\/span> <span class=\"meta-nav\">&rarr;<\/span><\/a><\/p>\n","protected":false},"author":1,"featured_media":11896,"comment_status":"","ping_status":"open","sticky":false,"template":"","format":"standard","meta":{"_sitemap_exclude":false,"_sitemap_priority":"","_sitemap_frequency":"","footnotes":""},"categories":[1],"tags":[],"class_list":["post-11895","post","type-post","status-publish","format-standard","has-post-thumbnail","hentry","category-tous"],"_links":{"self":[{"href":"http:\/\/www.affinite.fr\/index.php\/wp-json\/wp\/v2\/posts\/11895"}],"collection":[{"href":"http:\/\/www.affinite.fr\/index.php\/wp-json\/wp\/v2\/posts"}],"about":[{"href":"http:\/\/www.affinite.fr\/index.php\/wp-json\/wp\/v2\/types\/post"}],"author":[{"embeddable":true,"href":"http:\/\/www.affinite.fr\/index.php\/wp-json\/wp\/v2\/users\/1"}],"replies":[{"embeddable":true,"href":"http:\/\/www.affinite.fr\/index.php\/wp-json\/wp\/v2\/comments?post=11895"}],"version-history":[{"count":0,"href":"http:\/\/www.affinite.fr\/index.php\/wp-json\/wp\/v2\/posts\/11895\/revisions"}],"wp:featuredmedia":[{"embeddable":true,"href":"http:\/\/www.affinite.fr\/index.php\/wp-json\/wp\/v2\/media\/11896"}],"wp:attachment":[{"href":"http:\/\/www.affinite.fr\/index.php\/wp-json\/wp\/v2\/media?parent=11895"}],"wp:term":[{"taxonomy":"category","embeddable":true,"href":"http:\/\/www.affinite.fr\/index.php\/wp-json\/wp\/v2\/categories?post=11895"},{"taxonomy":"post_tag","embeddable":true,"href":"http:\/\/www.affinite.fr\/index.php\/wp-json\/wp\/v2\/tags?post=11895"}],"curies":[{"name":"wp","href":"https:\/\/api.w.org\/{rel}","templated":true}]}}