{"id":11883,"date":"2025-07-24T18:40:52","date_gmt":"2025-07-24T18:40:52","guid":{"rendered":"http:\/\/www.affinite.fr\/index.php\/2025\/07\/24\/cette-technique-ancestrale-permet-davoir-un-frigo-en-plus-sans-electricite\/"},"modified":"2025-07-24T18:40:52","modified_gmt":"2025-07-24T18:40:52","slug":"cette-technique-ancestrale-permet-davoir-un-frigo-en-plus-sans-electricite","status":"publish","type":"post","link":"http:\/\/www.affinite.fr\/index.php\/2025\/07\/24\/cette-technique-ancestrale-permet-davoir-un-frigo-en-plus-sans-electricite\/","title":{"rendered":"Cette technique ancestrale permet d&rsquo;avoir un frigo en plus sans \u00e9lectricit\u00e9"},"content":{"rendered":"<p> [ad_1]<br \/>\n<br \/><img decoding=\"async\" src=\"https:\/\/img-3.journaldesfemmes.fr\/ujoSjIR71h-tevzfDt8-NzVRWJM=\/1280x\/smart\/6a2c4e323e954edb86a96e637ebf0d18\/ccmcms-jdf\/40038843.jpg\" \/><\/p>\n<p>\n                Remise au go\u00fbt du jour, cette technique permet de garder vos aliments au frais, sans \u00e9lectricit\u00e9, n&rsquo;importe o\u00f9, et peut devenir votre frigo d&rsquo;appoint de l&rsquo;\u00e9t\u00e9.            <\/p>\n<div>\n<p>En \u00e9t\u00e9, garder ses aliments au frais devient un vrai d\u00e9fi. Entre les courses qui d\u00e9bordent, les salades, les boissons, les fruits en quantit\u00e9\u2026 le frigo affiche vite complet. Et si vous n&rsquo;avez pas de place pour un deuxi\u00e8me r\u00e9frig\u00e9rateur, ou si vous cherchez une solution d&rsquo;appoint sur un balcon, dans un jardin ou pr\u00e8s d&rsquo;une piscine, il existe une astuce simple et fut\u00e9e. Mieux encore\u00a0: elle fonctionne sans \u00e9lectricit\u00e9. Parfaite aussi pour les vacances nomades ou les coins sans prise de courant, cette technique ancestrale revient en force. On vous explique comment l&rsquo;utiliser.<\/p>\n<p>C&rsquo;est une solution toute simple, venue du pass\u00e9, mais qui r\u00e9pond parfaitement \u00e0 nos besoins d&rsquo;aujourd&rsquo;hui\u00a0: le frigo du d\u00e9sert, aussi appel\u00e9 zeer pot, canari frigo ou pot-en-pot. \u00c0 la fois \u00e9cologique, \u00e9conomique et mobile, il permet de garder les aliments au frais sans consommer d&rsquo;\u00e9nergie, et s&rsquo;adapte aussi bien \u00e0 la maison qu&rsquo;en vacances.\u00a0Ce dispositif a connu un nouvel \u00e9lan en 1995\u00a0gr\u00e2ce \u00e0 Mohammed Bah Abba, un universitaire nig\u00e9rian, mais ses racines remontent \u00e0 l&rsquo;\u00c9gypte ancienne et aux r\u00e9gions d\u00e9sertiques, o\u00f9 il est utilis\u00e9 depuis des mill\u00e9naires.<\/p>\n<p>Concr\u00e8tement, comment \u00e7a fonctionne\u00a0? Le frigo du d\u00e9sert se compose de deux pots en terre cuite de tailles diff\u00e9rentes, imbriqu\u00e9s l&rsquo;un dans l&rsquo;autre et s\u00e9par\u00e9s par une couche de sable humide. Ce sable permet la r\u00e9frig\u00e9ration du syst\u00e8me par \u00e9vaporation\u00a0: la chaleur contenue dans le pot int\u00e9rieur est transform\u00e9e en vapeur, ce qui cr\u00e9e un effet de refroidissement naturel. La temp\u00e9rature peut ainsi baisser jusqu&rsquo;\u00e0 10\u00a0\u00b0C de moins que l&rsquo;air ambiant. Pour que cela fonctionne, il est indispensable de r\u00e9humidifier r\u00e9guli\u00e8rement le sable afin de maintenir une temp\u00e9rature stable \u00e0 l&rsquo;int\u00e9rieur.<\/p>\n<p>Cette solution, que l&rsquo;on peut utiliser aussi bien chez soi que sur la route des vacances, est peu co\u00fbteuse, \u00e9cologique et facile \u00e0 fabriquer soi-m\u00eame. Elle permet de prot\u00e9ger de la chaleur les produits frais comme les fruits, l\u00e9gumes, \u0153ufs. En plus, elle prolonge la dur\u00e9e de conservation et pr\u00e9serve les vitamines et min\u00e9raux.<\/p>\n<p>Seule limite\u00a0: ce syst\u00e8me ne convient pas pour la viande, le poisson ou les produits laitiers, qui n\u00e9cessitent des temp\u00e9ratures plus basses. Mais pour tout le reste, c&rsquo;est une alternative naturelle, pratique et durable, parfaite pour les mois d&rsquo;\u00e9t\u00e9.<\/p>\n<\/p><\/div>\n<p>[ad_2]<br \/>\n<br \/><a href=\"https:\/\/deco.journaldesfemmes.fr\/bricolage-et-travaux\/3231442-frigos-sans-electricite-retour-des-techniques-ancestrales\/\">Source link <\/a><\/p>\n","protected":false},"excerpt":{"rendered":"<p>[ad_1] Remise au go\u00fbt du jour, cette technique permet de garder vos aliments au frais, sans \u00e9lectricit\u00e9, n&rsquo;importe o\u00f9, et &hellip; <a href=\"http:\/\/www.affinite.fr\/index.php\/2025\/07\/24\/cette-technique-ancestrale-permet-davoir-un-frigo-en-plus-sans-electricite\/\" class=\"more-link\">Plus <span class=\"screen-reader-text\">Cette technique ancestrale permet d&rsquo;avoir un frigo en plus sans \u00e9lectricit\u00e9<\/span> <span class=\"meta-nav\">&rarr;<\/span><\/a><\/p>\n","protected":false},"author":1,"featured_media":11884,"comment_status":"","ping_status":"open","sticky":false,"template":"","format":"standard","meta":{"_sitemap_exclude":false,"_sitemap_priority":"","_sitemap_frequency":"","footnotes":""},"categories":[1],"tags":[],"class_list":["post-11883","post","type-post","status-publish","format-standard","has-post-thumbnail","hentry","category-tous"],"_links":{"self":[{"href":"http:\/\/www.affinite.fr\/index.php\/wp-json\/wp\/v2\/posts\/11883"}],"collection":[{"href":"http:\/\/www.affinite.fr\/index.php\/wp-json\/wp\/v2\/posts"}],"about":[{"href":"http:\/\/www.affinite.fr\/index.php\/wp-json\/wp\/v2\/types\/post"}],"author":[{"embeddable":true,"href":"http:\/\/www.affinite.fr\/index.php\/wp-json\/wp\/v2\/users\/1"}],"replies":[{"embeddable":true,"href":"http:\/\/www.affinite.fr\/index.php\/wp-json\/wp\/v2\/comments?post=11883"}],"version-history":[{"count":0,"href":"http:\/\/www.affinite.fr\/index.php\/wp-json\/wp\/v2\/posts\/11883\/revisions"}],"wp:featuredmedia":[{"embeddable":true,"href":"http:\/\/www.affinite.fr\/index.php\/wp-json\/wp\/v2\/media\/11884"}],"wp:attachment":[{"href":"http:\/\/www.affinite.fr\/index.php\/wp-json\/wp\/v2\/media?parent=11883"}],"wp:term":[{"taxonomy":"category","embeddable":true,"href":"http:\/\/www.affinite.fr\/index.php\/wp-json\/wp\/v2\/categories?post=11883"},{"taxonomy":"post_tag","embeddable":true,"href":"http:\/\/www.affinite.fr\/index.php\/wp-json\/wp\/v2\/tags?post=11883"}],"curies":[{"name":"wp","href":"https:\/\/api.w.org\/{rel}","templated":true}]}}