{"id":11875,"date":"2025-07-22T18:37:04","date_gmt":"2025-07-22T18:37:04","guid":{"rendered":"http:\/\/www.affinite.fr\/index.php\/2025\/07\/22\/ce-recoin-quon-oublie-de-nettoyer-provoque-des-mauvaises-odeurs-tout-lete\/"},"modified":"2025-07-22T18:37:04","modified_gmt":"2025-07-22T18:37:04","slug":"ce-recoin-quon-oublie-de-nettoyer-provoque-des-mauvaises-odeurs-tout-lete","status":"publish","type":"post","link":"http:\/\/www.affinite.fr\/index.php\/2025\/07\/22\/ce-recoin-quon-oublie-de-nettoyer-provoque-des-mauvaises-odeurs-tout-lete\/","title":{"rendered":"Ce recoin qu&rsquo;on oublie de nettoyer provoque des mauvaises odeurs tout l&rsquo;\u00e9t\u00e9"},"content":{"rendered":"<p> [ad_1]<br \/>\n<br \/><img decoding=\"async\" src=\"https:\/\/img-3.journaldesfemmes.fr\/ArtCZ02prFI0Jayy9krBmN9yln0=\/1280x\/smart\/cbbe203c52e843b78368e7cf29530399\/ccmcms-jdf\/40039301.jpg\" \/><\/p>\n<p>\n                Avec la chaleur de l&rsquo;\u00e9t\u00e9, il est indispensable de faire la chasse aux mauvaises odeurs en nettoyant son int\u00e9rieur tr\u00e8s r\u00e9guli\u00e8rement. Pourtant, cet endroit de la maison est souvent oubli\u00e9.            <\/p>\n<div>\n<p>Avec la chaleur de l&rsquo;\u00e9t\u00e9, il est indispensable de faire la chasse aux mauvaises odeurs en nettoyant son int\u00e9rieur tr\u00e8s r\u00e9guli\u00e8rement. Pourtant, un endroit de la maison est souvent oubli\u00e9 et il peut tout g\u00e2cher.\u00a0L&rsquo;\u00e9t\u00e9 est bien install\u00e9, et durant cette saison o\u00f9 le mercure grimpe, on cherche \u00e0 garder nos int\u00e9rieurs frais et agr\u00e9ables. Mais c&rsquo;est sans compter sur certaines odeurs tenaces qui s&rsquo;invitent sans pr\u00e9venir. Des odeurs parfois si fortes qu&rsquo;elles rendent le quotidien d\u00e9sagr\u00e9able. Le pire, c&rsquo;est quand on ne sait m\u00eame pas d&rsquo;o\u00f9 elles viennent. Et pourtant, cet endroit oubli\u00e9 tombe sous le sens.<\/p>\n<p>Poubelles, plaques de cuisson, sanitaires\u2026 avec les temp\u00e9ratures estivales, les mauvaises odeurs peuvent s&rsquo;accentuer dans toutes les pi\u00e8ces. Et si, malgr\u00e9 une hygi\u00e8ne irr\u00e9prochable, vous remarquez que des odeurs persistent dans votre cuisine, c&rsquo;est s\u00fbrement que vous avez oubli\u00e9 ce recoin\u00a0: le bac r\u00e9cup\u00e9rateur d&rsquo;eau du frigo.<\/p>\n<p>Souvent m\u00e9connu, ce petit bac, dont la majorit\u00e9 des r\u00e9frig\u00e9rateurs sont \u00e9quip\u00e9s, est pourtant l&rsquo;un des coupables les plus fr\u00e9quents. L&rsquo;eau qui y stagne cr\u00e9e de l&rsquo;humidit\u00e9, puis des moisissures\u00a0et donc des odeurs.\u00a0Ce bac se trouve \u00e0 l&rsquo;arri\u00e8re de l&rsquo;appareil, juste au-dessus du compresseur. Son r\u00f4le est de recueillir l&rsquo;eau de condensation qui glisse sur les parois du r\u00e9frig\u00e9rateur, souvent \u00e0 cause d&rsquo;aliments mal emball\u00e9s ou d&rsquo;une porte mal referm\u00e9e.\u00a0En th\u00e9orie, l&rsquo;eau s&rsquo;\u00e9vapore toute seule au contact de la chaleur produite par le compresseur. Mais en pratique, il arrive que le bac reste plein trop longtemps. L&rsquo;eau stagne, puis moisit. Et c&rsquo;est l\u00e0 que les mauvaises odeurs apparaissent.<\/p>\n<p>Si c&rsquo;est votre cas, il est essentiel de vider et nettoyer ce bac. D\u00e9branchez votre appareil, suivez les indications du fabricant, et nettoyez-le \u00e0 l&rsquo;eau chaude savonneuse avec une \u00e9ponge ou une vieille brosse \u00e0 dents. S\u00e9chez bien avant de le remettre en place.\u00a0\u00c0 noter\u00a0: pour \u00e9viter que cela ne se reproduise, pensez \u00e0 v\u00e9rifier r\u00e9guli\u00e8rement l&rsquo;\u00e9tat de propret\u00e9 du bac r\u00e9cup\u00e9rateur d&rsquo;eau. Ce petit d\u00e9tail peut vous \u00e9viter bien des d\u00e9sagr\u00e9ments.<\/p>\n<\/p><\/div>\n<p>[ad_2]<br \/>\n<br \/><a href=\"https:\/\/www.journaldesfemmes.fr\/jardin\/amenagement-du-jardin\/3233184-ce-recoin-qu-on-oublie-de-nettoyer-provoque-des-mauvaises-odeurs-tout-l-ete\/\">Source link <\/a><\/p>\n","protected":false},"excerpt":{"rendered":"<p>[ad_1] Avec la chaleur de l&rsquo;\u00e9t\u00e9, il est indispensable de faire la chasse aux mauvaises odeurs en nettoyant son int\u00e9rieur &hellip; <a href=\"http:\/\/www.affinite.fr\/index.php\/2025\/07\/22\/ce-recoin-quon-oublie-de-nettoyer-provoque-des-mauvaises-odeurs-tout-lete\/\" class=\"more-link\">Plus <span class=\"screen-reader-text\">Ce recoin qu&rsquo;on oublie de nettoyer provoque des mauvaises odeurs tout l&rsquo;\u00e9t\u00e9<\/span> <span class=\"meta-nav\">&rarr;<\/span><\/a><\/p>\n","protected":false},"author":1,"featured_media":11876,"comment_status":"","ping_status":"open","sticky":false,"template":"","format":"standard","meta":{"_sitemap_exclude":false,"_sitemap_priority":"","_sitemap_frequency":"","footnotes":""},"categories":[1],"tags":[],"class_list":["post-11875","post","type-post","status-publish","format-standard","has-post-thumbnail","hentry","category-tous"],"_links":{"self":[{"href":"http:\/\/www.affinite.fr\/index.php\/wp-json\/wp\/v2\/posts\/11875"}],"collection":[{"href":"http:\/\/www.affinite.fr\/index.php\/wp-json\/wp\/v2\/posts"}],"about":[{"href":"http:\/\/www.affinite.fr\/index.php\/wp-json\/wp\/v2\/types\/post"}],"author":[{"embeddable":true,"href":"http:\/\/www.affinite.fr\/index.php\/wp-json\/wp\/v2\/users\/1"}],"replies":[{"embeddable":true,"href":"http:\/\/www.affinite.fr\/index.php\/wp-json\/wp\/v2\/comments?post=11875"}],"version-history":[{"count":0,"href":"http:\/\/www.affinite.fr\/index.php\/wp-json\/wp\/v2\/posts\/11875\/revisions"}],"wp:featuredmedia":[{"embeddable":true,"href":"http:\/\/www.affinite.fr\/index.php\/wp-json\/wp\/v2\/media\/11876"}],"wp:attachment":[{"href":"http:\/\/www.affinite.fr\/index.php\/wp-json\/wp\/v2\/media?parent=11875"}],"wp:term":[{"taxonomy":"category","embeddable":true,"href":"http:\/\/www.affinite.fr\/index.php\/wp-json\/wp\/v2\/categories?post=11875"},{"taxonomy":"post_tag","embeddable":true,"href":"http:\/\/www.affinite.fr\/index.php\/wp-json\/wp\/v2\/tags?post=11875"}],"curies":[{"name":"wp","href":"https:\/\/api.w.org\/{rel}","templated":true}]}}