{"id":1187,"date":"2020-03-27T00:08:51","date_gmt":"2020-03-27T00:08:51","guid":{"rendered":"https:\/\/www.affinite.fr\/index.php\/2020\/03\/27\/apple-pourrait-repousser-le-lancement-de-ses-prochains-iphone-a-2021\/"},"modified":"2020-03-27T00:08:51","modified_gmt":"2020-03-27T00:08:51","slug":"apple-pourrait-repousser-le-lancement-de-ses-prochains-iphone-a-2021","status":"publish","type":"post","link":"http:\/\/www.affinite.fr\/index.php\/2020\/03\/27\/apple-pourrait-repousser-le-lancement-de-ses-prochains-iphone-a-2021\/","title":{"rendered":"Apple pourrait repousser le lancement de ses prochains iPhone \u00e0 2021"},"content":{"rendered":"<p> [ad_1]<br \/>\n<br \/><img decoding=\"async\" src=\"https:\/\/img.bfmtv.com\/i\/0\/0\/41f\/203efab41756bd499f5c14764ca41.jpeg\" \/><\/p>\n<div itemprop=\"articleBody\">\n<p>Selon le quotidien japonais, <em>Nikkei<\/em>, Apple serait en train de pr\u00e9parer le terrain \u00e0 un possible retard de ses premiers iPhone 5G attendus, par habitude, au mois de septembre prochain.<br \/>La raison de cette d\u00e9cision serait doublement li\u00e9e \u00e0 la pand\u00e9mie de covid-19.\u00a0D\u2019une part, le g\u00e9ant am\u00e9ricain estime que la demande pour ses produits souffrirait de la crise actuelle, et d\u2019autre part, plus en amont, les plannings de production de ces nouveaux iPhone pourraient \u00eatre eux aussi remis en question.<\/p>\n<h3 style=\"color:#333; font-family:arial,helvetica,sans-serif; font-size:23px; font-weight:700\">Des retards dans le prototypage et la production<\/h3>\n<p>En effet, la phase de prototypage avanc\u00e9e, qui devait avoir lieu d\u00e9but mars, demande beaucoup d\u2019it\u00e9rations et d\u2019interactions avec des mod\u00e8les fonctionnels.<br \/>Or, elle aurait \u00e9t\u00e9 interrompue par les restrictions sur les voyages impos\u00e9es par la tentative mondiale de freiner l\u2019expansion de l\u2019\u00e9pid\u00e9mie de coronavirus. Les ing\u00e9nieurs d\u2019Apple n\u2019ont donc pas pu rencontrer les fournisseurs pour finaliser les produits autant qu\u2019ils l\u2019auraient souhait\u00e9 et d\u00fb.<\/p>\n<aside class=\"bg-color-0 padding-inside-all-s bloc border-s\">\n<h4 class=\"box-txt-normal\">\n<p><strong>A d\u00e9couvrir aussi en vid\u00e9o<\/strong><\/p>\n<\/h4>\n<\/aside>\n<p>Selon trois sources interrog\u00e9es par le quotidien \u00e9conomique nippon, des discussions en interne au sein de la firme de Cupertino envisageraient donc le report de plusieurs mois des prochains smartphones.<br \/>Si les probl\u00e8mes proviennent en partie de la cha\u00eene d\u2019approvisionnement, <em>\u00ab\u00a0Apple redoute que la situation actuelle implique\u00a0une moindre motivation\u00a0 <\/em>[de ses utilisateurs, NDLR]<em> pour mettre \u00e0 jour leurs t\u00e9l\u00e9phones, ce qui pourrait aboutir \u00e0 un accueil assez froid des premiers iPhone 5G\u00a0\u00bb<\/em>, explique\u00a0une des sources du Nikkei, avant de pr\u00e9ciser, <em>\u00ab Apple a besoin que le premier\u00a0iPhone 5G soit un succ\u00e8s.\u00a0\u00bb<\/em><\/p>\n<h3 style=\"color:#333; font-family:arial,helvetica,sans-serif; font-size:23px; font-weight:700\">Un sursis jusqu&rsquo;en mai ?<\/h3>\n<p>Pour l\u2019heure, la d\u00e9cision ne serait pas encore arr\u00eat\u00e9e. Les fournisseurs n\u2019ont pas encore \u00e9t\u00e9 notifi\u00e9s d\u2019un \u00e9ventuel retard et certains d\u2019entre eux se verraient m\u00eame fortement encourag\u00e9s \u00e0 tenter de rattraper le temps perdu.<br \/>Apple serait en train de surveiller la situation aux Etats-Unis et en Europe, ses deux principaux march\u00e9s. Une autre source du journal japonais indiquait que <em>\u00ab\u00a0Apple devrait prendre sa d\u00e9cision aux alentours de mai au plus tard, au vu du contexte mondial\u00a0\u00bb<\/em>.<\/p>\n<p><em>\u00ab\u00a0Nous n\u2019avons pas encore baiss\u00e9 les bras\u00a0\u00bb<\/em>, indiquait une autre source de <em>Nikkei<\/em>, qui semble travailler pour Apple. <em>\u00ab\u00a0Nous faisons notre possible pour r\u00e9gler ce probl\u00e8me. [\u2026] La discussion en est encore \u00e0 ses d\u00e9buts et le lancement \u00e0 l\u2019automne n\u2019est pas encore totalement impossible. Mais les iPhone 5G pourraient \u00eatre\u00a0repouss\u00e9s jusqu\u2019en 2021 dans le pire des cas. \u00bb<\/em><\/p>\n<p><strong>Source\u00a0: <\/strong><a href=\"https:\/\/asia.nikkei.com\/Spotlight\/Coronavirus\/Apple-weighs-delaying-5G-iPhone-launch-by-months-sources-say\">Nikkei<\/a><\/p>\n<\/p><\/div>\n<p><script>\n         !function(f,b,e,v,n,t,s){if(f.fbq)return;n=f.fbq=function()\n         {n.callMethod? n.callMethod.apply(n,arguments):n.queue.push(arguments)}\n         ;if(!f._fbq)f._fbq=n;\n             n.push=n;n.loaded=!0;n.version='2.0';n.queue=[];t=b.createElement(e);t.async=!0;\n             t.src=v;s=b.getElementsByTagName(e)[0];s.parentNode.insertBefore(t,s)}(window,\n                 document,'script','https:\/\/connect.facebook.net\/en_US\/fbevents.js');\n         fbq('init', '1065890633454496');\n         fbq('track', 'PageView');\n     <\/script><br \/>\n<br \/>[ad_2]<br \/>\n<br \/><a href=\"https:\/\/www.01net.com\/actualites\/apple-pourrait-repousser-le-lancement-de-ses-iphone-5g-a-2021-1882387.html\">Source link <\/a><\/p>\n","protected":false},"excerpt":{"rendered":"<p>[ad_1] Selon le quotidien japonais, Nikkei, Apple serait en train de pr\u00e9parer le terrain \u00e0 un possible retard de ses &hellip; <a href=\"http:\/\/www.affinite.fr\/index.php\/2020\/03\/27\/apple-pourrait-repousser-le-lancement-de-ses-prochains-iphone-a-2021\/\" class=\"more-link\">Plus <span class=\"screen-reader-text\">Apple pourrait repousser le lancement de ses prochains iPhone \u00e0 2021<\/span> <span class=\"meta-nav\">&rarr;<\/span><\/a><\/p>\n","protected":false},"author":1,"featured_media":1188,"comment_status":"open","ping_status":"open","sticky":false,"template":"","format":"standard","meta":{"_sitemap_exclude":false,"_sitemap_priority":"","_sitemap_frequency":"","footnotes":""},"categories":[1],"tags":[],"class_list":["post-1187","post","type-post","status-publish","format-standard","has-post-thumbnail","hentry","category-tous"],"_links":{"self":[{"href":"http:\/\/www.affinite.fr\/index.php\/wp-json\/wp\/v2\/posts\/1187"}],"collection":[{"href":"http:\/\/www.affinite.fr\/index.php\/wp-json\/wp\/v2\/posts"}],"about":[{"href":"http:\/\/www.affinite.fr\/index.php\/wp-json\/wp\/v2\/types\/post"}],"author":[{"embeddable":true,"href":"http:\/\/www.affinite.fr\/index.php\/wp-json\/wp\/v2\/users\/1"}],"replies":[{"embeddable":true,"href":"http:\/\/www.affinite.fr\/index.php\/wp-json\/wp\/v2\/comments?post=1187"}],"version-history":[{"count":0,"href":"http:\/\/www.affinite.fr\/index.php\/wp-json\/wp\/v2\/posts\/1187\/revisions"}],"wp:featuredmedia":[{"embeddable":true,"href":"http:\/\/www.affinite.fr\/index.php\/wp-json\/wp\/v2\/media\/1188"}],"wp:attachment":[{"href":"http:\/\/www.affinite.fr\/index.php\/wp-json\/wp\/v2\/media?parent=1187"}],"wp:term":[{"taxonomy":"category","embeddable":true,"href":"http:\/\/www.affinite.fr\/index.php\/wp-json\/wp\/v2\/categories?post=1187"},{"taxonomy":"post_tag","embeddable":true,"href":"http:\/\/www.affinite.fr\/index.php\/wp-json\/wp\/v2\/tags?post=1187"}],"curies":[{"name":"wp","href":"https:\/\/api.w.org\/{rel}","templated":true}]}}