{"id":11794,"date":"2025-06-28T17:43:19","date_gmt":"2025-06-28T17:43:19","guid":{"rendered":"https:\/\/www.affinite.fr\/index.php\/2025\/06\/28\/sans-cuisson-cette-tarte-au-concombre-est-parfaite-quand-on-ne-veut-pas-allumer-son-four\/"},"modified":"2025-06-28T17:43:19","modified_gmt":"2025-06-28T17:43:19","slug":"sans-cuisson-cette-tarte-au-concombre-est-parfaite-quand-on-ne-veut-pas-allumer-son-four","status":"publish","type":"post","link":"http:\/\/www.affinite.fr\/index.php\/2025\/06\/28\/sans-cuisson-cette-tarte-au-concombre-est-parfaite-quand-on-ne-veut-pas-allumer-son-four\/","title":{"rendered":"Sans cuisson, cette tarte au concombre est parfaite quand on ne veut pas allumer son four"},"content":{"rendered":"<p> [ad_1]<br \/>\n<br \/><img decoding=\"async\" src=\"https:\/\/img-3.journaldesfemmes.fr\/besOjYJLkWd3hpqHKcDkenDMFQM=\/1280x\/smart\/5a76b7a047c1405c902faad24345a2ec\/ccmcms-jdf\/40037023.jpg\" \/><\/p>\n<p>\n                Trop chaud pour allumer le four\u00a0? \u00c0 moins de vouloir s&rsquo;offrir une s\u00e9ance de hammam, mieux vaut pr\u00e9parer cette tarte au concombre sans cuisson qu&rsquo;une quiche lorraine&#8230;            <\/p>\n<div>\n<p>Le samedi soir, vous ne ratez jamais le bulletin m\u00e9t\u00e9o. Pour des raisons disons&#8230; bien \u00e0 vous. Pendant que les autres se demandent s&rsquo;ils devront sortir leur imper pour leur balade en v\u00e9lo, vous, vous voulez simplement savoir si vous pourrez cuire votre quiche du dimanche sans transformer votre cuisine en fournaise.<\/p>\n<p>Pour ce week-end, malheureusement, il semble que ce soit comme votre sachet de gruy\u00e8re\u00a0: r\u00e2p\u00e9. Le pic de canicule annonc\u00e9 vous oblige \u00e0 revoir vos plans. Hors de question d&rsquo;allumer le four dans votre petit appartement (non climatis\u00e9, \u00e0 votre grand d\u00e9sespoir), dans lequel vous ne disposez que d&rsquo;un \u00e9ventail, d&rsquo;un brumisateur et d&rsquo;un ventilateur de table pour vous rafra\u00eechir. Pas tr\u00e8s efficace.<\/p>\n<p>Retomber dans les salades de p\u00e2tes et les sandwichs\u00a0au jambon\u00a0? Non merci. \u00c7a vous rappelle trop les pauses d\u00e9j&rsquo; au bureau. Et c&rsquo;est beaucoup moins convivial. Vous pr\u00e9f\u00e9rez nettement l&rsquo;esprit de partage d&rsquo;une bonne tarte sal\u00e9e&#8230; Rassurez-vous, \u00e0 chaque probl\u00e8me sa solution\u00a0! Lorsque le mercure s&#8217;emballe, Marie Compain, aka @marie.food.tips\u00a0sur Instagram, ressort sa botte secr\u00e8te\u00a0: une <a href=\"https:\/\/www.instagram.com\/p\/DKSI6t7piGG\/\" target=\"_blank\" rel=\"noopener\">tarte au concombre z\u00e9ro cuisson<\/a>. Pour ce faire, la blogueuse culinaire recycle tout simplement la technique du cheesecake. Il suffit de lire la recette que voici pour comprendre.<\/p>\n<p>Mixez 280\u00a0g de biscuits ap\u00e9ritif en poudre fine, puis m\u00e9langez-les \u00e0 160\u00a0g de beurre doux fondu. Tassez le tout au fond d&rsquo;un moule \u00e0 tarte de 28\u00a0cm de diam\u00e8tre (id\u00e9alement \u00e0 fond amovible) chemis\u00e9 de papier sulfuris\u00e9 et r\u00e9servez au moins 30\u00a0\u00e0 40\u00a0min au frigo. Pendant ce temps, travaillez 150\u00a0g de fromage frais (type St M\u00f4ret), 180\u00a0g de thon en conserve \u00e9goutt\u00e9, 2\u00a0cuill\u00e8res \u00e0 soupe de sauce soja et le jus d&rsquo;un demi-citron avec quelques brins de ciboulette cisel\u00e9s et un soup\u00e7on de piment d&rsquo;Espelette. Tranchez \u00e9galement 150\u00a0g de concombre en fines rondelles et \u00bd avocat en cubes. Une fois le fond de tarte durci, \u00e9talez votre appareil au thon, puis disposez le concombre en rosace et les cubes d&rsquo;avocat en une petite couronne centrale. Salez, poivrez et d\u00e9corez de quelques graines de s\u00e9same avant de tailler vos parts.<\/p>\n<p>Et si vous ne finissez pas tout, sachez que vous pouvez conserver l&rsquo;exc\u00e9dent durant 2\u00a0jours au r\u00e9frig\u00e9rateur dans un r\u00e9cipient herm\u00e9tique (ou directement dans le moule recouvert de papier aluminium). Au moins, avec cette tarte toute crue, vous ne risquez pas de faire un four&#8230;<\/p>\n<\/p><\/div>\n<p><script async defer src=\"https:\/\/platform.instagram.com\/en_US\/embeds.js\"><\/script><br \/>\n<br \/>[ad_2]<br \/>\n<br \/><a href=\"https:\/\/cuisine.journaldesfemmes.fr\/gastronomie\/3230828-sans-cuisson-cette-tarte-au-concombre-est-parfaite-quand-on-ne-veut-pas-allumer-son-four\/\">Source link <\/a><\/p>\n","protected":false},"excerpt":{"rendered":"<p>[ad_1] Trop chaud pour allumer le four\u00a0? \u00c0 moins de vouloir s&rsquo;offrir une s\u00e9ance de hammam, mieux vaut pr\u00e9parer cette &hellip; <a href=\"http:\/\/www.affinite.fr\/index.php\/2025\/06\/28\/sans-cuisson-cette-tarte-au-concombre-est-parfaite-quand-on-ne-veut-pas-allumer-son-four\/\" class=\"more-link\">Plus <span class=\"screen-reader-text\">Sans cuisson, cette tarte au concombre est parfaite quand on ne veut pas allumer son four<\/span> <span class=\"meta-nav\">&rarr;<\/span><\/a><\/p>\n","protected":false},"author":1,"featured_media":11795,"comment_status":"","ping_status":"open","sticky":false,"template":"","format":"standard","meta":{"_sitemap_exclude":false,"_sitemap_priority":"","_sitemap_frequency":"","footnotes":""},"categories":[1],"tags":[],"class_list":["post-11794","post","type-post","status-publish","format-standard","has-post-thumbnail","hentry","category-tous"],"_links":{"self":[{"href":"http:\/\/www.affinite.fr\/index.php\/wp-json\/wp\/v2\/posts\/11794"}],"collection":[{"href":"http:\/\/www.affinite.fr\/index.php\/wp-json\/wp\/v2\/posts"}],"about":[{"href":"http:\/\/www.affinite.fr\/index.php\/wp-json\/wp\/v2\/types\/post"}],"author":[{"embeddable":true,"href":"http:\/\/www.affinite.fr\/index.php\/wp-json\/wp\/v2\/users\/1"}],"replies":[{"embeddable":true,"href":"http:\/\/www.affinite.fr\/index.php\/wp-json\/wp\/v2\/comments?post=11794"}],"version-history":[{"count":0,"href":"http:\/\/www.affinite.fr\/index.php\/wp-json\/wp\/v2\/posts\/11794\/revisions"}],"wp:featuredmedia":[{"embeddable":true,"href":"http:\/\/www.affinite.fr\/index.php\/wp-json\/wp\/v2\/media\/11795"}],"wp:attachment":[{"href":"http:\/\/www.affinite.fr\/index.php\/wp-json\/wp\/v2\/media?parent=11794"}],"wp:term":[{"taxonomy":"category","embeddable":true,"href":"http:\/\/www.affinite.fr\/index.php\/wp-json\/wp\/v2\/categories?post=11794"},{"taxonomy":"post_tag","embeddable":true,"href":"http:\/\/www.affinite.fr\/index.php\/wp-json\/wp\/v2\/tags?post=11794"}],"curies":[{"name":"wp","href":"https:\/\/api.w.org\/{rel}","templated":true}]}}