{"id":11780,"date":"2025-06-24T03:27:36","date_gmt":"2025-06-24T03:27:36","guid":{"rendered":"https:\/\/www.affinite.fr\/index.php\/2025\/06\/24\/tian-de-legumes-sans-gluten-ni-lactose\/"},"modified":"2025-06-24T03:27:36","modified_gmt":"2025-06-24T03:27:36","slug":"tian-de-legumes-sans-gluten-ni-lactose","status":"publish","type":"post","link":"http:\/\/www.affinite.fr\/index.php\/2025\/06\/24\/tian-de-legumes-sans-gluten-ni-lactose\/","title":{"rendered":"Tian de l\u00e9gumes sans gluten ni lactose"},"content":{"rendered":"<p> [ad_1]<br \/>\n<\/p>\n<div>\n\t\t\t\t\t<!-- FeedbackWP Plugin - Results Widget --><\/p>\n<p itemprop=\"description\">Le <strong>tian de l\u00e9gumes<\/strong> est un plat d\u2019origine proven\u00e7ale aussi sain que savoureux, parfait pour les amateurs de cuisine simple, color\u00e9e et v\u00e9g\u00e9tale. R\u00e9alis\u00e9 uniquement \u00e0 base de l\u00e9gumes d\u2019\u00e9t\u00e9, ce gratin l\u00e9ger se distingue par ses superpositions de courgettes, tomates, aubergines et oignons, joliment align\u00e9es dans un plat \u00e0 gratin. En plus d\u2019\u00eatre <strong>sans gluten<\/strong> et <strong>sans lactose<\/strong>, il est naturellement <strong>v\u00e9g\u00e9tarien<\/strong>, ce qui en fait une recette id\u00e9ale pour les r\u00e9gimes d\u2019exclusion ou tout simplement pour all\u00e9ger les repas estivaux.<\/p>\n<p>C\u2019est <strong>une excellente mani\u00e8re de cuisiner sainement<\/strong> sans sacrifier le go\u00fbt ni passer des heures en cuisine. Il suffit de trancher les l\u00e9gumes, de les disposer avec soin, d\u2019ajouter un filet d\u2019huile d\u2019olive et quelques herbes aromatiques, puis de laisser le four faire son travail. R\u00e9sultat : des l\u00e9gumes fondants, parfum\u00e9s, l\u00e9g\u00e8rement confits, \u00e0 la texture irr\u00e9sistible.<\/p>\n<p>Le tian est aussi une recette z\u00e9ro d\u00e9chet et \u00e9conomique : vous pouvez utiliser les l\u00e9gumes de votre potager ou ceux qui tra\u00eenent dans le bas du frigo. Il accompagne \u00e0 merveille une <a href=\"https:\/\/cuisine-saine.fr\/recette-bio\/brochettes-poulet-marines-thym-citron\/\">brochette de poulet<\/a>, du riz, du quinoa, ou se suffit \u00e0 lui-m\u00eame pour un repas l\u00e9ger et \u00e9quilibr\u00e9.<\/p>\n<p>Enfin, si vous cherchez une recette \u00e0 IG bas, pleine de fibres, compatible avec un mode de vie sain, le tian est un choix judicieux. Il peut \u00eatre pr\u00e9par\u00e9 \u00e0 l\u2019avance et se d\u00e9guste aussi bien chaud que froid, ce qui en fait un alli\u00e9 des repas estivaux et des lunch boxes.<\/p>\n<p>Adoptez cette recette dans votre r\u00e9pertoire culinaire : elle deviendra vite un incontournable pour faire le plein de l\u00e9gumes tout en <strong>se r\u00e9galant sans gluten ni lactose<\/strong>.<\/p>\n<h2>Recette du Tian de l\u00e9gumes sans gluten ni lactose<\/h2>\n<ul class=\"typerect\" itemprop=\"recipeCuisine\">&#13;<\/p>\n<li class=\"ssgluten\">&#13;\n    <link itemprop=\"suitableForDiet\" href=\"https:\/\/schema.org\/GlutenFreeDiet\"\/>&#13;<br \/>\n    <span>Recette sans gluten<\/span>&#13;\n  <\/li>\n<p>&#13;<\/p>\n<li class=\"sslait\">&#13;\n    <link itemprop=\"suitableForDiet\" href=\"https:\/\/schema.org\/LowLactoseDiet\"\/>&#13;<br \/>\n    <span>Recette sans lactose<\/span>&#13;\n  <\/li>\n<p>&#13;<\/p>\n<li class=\"vege\">&#13;\n    <link itemprop=\"suitableForDiet\" href=\"https:\/\/schema.org\/VegetarianDiet\"\/>&#13;<br \/>\n    <span>Recette v\u00e9g\u00e9tarienne<\/span>&#13;\n  <\/li>\n<p>&#13;<\/p>\n<li class=\"sssucre\">&#13;\n    <link itemprop=\"suitableForDiet\" href=\"https:\/\/schema.org\/LowCarbDiet\"\/>&#13;<br \/>\n    <span>Recette sans sucre<\/span>&#13;\n  <\/li>\n<p>&#13;\n<\/ul>\n<div id=\"attachment_117895\" style=\"width: 1034px\" class=\"wp-caption alignnone\"><img loading=\"lazy\" decoding=\"async\" aria-describedby=\"caption-attachment-117895\" alt=\"Tian de l\u00e9gumes sans gluten ni lactose\" width=\"1024\" height=\"1024\" itemprop=\"image\" src=\"https:\/\/cuisine-saine.fr\/wp-content\/uploads\/2025\/06\/tian-legume-sans-gluten-sans-lactose.jpg\"\/><noscript><img loading=\"lazy\" decoding=\"async\" aria-describedby=\"caption-attachment-117895\" src=\"https:\/\/cuisine-saine.fr\/wp-content\/uploads\/2025\/06\/tian-legume-sans-gluten-sans-lactose.jpg\" alt=\"Tian de l\u00e9gumes sans gluten ni lactose\" width=\"1024\" height=\"1024\" itemprop=\"image\"\/><\/noscript><\/p>\n<p id=\"caption-attachment-117895\" class=\"wp-caption-text\">Tian de l\u00e9gumes sans gluten ni lactose<\/p>\n<\/div>\n<div class=\"intro\">\n<p itemprop=\"recipeCategory\">Plat principal<\/p>\n<p class=\"temps\">&#13;<br \/>\n  <strong class=\"yield\" itemprop=\"recipeYield\">Pour 4 personnes<\/strong><br \/>&#13;<br \/>\n  <strong>Temps de pr\u00e9paration<\/strong> : <time datetime=\"PT20M\" itemprop=\"prepTime\">20 min<\/time><br \/>&#13;<br \/>\n  <strong>Temps de cuisson<\/strong> : <time datetime=\"PT45M\" itemprop=\"cookTime\">45 min<\/time><br \/>&#13;\n<\/p>\n<\/div>\n<div class=\"ingredient\">\n<h3 class=\"listetitre\">Ingr\u00e9dients<\/h3>\n<ul class=\"listeingredient\">&#13;<\/p>\n<li class=\"ingredient\" itemprop=\"recipeIngredient\">2 courgettes<\/li>\n<p>&#13;<\/p>\n<li class=\"ingredient\" itemprop=\"recipeIngredient\">2 tomates<\/li>\n<p>&#13;<\/p>\n<li class=\"ingredient\" itemprop=\"recipeIngredient\">1 aubergine<\/li>\n<p>&#13;<\/p>\n<li class=\"ingredient\" itemprop=\"recipeIngredient\">1 oignon rouge<\/li>\n<p>&#13;<\/p>\n<li class=\"ingredient\" itemprop=\"recipeIngredient\">2 gousses d\u2019ail<\/li>\n<p>&#13;<\/p>\n<li class=\"ingredient\" itemprop=\"recipeIngredient\">2 c. \u00e0 soupe d\u2019huile d\u2019olive<\/li>\n<p>&#13;<\/p>\n<li class=\"ingredient\" itemprop=\"recipeIngredient\">Thym ou herbes de Provence<\/li>\n<p>&#13;<\/p>\n<li class=\"ingredient\" itemprop=\"recipeIngredient\">Sel et poivre<\/li>\n<p>&#13;\n<\/ul>\n<\/div>\n<ol class=\"recette\" itemprop=\"recipeInstructions\">&#13;<\/p>\n<li itemprop=\"step\">Pr\u00e9chauffez le four \u00e0 180\u00b0C (th. 6).<\/li>\n<p>&#13;<\/p>\n<li itemprop=\"step\">Lavez les l\u00e9gumes et \u00e9pluchez l\u2019ail et l\u2019oignon.<\/li>\n<p>&#13;<\/p>\n<li itemprop=\"step\">Coupez les courgettes, tomates, aubergine et oignon en fines rondelles. Hachez l\u2019ail.<\/li>\n<p>&#13;<\/p>\n<li itemprop=\"step\">Huilez l\u00e9g\u00e8rement un plat \u00e0 gratin et frottez-le \u00e0 l\u2019ail.<\/li>\n<p>&#13;<\/p>\n<li itemprop=\"step\">Disposez les tranches de l\u00e9gumes en alternant les couleurs, serr\u00e9es verticalement ou en spirale.<\/li>\n<p>&#13;<\/p>\n<li itemprop=\"step\">Parsemez d\u2019ail hach\u00e9, d\u2019herbes de Provence, salez, poivrez et arrosez d\u2019huile d\u2019olive.<\/li>\n<p>&#13;<\/p>\n<li itemprop=\"step\">Couvrez de papier cuisson et enfournez 30 minutes.<\/li>\n<p>&#13;<\/p>\n<li itemprop=\"step\">Retirez le papier et poursuivez la cuisson 15 minutes pour faire gratiner l\u00e9g\u00e8rement.<\/li>\n<p>&#13;\n<\/ol>\n<div class=\"nutrition\" itemprop=\"nutrition\" itemscope=\"\" itemtype=\"https:\/\/schema.org\/NutritionInformation\" style=\"clear:both; margin-top:20px\">\n<table>&#13;<\/p>\n<caption><strong>Valeurs nutritionnelles pour 1 portion de tian de l\u00e9gumes sans gluten ni lactose<\/strong><\/caption>\n<p>&#13;<\/p>\n<tr>&#13;<\/p>\n<th scope=\"row\">Calories<\/th>\n<p>&#13;<\/p>\n<td><span itemprop=\"calories\">120 kcal<\/span><\/td>\n<p>&#13;<br \/>\n  <\/tr>\n<p>&#13;<\/p>\n<tr>&#13;<\/p>\n<th scope=\"row\">Lipides<\/th>\n<p>&#13;<\/p>\n<td><span itemprop=\"fatContent\">7 g<\/span><\/td>\n<p>&#13;<br \/>\n  <\/tr>\n<p>&#13;<\/p>\n<tr>&#13;<\/p>\n<th scope=\"row\">Glucides<\/th>\n<p>&#13;<\/p>\n<td><span itemprop=\"carbohydrateContent\">10 g<\/span><\/td>\n<p>&#13;<br \/>\n  <\/tr>\n<p>&#13;<\/p>\n<tr>&#13;<\/p>\n<th scope=\"row\">Sucres<\/th>\n<p>&#13;<\/p>\n<td><span itemprop=\"sugarContent\">6 g<\/span><\/td>\n<p>&#13;<br \/>\n  <\/tr>\n<p>&#13;<\/p>\n<tr>&#13;<\/p>\n<th scope=\"row\">Fibres<\/th>\n<p>&#13;<\/p>\n<td><span itemprop=\"fiberContent\">4 g<\/span><\/td>\n<p>&#13;<br \/>\n  <\/tr>\n<p>&#13;<\/p>\n<tr>&#13;<\/p>\n<th scope=\"row\">Prot\u00e9ines<\/th>\n<p>&#13;<\/p>\n<td><span itemprop=\"proteinContent\">2 g<\/span><\/td>\n<p>&#13;<br \/>\n  <\/tr>\n<p>&#13;<\/p>\n<tr>&#13;<\/p>\n<th scope=\"row\">Sel<\/th>\n<p>&#13;<\/p>\n<td><span itemprop=\"sodiumContent\">0.3 g<\/span><\/td>\n<p>&#13;<br \/>\n  <\/tr>\n<p>&#13;<br \/>\n<\/table>\n<\/div>\n<div itemscope=\"\" itemtype=\"https:\/\/schema.org\/FAQPage\">\n<div itemscope=\"\" itemprop=\"mainEntity\" itemtype=\"https:\/\/schema.org\/Question\">\n<h3 itemprop=\"name\">Le tian de l\u00e9gumes est-il compatible avec un r\u00e9gime sans gluten ?<\/h3>\n<div itemscope=\"\" itemprop=\"acceptedAnswer\" itemtype=\"https:\/\/schema.org\/Answer\">\n<p itemprop=\"text\">Oui, le tian de l\u00e9gumes est naturellement sans gluten. Il ne contient ni farine ni c\u00e9r\u00e9ales, seulement des l\u00e9gumes, des herbes et un filet d\u2019huile d\u2019olive. Il convient donc parfaitement aux personnes atteintes de la maladie c\u0153liaque ou sensibles au gluten.<\/p>\n<\/p><\/div>\n<\/p><\/div>\n<div itemscope=\"\" itemprop=\"mainEntity\" itemtype=\"https:\/\/schema.org\/Question\">\n<h3 itemprop=\"name\">Puis-je pr\u00e9parer le tian de l\u00e9gumes \u00e0 l\u2019avance ?<\/h3>\n<div itemscope=\"\" itemprop=\"acceptedAnswer\" itemtype=\"https:\/\/schema.org\/Answer\">\n<p itemprop=\"text\">Oui, ce plat se conserve tr\u00e8s bien. Vous pouvez le pr\u00e9parer la veille et le r\u00e9chauffer au four ou le consommer froid. Il est m\u00eame encore meilleur le lendemain, car les saveurs ont eu le temps de se d\u00e9velopper.<\/p>\n<\/p><\/div>\n<\/p><\/div>\n<div itemscope=\"\" itemprop=\"mainEntity\" itemtype=\"https:\/\/schema.org\/Question\">\n<h3 itemprop=\"name\">Quels l\u00e9gumes peut-on utiliser dans un tian ?<\/h3>\n<div itemscope=\"\" itemprop=\"acceptedAnswer\" itemtype=\"https:\/\/schema.org\/Answer\">\n<p itemprop=\"text\">Les l\u00e9gumes les plus courants sont la courgette, la tomate, l\u2019aubergine et l\u2019oignon. Mais vous pouvez aussi y int\u00e9grer des rondelles de patate douce, de carotte, ou m\u00eame de betterave pour une version plus originale et color\u00e9e.<\/p>\n<\/p><\/div>\n<\/p><\/div>\n<div itemscope=\"\" itemprop=\"mainEntity\" itemtype=\"https:\/\/schema.org\/Question\">\n<h3 itemprop=\"name\">Peut-on congeler un tian de l\u00e9gumes ?<\/h3>\n<div itemscope=\"\" itemprop=\"acceptedAnswer\" itemtype=\"https:\/\/schema.org\/Answer\">\n<p itemprop=\"text\">Oui, il est possible de congeler le tian une fois cuit. Laissez-le refroidir compl\u00e8tement avant de le placer dans un contenant herm\u00e9tique. Il se conserve environ 2 mois au cong\u00e9lateur. Pour le d\u00e9guster, laissez-le d\u00e9congeler puis r\u00e9chauffez au four.<\/p>\n<\/p><\/div>\n<\/p><\/div>\n<div itemscope=\"\" itemprop=\"mainEntity\" itemtype=\"https:\/\/schema.org\/Question\">\n<h3 itemprop=\"name\">Le tian de l\u00e9gumes est-il adapt\u00e9 \u00e0 un r\u00e9gime v\u00e9g\u00e9talien ?<\/h3>\n<div itemscope=\"\" itemprop=\"acceptedAnswer\" itemtype=\"https:\/\/schema.org\/Answer\">\n<p itemprop=\"text\">Absolument. Cette recette ne contient aucun ingr\u00e9dient d\u2019origine animale. Elle est donc parfaitement compatible avec un r\u00e9gime v\u00e9g\u00e9talien ou vegan.<\/p>\n<\/p><\/div>\n<\/p><\/div>\n<\/div>\n<h3 class=\"conseil\">Le conseil de Karen<\/h3>\n<div class=\"conkar\">\n<p>Ajoutez des tranches de patate douce pour varier ou accompagnez de lentilles pour un plat complet. Ce tian se conserve tr\u00e8s bien et peut m\u00eame \u00eatre d\u00e9gust\u00e9 froid le lendemain !<\/p>\n<\/div>\n<p><!-- FeedbackWP Plugin --><span class=\"et_bloom_bottom_trigger\"\/>\t\t\t\t\t<\/div>\n<p>[ad_2]<br \/>\n<br \/><a href=\"https:\/\/cuisine-saine.fr\/recette-sans-gluten-ni-lait\/tian-de-legumes-sans-gluten-ni-lactose\/\">Source link <\/a><\/p>\n","protected":false},"excerpt":{"rendered":"<p>[ad_1] Le tian de l\u00e9gumes est un plat d\u2019origine proven\u00e7ale aussi sain que savoureux, parfait pour les amateurs de cuisine &hellip; <a href=\"http:\/\/www.affinite.fr\/index.php\/2025\/06\/24\/tian-de-legumes-sans-gluten-ni-lactose\/\" class=\"more-link\">Plus <span class=\"screen-reader-text\">Tian de l\u00e9gumes sans gluten ni lactose<\/span> <span class=\"meta-nav\">&rarr;<\/span><\/a><\/p>\n","protected":false},"author":1,"featured_media":11781,"comment_status":"","ping_status":"open","sticky":false,"template":"","format":"standard","meta":{"_sitemap_exclude":false,"_sitemap_priority":"","_sitemap_frequency":"","footnotes":""},"categories":[1],"tags":[],"class_list":["post-11780","post","type-post","status-publish","format-standard","has-post-thumbnail","hentry","category-tous"],"_links":{"self":[{"href":"http:\/\/www.affinite.fr\/index.php\/wp-json\/wp\/v2\/posts\/11780"}],"collection":[{"href":"http:\/\/www.affinite.fr\/index.php\/wp-json\/wp\/v2\/posts"}],"about":[{"href":"http:\/\/www.affinite.fr\/index.php\/wp-json\/wp\/v2\/types\/post"}],"author":[{"embeddable":true,"href":"http:\/\/www.affinite.fr\/index.php\/wp-json\/wp\/v2\/users\/1"}],"replies":[{"embeddable":true,"href":"http:\/\/www.affinite.fr\/index.php\/wp-json\/wp\/v2\/comments?post=11780"}],"version-history":[{"count":0,"href":"http:\/\/www.affinite.fr\/index.php\/wp-json\/wp\/v2\/posts\/11780\/revisions"}],"wp:featuredmedia":[{"embeddable":true,"href":"http:\/\/www.affinite.fr\/index.php\/wp-json\/wp\/v2\/media\/11781"}],"wp:attachment":[{"href":"http:\/\/www.affinite.fr\/index.php\/wp-json\/wp\/v2\/media?parent=11780"}],"wp:term":[{"taxonomy":"category","embeddable":true,"href":"http:\/\/www.affinite.fr\/index.php\/wp-json\/wp\/v2\/categories?post=11780"},{"taxonomy":"post_tag","embeddable":true,"href":"http:\/\/www.affinite.fr\/index.php\/wp-json\/wp\/v2\/tags?post=11780"}],"curies":[{"name":"wp","href":"https:\/\/api.w.org\/{rel}","templated":true}]}}