{"id":11774,"date":"2025-06-22T17:25:03","date_gmt":"2025-06-22T17:25:03","guid":{"rendered":"http:\/\/www.affinite.fr\/index.php\/2025\/06\/22\/xavier-niel-radin-malgre-sa-fortune-jai-la-meme-voiture-depuis-treize-ans\/"},"modified":"2025-06-22T17:25:03","modified_gmt":"2025-06-22T17:25:03","slug":"xavier-niel-radin-malgre-sa-fortune-jai-la-meme-voiture-depuis-treize-ans","status":"publish","type":"post","link":"http:\/\/www.affinite.fr\/index.php\/2025\/06\/22\/xavier-niel-radin-malgre-sa-fortune-jai-la-meme-voiture-depuis-treize-ans\/","title":{"rendered":"Xavier Niel radin malgr\u00e9 sa fortune\u00a0? \u00ab\u00a0J&rsquo;ai la m\u00eame voiture depuis treize ans\u00a0\u00bb"},"content":{"rendered":"<p> [ad_1]<br \/>\n<br \/><img decoding=\"async\" src=\"https:\/\/img-3.journaldesfemmes.fr\/YJEs80eHLZgj78lhs5z0idZ3y6M=\/1280x\/smart\/98c4552634f6431c9d1a3a715b782ff8\/ccmcms-jdf\/40035543.jpg\" \/><\/p>\n<p>\n                Le milliardaire fran\u00e7ais Xavier Niel a beau avoir une fortune colossale, il n&rsquo;a pas des go\u00fbts de luxe, au contraire\u00a0! Le fondateur de Free serait-il un brin radin\u00a0?            <\/p>\n<div>\n<p>Malgr\u00e9 sa fortune colossale, le milliardaire Xavier Niel reste un homme aux go\u00fbts simples. Le fondateur de \u00ab\u00a0Free\u00a0\u00bb cultive une discr\u00e9tion rare dans le monde des grandes fortunes, comme en t\u00e9moigne son attachement \u00e0 cette voiture bien loin du clich\u00e9 luxueux\u2026\u00a0<\/p>\n<h2>Xavier Niel fid\u00e8le \u00e0 ce bolide :\u00a0\u00ab\u00a0<em>J&rsquo;ai la m\u00eame voiture depuis treize ans<\/em>\u00ab\u00a0<\/h2>\n<p>Contrairement \u00e0 d&rsquo;autres grandes fortunes fran\u00e7aises, Xavier Niel ne craque pas pour le bling-bling. Dans la biographie <em>Xavier Niel, la voie du pirate<\/em>, les journalistes Solveig Godeluck et Emmanuel Paquette d\u00e9voilent des facettes plus personnelles du fondateur de Free. On y d\u00e9couvre notamment son tout premier coup de c\u0153ur automobile dans les ann\u00e9es 1980\u00a0: une Peugeot 205\u00a0GTi, une voiture culte vendue \u00e0 plus de 330\u00a0000\u00a0exemplaires en France, qui a marqu\u00e9 toute une g\u00e9n\u00e9ration. Un choix qui en dit long sur son go\u00fbt pour la simplicit\u00e9.<\/p>\n<p>Dans les ann\u00e9es 1990, Xavier Niel aurait craqu\u00e9 pour\u00a0une Mercedes cabriolet SLK. Depuis, le milliardaire serait rest\u00e9 fid\u00e8le \u00e0 son mod\u00e8le pr\u00e9f\u00e9r\u00e9, qu&rsquo;il conduit depuis plus de dix ans. \u00ab\u00a0<em>J&rsquo;ai la m\u00eame voiture depuis treize ans. Une allemande. Je la change de temps en temps mais c&rsquo;est toujours le m\u00eame mod\u00e8le<\/em>\u00ab\u00a0, a-t-il confi\u00e9 au magazine \u00e9conomique <em>Bilan<\/em>. Une habitude \u00e9tonnante pour un homme dont la fortune est estim\u00e9e \u00e0 9,8\u00a0milliards d&rsquo;euros d&rsquo;apr\u00e8s le magazine <em>Forbes<\/em>. Il ne s&rsquo;agit pas de radinerie, mais de simplicit\u00e9 !<\/p>\n<h2>Xavier Niel cash sur sa vision du luxe : \u00ab\u00a0<em>Le fait de passer de riche \u00e0&#8230;<\/em>\u00ab\u00a0<\/h2>\n<p>S&rsquo;il fait aujourd&rsquo;hui partie du cercle tr\u00e8s ferm\u00e9 des grandes fortunes fran\u00e7aises, Xavier Niel garde un regard presque d\u00e9tach\u00e9 sur son ascension. \u00ab\u00a0<em>Je ne sais m\u00eame pas quand c&rsquo;est arriv\u00e9<\/em>\u00ab\u00a0, confiait-il \u00e0 <em>Bilan <\/em>\u00e0 propos de son entr\u00e9e dans le club des\u00a0super riches. Une mani\u00e8re de rappeler qu&rsquo;il n&rsquo;a jamais vraiment chang\u00e9 ses habitudes, malgr\u00e9 le compte en banque qui a explos\u00e9. \u00ab\u00a0<em>Le fait de passer de riche \u00e0 tr\u00e8s riche n&rsquo;a pas chang\u00e9 ma vie. Le vrai changement, c&rsquo;est d&rsquo;\u00eatre pass\u00e9 d&rsquo;une banlieue comme Cr\u00e9teil \u00e0 Paris<\/em>\u00ab\u00a0, a-t-il ajout\u00e9.\u00a0<\/p>\n<p>Pour lui, le vrai luxe n&rsquo;a rien \u00e0 voir avec les yachts ou les jets priv\u00e9s. \u00ab\u00a0<em>Des choses simples, aller au restaurant ou partir en vacances quand je veux et o\u00f9 je veux<\/em>\u00ab\u00a0, voil\u00e0 sa d\u00e9finition du confort. Une simplicit\u00e9 qu&rsquo;il cultive m\u00eame dans ses loisirs. Celui qui vit depuis plus de dix ans une histoire d&rsquo;amour avec Delphine Arnault, la fille de <a href=\"https:\/\/www.journaldesfemmes.fr\/mode\/conseils-mode\/2800477-bernard-arnault-homme-d-affaire-francais-a-l-international\/\" title=\"Bernard Arnault\">Bernard Arnault<\/a>, s&rsquo;accorde encore parfois un plaisir coupable\u00a0: celui de se promener \u00ab\u00a0<em>dans les catacombes<\/em>\u00ab\u00a0, l&rsquo;une de ses passions.<\/p>\n<\/p><\/div>\n<p>[ad_2]<br \/>\n<br \/><a href=\"https:\/\/www.journaldesfemmes.fr\/people\/actus\/3231804-xavier-niel-radin-malgre-sa-fortune-j-ai-la-meme-voiture-depuis-treize-ans\/\">Source link <\/a><\/p>\n","protected":false},"excerpt":{"rendered":"<p>[ad_1] Le milliardaire fran\u00e7ais Xavier Niel a beau avoir une fortune colossale, il n&rsquo;a pas des go\u00fbts de luxe, au &hellip; <a href=\"http:\/\/www.affinite.fr\/index.php\/2025\/06\/22\/xavier-niel-radin-malgre-sa-fortune-jai-la-meme-voiture-depuis-treize-ans\/\" class=\"more-link\">Plus <span class=\"screen-reader-text\">Xavier Niel radin malgr\u00e9 sa fortune\u00a0? \u00ab\u00a0J&rsquo;ai la m\u00eame voiture depuis treize ans\u00a0\u00bb<\/span> <span class=\"meta-nav\">&rarr;<\/span><\/a><\/p>\n","protected":false},"author":1,"featured_media":11775,"comment_status":"","ping_status":"open","sticky":false,"template":"","format":"standard","meta":{"_sitemap_exclude":false,"_sitemap_priority":"","_sitemap_frequency":"","footnotes":""},"categories":[1],"tags":[],"class_list":["post-11774","post","type-post","status-publish","format-standard","has-post-thumbnail","hentry","category-tous"],"_links":{"self":[{"href":"http:\/\/www.affinite.fr\/index.php\/wp-json\/wp\/v2\/posts\/11774"}],"collection":[{"href":"http:\/\/www.affinite.fr\/index.php\/wp-json\/wp\/v2\/posts"}],"about":[{"href":"http:\/\/www.affinite.fr\/index.php\/wp-json\/wp\/v2\/types\/post"}],"author":[{"embeddable":true,"href":"http:\/\/www.affinite.fr\/index.php\/wp-json\/wp\/v2\/users\/1"}],"replies":[{"embeddable":true,"href":"http:\/\/www.affinite.fr\/index.php\/wp-json\/wp\/v2\/comments?post=11774"}],"version-history":[{"count":0,"href":"http:\/\/www.affinite.fr\/index.php\/wp-json\/wp\/v2\/posts\/11774\/revisions"}],"wp:featuredmedia":[{"embeddable":true,"href":"http:\/\/www.affinite.fr\/index.php\/wp-json\/wp\/v2\/media\/11775"}],"wp:attachment":[{"href":"http:\/\/www.affinite.fr\/index.php\/wp-json\/wp\/v2\/media?parent=11774"}],"wp:term":[{"taxonomy":"category","embeddable":true,"href":"http:\/\/www.affinite.fr\/index.php\/wp-json\/wp\/v2\/categories?post=11774"},{"taxonomy":"post_tag","embeddable":true,"href":"http:\/\/www.affinite.fr\/index.php\/wp-json\/wp\/v2\/tags?post=11774"}],"curies":[{"name":"wp","href":"https:\/\/api.w.org\/{rel}","templated":true}]}}