{"id":1177,"date":"2020-03-26T18:40:45","date_gmt":"2020-03-26T18:40:45","guid":{"rendered":"https:\/\/www.affinite.fr\/index.php\/2020\/03\/26\/tesla-va-rouvrir-la-gigafactory-de-new-york-pour-fabriquer-des-respirateurs-artificiels\/"},"modified":"2020-03-26T18:40:45","modified_gmt":"2020-03-26T18:40:45","slug":"tesla-va-rouvrir-la-gigafactory-de-new-york-pour-fabriquer-des-respirateurs-artificiels","status":"publish","type":"post","link":"http:\/\/www.affinite.fr\/index.php\/2020\/03\/26\/tesla-va-rouvrir-la-gigafactory-de-new-york-pour-fabriquer-des-respirateurs-artificiels\/","title":{"rendered":"Tesla va rouvrir la Gigafactory de New York pour fabriquer des respirateurs artificiels"},"content":{"rendered":"<p> [ad_1]<br \/>\n<br \/><img decoding=\"async\" src=\"https:\/\/img.bfmtv.com\/i\/0\/0\/1d3\/f755f86ec42c810240d32afac6820.jpeg\" \/><\/p>\n<div itemprop=\"articleBody\">\n<p>Et si les cha\u00eenes de production de Tesla servaient \u00e0 produire des respirateurs pour les victimes du coronavirus ? La Gigafactory 2 de Buffalo, dans l\u2019\u00e9tat de New York, risque bien de reprendre du service apr\u00e8s avoir \u00e9t\u00e9 ferm\u00e9e\u00a0sur ordre d\u2019Elon Musk. Objectif : fabriquer un maximum de respirateurs artificiels pour les h\u00f4pitaux de Big Apple.\u00a0<\/p>\n<p>En temps normal, cet \u00e9norme complexe sert \u00e0 fabriquer des panneaux solaires pour Tesla ainsi qu\u2019une bonne partie des composants des <a href=\"https:\/\/www.01net.com\/actualites\/les-superchargeurs-tesla-souffrent-aussi-du-coronavirus-1877871.html\" target=\"_blank\" rel=\"noopener noreferrer\">Superchargeurs V3<\/a>. Face au ralentissement massif de l\u2019\u00e9conomie am\u00e9ricaine et \u00e0 la baisse des commandes, la Gigafactory avait \u00e9t\u00e9 mise \u00e0 l\u2019arr\u00eat en d\u00e9but de semaine. Mais la donne semble avoir chang\u00e9, notamment en raison de la situation critique de New York. La m\u00e9galopole de huit millions d\u2019habitants est devenue, ces derni\u00e8res heures, le foyer le plus important de la pand\u00e9mie avec plus de 55 000 cas et un nombre de d\u00e9c\u00e8s en constante augmentation. Surtout, ses h\u00f4pitaux manquent d\u00e9j\u00e0 de lits et de mat\u00e9riel.<\/p>\n<h3 style=\"color:#333; font-family:arial,helvetica,sans-serif; font-size:23px; font-weight:700\">De la panique stupide \u00e0 la fabrication de mat\u00e9riel<\/h3>\n<p>L\u2019annonce d\u2019Elon Musk pourrait \u00eatre per\u00e7ue de mani\u00e8re assez banale si le patron de SpaceX ne s\u2019\u00e9tait pas illustr\u00e9 ses derni\u00e8res semaines avec un discours plut\u00f4t ambivalent sur l\u2019\u00e9pid\u00e9mie et la fa\u00e7on de la traiter. En effet, d\u00e8s le 6 mars, il avait qualifi\u00e9e d\u2019idiot l\u2019emballement autour du Coronavirus.<\/p>\n<div data-force-click=\"true\" class=\"bloc\">\n<blockquote class=\"twitter-tweet\">\n<p lang=\"en\" dir=\"ltr\">The coronavirus panic is dumb<\/p>\n<p>\u2014 Elon Musk (@elonmusk) <a href=\"https:\/\/twitter.com\/elonmusk\/status\/1236029449042198528?ref_src=twsrc%5Etfw\">March 6, 2020<\/a><\/p><\/blockquote><\/div>\n<p>Le tout avant de s\u2019improviser \u00e9pid\u00e9miologiste le 19 et le 23 mars en affirmant que les enfants \u00e9taient \u00ab\u00a0<em>essentiellement immunis\u00e9s<\/em>\u00a0\u00bb ou encore que que les masques moins on\u00e9reux que les FFP2 \u00e9taient meilleurs que ces derniers la plupart du temps\u00a0\u00bb.\u00a0<\/p>\n<div data-force-click=\"true\" class=\"bloc\">\n<blockquote class=\"twitter-tweet\">\n<p lang=\"en\" dir=\"ltr\">We\u2019ll try to get &amp; deliver as many as possible. N95 masks are a pain to wear btw. Less onerous masks are better most of the time.<\/p>\n<p>\u2014 Elon Musk (@elonmusk) <a href=\"https:\/\/twitter.com\/elonmusk\/status\/1241915251580256256?ref_src=twsrc%5Etfw\">March 23, 2020<\/a><\/p><\/blockquote><\/div>\n<p>L\u2019embl\u00e9matique patron semble donc avoir chang\u00e9 d\u2019avis sur le virus et son impact, se mettant lui aussi en oeuvre pour passer \u00e0 l\u2019action.<\/p>\n<aside class=\"bg-color-0 padding-inside-all-s bloc border-s\">\n<h4 class=\"box-txt-normal\">\n<p><strong>\u00c0 d\u00e9couvrir aussi en vid\u00e9o :<\/strong><\/p>\n<\/h4>\n<\/aside>\n<p>D\u2019ailleurs, la Gigafactory 2 pourrait ne pas \u00eatre le seul site mis \u00e0 contribution par Tesla. Il se murmure \u00e9galement que l\u2019usine de Fremont pourrait reprendre du service dans les prochains jours, l\u00e0 aussi pour fabriquer des respirateurs artificiels.\u00a0<\/p>\n<\/p><\/div>\n<p><script async src=\"http:\/\/platform.twitter.com\/widgets.js\" charset=\"utf-8\"><\/script><script>\n         !function(f,b,e,v,n,t,s){if(f.fbq)return;n=f.fbq=function()\n         {n.callMethod? n.callMethod.apply(n,arguments):n.queue.push(arguments)}\n         ;if(!f._fbq)f._fbq=n;\n             n.push=n;n.loaded=!0;n.version='2.0';n.queue=[];t=b.createElement(e);t.async=!0;\n             t.src=v;s=b.getElementsByTagName(e)[0];s.parentNode.insertBefore(t,s)}(window,\n                 document,'script','https:\/\/connect.facebook.net\/en_US\/fbevents.js');\n         fbq('init', '1065890633454496');\n         fbq('track', 'PageView');\n     <\/script><br \/>\n<br \/>[ad_2]<br \/>\n<br \/><a href=\"https:\/\/www.01net.com\/actualites\/coronavirus-tesla-va-rouvrir-la-gigafactory-de-new-york-pour-fabriquer-des-respirateurs-artificiels-1882458.html\">Source link <\/a><\/p>\n","protected":false},"excerpt":{"rendered":"<p>[ad_1] Et si les cha\u00eenes de production de Tesla servaient \u00e0 produire des respirateurs pour les victimes du coronavirus ? &hellip; <a href=\"http:\/\/www.affinite.fr\/index.php\/2020\/03\/26\/tesla-va-rouvrir-la-gigafactory-de-new-york-pour-fabriquer-des-respirateurs-artificiels\/\" class=\"more-link\">Plus <span class=\"screen-reader-text\">Tesla va rouvrir la Gigafactory de New York pour fabriquer des respirateurs artificiels<\/span> <span class=\"meta-nav\">&rarr;<\/span><\/a><\/p>\n","protected":false},"author":1,"featured_media":1178,"comment_status":"open","ping_status":"open","sticky":false,"template":"","format":"standard","meta":{"_sitemap_exclude":false,"_sitemap_priority":"","_sitemap_frequency":"","footnotes":""},"categories":[1],"tags":[],"class_list":["post-1177","post","type-post","status-publish","format-standard","has-post-thumbnail","hentry","category-tous"],"_links":{"self":[{"href":"http:\/\/www.affinite.fr\/index.php\/wp-json\/wp\/v2\/posts\/1177"}],"collection":[{"href":"http:\/\/www.affinite.fr\/index.php\/wp-json\/wp\/v2\/posts"}],"about":[{"href":"http:\/\/www.affinite.fr\/index.php\/wp-json\/wp\/v2\/types\/post"}],"author":[{"embeddable":true,"href":"http:\/\/www.affinite.fr\/index.php\/wp-json\/wp\/v2\/users\/1"}],"replies":[{"embeddable":true,"href":"http:\/\/www.affinite.fr\/index.php\/wp-json\/wp\/v2\/comments?post=1177"}],"version-history":[{"count":0,"href":"http:\/\/www.affinite.fr\/index.php\/wp-json\/wp\/v2\/posts\/1177\/revisions"}],"wp:featuredmedia":[{"embeddable":true,"href":"http:\/\/www.affinite.fr\/index.php\/wp-json\/wp\/v2\/media\/1178"}],"wp:attachment":[{"href":"http:\/\/www.affinite.fr\/index.php\/wp-json\/wp\/v2\/media?parent=1177"}],"wp:term":[{"taxonomy":"category","embeddable":true,"href":"http:\/\/www.affinite.fr\/index.php\/wp-json\/wp\/v2\/categories?post=1177"},{"taxonomy":"post_tag","embeddable":true,"href":"http:\/\/www.affinite.fr\/index.php\/wp-json\/wp\/v2\/tags?post=1177"}],"curies":[{"name":"wp","href":"https:\/\/api.w.org\/{rel}","templated":true}]}}