{"id":11638,"date":"2025-05-24T16:22:00","date_gmt":"2025-05-24T16:22:00","guid":{"rendered":"https:\/\/www.affinite.fr\/index.php\/2025\/05\/24\/sheila-angoissee-face-a-ses-80-ans-des-8-heures-du-matin-je-file-a\/"},"modified":"2025-05-24T16:22:00","modified_gmt":"2025-05-24T16:22:00","slug":"sheila-angoissee-face-a-ses-80-ans-des-8-heures-du-matin-je-file-a","status":"publish","type":"post","link":"http:\/\/www.affinite.fr\/index.php\/2025\/05\/24\/sheila-angoissee-face-a-ses-80-ans-des-8-heures-du-matin-je-file-a\/","title":{"rendered":"Sheila angoiss\u00e9e face \u00e0 ses 80\u00a0ans\u00a0? \u00ab\u00a0D\u00e8s 8\u00a0heures du matin, je file \u00e0\u2026\u00a0\u00bb"},"content":{"rendered":"<p> [ad_1]<br \/>\n<br \/><img decoding=\"async\" src=\"https:\/\/img-3.journaldesfemmes.fr\/4jcei-OFJK1qNM1zTwdlt3Ubeas=\/1280x\/smart\/995ed30f41b04fae873c939fad9b2fab\/ccmcms-jdf\/40030884.jpg\" \/><\/p>\n<p>\n                A presque 80\u00a0ans, Sheila ne compte pas prendre sa retraite trop vite. Nouvel album, nouvelle tourn\u00e9e&#8230; elle est partout. Et, pour lutter contre les effets de l&rsquo;\u00e2ge, elle a une routine presque militaire.            <\/p>\n<div>\n<p>\u00c0 bient\u00f4t 80\u00a0ans &#8211; elle f\u00eatera cette nouvelle d\u00e9cennie le 16\u00a0ao\u00fbt prochain -, Sheila\u00a0retrouvera les routes de France pour une tourn\u00e9e \u00e9v\u00e8nement, <em>The 8.0\u00a0Tour.<\/em> L&rsquo;occasion pour celle qui a d\u00e9voil\u00e9 un nouvel opus, <em>\u00c0 l&rsquo;avenir<\/em>, en avril dernier, de c\u00e9l\u00e9brer cet anniversaire\u00a0comme il se doit.<\/p>\n<h2>Sheila ne se voit pas vieillir\u00a0: \u00ab\u00a0<em>Est-ce que j&rsquo;ai l&rsquo;air vieille\u00a0?<\/em>\u00ab\u00a0<\/h2>\n<p>Cette nouvelle d\u00e9cennie est un cap que la chanteuse aborde avec la plus grande des s\u00e9r\u00e9nit\u00e9s. C&rsquo;est en tout cas ce qu&rsquo;elle a r\u00e9pondu \u00e0\u00a0<em>Gala<\/em> qui l&rsquo;a\u00a0r\u00e9cemment interrog\u00e9e sur le\u00a0temps qui passe. <em>\u00ab\u00a0Est-ce que j&rsquo;ai l&rsquo;air vieille\u00a0? Je ne veux pas entendre parler de mon \u00e2ge, je m&rsquo;en moque\u00a0! C&rsquo;est les autres qui vous disent que vous \u00eates vieille, qui ont besoin de se rassurer ainsi\u00a0\u00bb<\/em>, a-t-elle lanc\u00e9.<\/p>\n<p>Et l&rsquo;interpr\u00e8te des tubes <em>Spacer<\/em> et <em>L&rsquo;\u00e9cole est finie<\/em> d&rsquo;ajouter\u00a0: <em>\u00ab\u00a0Dans ma t\u00eate, j&rsquo;ai 40\u00a0ans et je me projette comme s&rsquo;il m&rsquo;en restait encore quarante \u00e0 vivre\u2026 Le matin, il m&rsquo;arrive d&rsquo;avoir des douleurs physiques mais je ne me plains pas. Vous ne savez pas quand la sentence finale va tomber. Et lorsque vous avez compris \u00e7a, vous prenez les choses comme elles arrivent et vous foncez\u00a0!\u00a0\u00bb<\/em><\/p>\n<h2>Sheila, en forme ?\u00a0\u00ab\u00a0<em>Mon corps change, mais je m&rsquo;accroche !<\/em>\u00ab\u00a0<\/h2>\n<p>Son secret pour rester en forme apr\u00e8s 62\u00a0ans de carri\u00e8re\u00a0? La rigueur. <em>\u00ab\u00a0J&rsquo;ai toujours une coach physique avec qui je travaille depuis plus de vingt ans. C&rsquo;est d&rsquo;ailleurs elle qui a trouv\u00e9 l&rsquo;expression 8.0\u00a0pour parler de mon \u00e2ge\u00a0\u00bb<\/em>, a confi\u00e9 celle qui se nomme <a href=\"https:\/\/www.journaldesfemmes.fr\/people\/personnalites\/2839695-sheila-age-mari-ludovic\/\" title=\"Sheila\">Annie Chancel<\/a> \u00e0 la ville.<em> \u00ab\u00a0J&rsquo;ai la chance d&rsquo;\u00eatre en bonne sant\u00e9. J&rsquo;ai \u0153uvr\u00e9 pour \u00e7a. Je n&rsquo;ai pas bu, pas pris de drogues, j&rsquo;ai toujours fait du sport.\u00a0<\/em><em>J&rsquo;ai toujours aim\u00e9 les beaux v\u00e9hicules et mon \u00e2me doit voyager dans une belle berline. Donc je fais attention, m\u00eame si c&rsquo;est de plus en plus difficile. Parce que mon corps change\u2026 Mais je m&rsquo;accroche\u00a0!\u00a0\u00bb, <\/em>a ajout\u00e9 la maman du d\u00e9funt Ludovic Chancel.<\/p>\n<p><em>\u00ab\u00a0J&rsquo;ai conserv\u00e9 le style de vie de l&rsquo;\u00e9poque o\u00f9 je faisais les marches avec mes parents. Je suis debout \u00e0 6\u00a0ou 7\u00a0heures, pour voir le jour se lever. Deux, trois fois par semaine, d\u00e8s 8\u00a0heures du matin, je file \u00e0 la salle de sport, je fais du cardio, de la musculation. Je travaille beaucoup, j&rsquo;ai des courbatures. Mais si tu veux, tu peux\u00a0!\u00a0\u00bb<\/em>, a ensuite d\u00e9taill\u00e9 Sheila. Et de conclure :<em> \u00ab\u00a0Le jour o\u00f9 je ne pourrai plus danser, j&rsquo;arr\u00eate la sc\u00e8ne\u00a0\u00bb<\/em>.<\/p>\n<\/p><\/div>\n<p>[ad_2]<br \/>\n<br \/><a href=\"https:\/\/www.journaldesfemmes.fr\/people\/actus\/3227848-sheila-face-a-ses-80-ans-des-8-heures-du-matin-je-file-a\/\">Source link <\/a><\/p>\n","protected":false},"excerpt":{"rendered":"<p>[ad_1] A presque 80\u00a0ans, Sheila ne compte pas prendre sa retraite trop vite. Nouvel album, nouvelle tourn\u00e9e&#8230; elle est partout. &hellip; <a href=\"http:\/\/www.affinite.fr\/index.php\/2025\/05\/24\/sheila-angoissee-face-a-ses-80-ans-des-8-heures-du-matin-je-file-a\/\" class=\"more-link\">Plus <span class=\"screen-reader-text\">Sheila angoiss\u00e9e face \u00e0 ses 80\u00a0ans\u00a0? \u00ab\u00a0D\u00e8s 8\u00a0heures du matin, je file \u00e0\u2026\u00a0\u00bb<\/span> <span class=\"meta-nav\">&rarr;<\/span><\/a><\/p>\n","protected":false},"author":1,"featured_media":11639,"comment_status":"","ping_status":"open","sticky":false,"template":"","format":"standard","meta":{"_sitemap_exclude":false,"_sitemap_priority":"","_sitemap_frequency":"","footnotes":""},"categories":[1],"tags":[],"class_list":["post-11638","post","type-post","status-publish","format-standard","has-post-thumbnail","hentry","category-tous"],"_links":{"self":[{"href":"http:\/\/www.affinite.fr\/index.php\/wp-json\/wp\/v2\/posts\/11638"}],"collection":[{"href":"http:\/\/www.affinite.fr\/index.php\/wp-json\/wp\/v2\/posts"}],"about":[{"href":"http:\/\/www.affinite.fr\/index.php\/wp-json\/wp\/v2\/types\/post"}],"author":[{"embeddable":true,"href":"http:\/\/www.affinite.fr\/index.php\/wp-json\/wp\/v2\/users\/1"}],"replies":[{"embeddable":true,"href":"http:\/\/www.affinite.fr\/index.php\/wp-json\/wp\/v2\/comments?post=11638"}],"version-history":[{"count":0,"href":"http:\/\/www.affinite.fr\/index.php\/wp-json\/wp\/v2\/posts\/11638\/revisions"}],"wp:featuredmedia":[{"embeddable":true,"href":"http:\/\/www.affinite.fr\/index.php\/wp-json\/wp\/v2\/media\/11639"}],"wp:attachment":[{"href":"http:\/\/www.affinite.fr\/index.php\/wp-json\/wp\/v2\/media?parent=11638"}],"wp:term":[{"taxonomy":"category","embeddable":true,"href":"http:\/\/www.affinite.fr\/index.php\/wp-json\/wp\/v2\/categories?post=11638"},{"taxonomy":"post_tag","embeddable":true,"href":"http:\/\/www.affinite.fr\/index.php\/wp-json\/wp\/v2\/tags?post=11638"}],"curies":[{"name":"wp","href":"https:\/\/api.w.org\/{rel}","templated":true}]}}