{"id":11600,"date":"2025-05-11T16:01:05","date_gmt":"2025-05-11T16:01:05","guid":{"rendered":"http:\/\/www.affinite.fr\/index.php\/2025\/05\/11\/leon-marchand-deja-pret-a-quitter-la-natation-ce-metier-inattendu-quil-veut-exercer\/"},"modified":"2025-05-11T16:01:05","modified_gmt":"2025-05-11T16:01:05","slug":"leon-marchand-deja-pret-a-quitter-la-natation-ce-metier-inattendu-quil-veut-exercer","status":"publish","type":"post","link":"http:\/\/www.affinite.fr\/index.php\/2025\/05\/11\/leon-marchand-deja-pret-a-quitter-la-natation-ce-metier-inattendu-quil-veut-exercer\/","title":{"rendered":"L\u00e9on Marchand, d\u00e9j\u00e0 pr\u00eat \u00e0 quitter la natation\u00a0? Ce m\u00e9tier inattendu qu&rsquo;il veut exercer"},"content":{"rendered":"<p> [ad_1]<br \/>\n<br \/><img decoding=\"async\" src=\"https:\/\/img-3.journaldesfemmes.fr\/eD4D7_sRmRnJm2wwlT0RBakGd7A=\/1280x\/smart\/6fa35c5c04674b28b90f32235dc8c2e3\/ccmcms-jdf\/40029648.jpg\" \/><\/p>\n<p>\n                L\u00e9on Marchand, qui a \u00e9t\u00e9 LA r\u00e9v\u00e9lation des Jeux Olympiques de Paris, pense d\u00e9j\u00e0 \u00e0 sa retraite sportive. Le nageur sait exactement dans quel domaine il aimerait se reconvertir\u2026 tr\u00e8s loin des bassins\u00a0!            <\/p>\n<div>\n<p>A seulement 23 ans, L\u00e9on Marchand a d\u00e9j\u00e0 accompli son plus grand r\u00eave : devenir champion olympique.\u00a0Lors des <a href=\"https:\/\/www.journaldesfemmes.fr\/societe\/jeux-olympiques-de-paris-2024\/\" title=\"Jeux olympiques de Paris 2024\">JO de Paris<\/a> en 2024, il a tout rafl\u00e9 en d\u00e9crochant quatre m\u00e9dailles d&rsquo;or.\u00a0Pourtant, le nouveau h\u00e9ros des Fran\u00e7ais penserait d\u00e9j\u00e0 \u00e0 quitter les bassins et se reconvertir dans un tout autre domaine\u2026<\/p>\n<h2>L\u00e9on Marchand : apr\u00e8s la natation, il aimerait se reconvertir dans&#8230;<\/h2>\n<p>Pour l&rsquo;instant, le champion pr\u00e9pare les Mondiaux, qui se tiendront \u00e0 Singapour cet \u00e9t\u00e9, et s&rsquo;entra\u00eene aux Etats-Unis apr\u00e8s de longues vacances en Australie. Mais dans quelques ann\u00e9es, lorsqu&rsquo;il devra prendre sa retraite sportive, quel sera son plan B ? Contrairement \u00e0 de nombreux sportifs qui deviennent coachs ou commentateurs aupr\u00e8s de m\u00e9dias, le Toulousain nourrit l&rsquo;espoir d&rsquo;exercer un m\u00e9tier dans un domaine bien diff\u00e9rent.<\/p>\n<p>\u00ab\u00a0<em>Depuis que je suis tout petit, j&rsquo;aime vraiment l&rsquo;astrophysique, l&rsquo;astronomie et l&rsquo;espace<\/em>\u00ab\u00a0, avait-il confi\u00e9 au <em>Parisien <\/em>il y a quelques mois. L\u00e9on Marchand aimerait donc conna\u00eetre la vie d&rsquo;entreprise et faire de cette autre passion son m\u00e9tier.\u00a0\u00ab\u00a0<em>Ces derni\u00e8res ann\u00e9es, je me suis rendu compte que je pouvais peut-\u00eatre travailler dans ce sujet. Donc, j&rsquo;aimerais faire \u00e7a plus tard. J&rsquo;aimerais me r\u00e9veiller le matin, aller dans une entreprise o\u00f9 je travaille l\u00e0-dessus et je serais le plus heureux dans le monde<\/em>\u00ab\u00a0, avait-il assur\u00e9. D&rsquo;ailleurs, en parall\u00e8le de son entra\u00eenement de natation, il a poursuivi des \u00e9tudes en informatique et en programmation \u00e0 l&rsquo;universit\u00e9 d&rsquo;Arizona.<\/p>\n<p>Le fils des nageurs olympiques Xavier Marchand et C\u00e9line Bonnet est d\u00e9cid\u00e9ment plein de ressources puisqu&rsquo;en plus de la natation et de l&rsquo;astronomie, il existe une autre discipline qui l&rsquo;int\u00e9resse particuli\u00e8rement.\u00a0\u00ab\u00a0<em>J&rsquo;aime aussi la musique, je fais du mixage. J&rsquo;aime vraiment la House, je suis vraiment int\u00e9ress\u00e9 par \u00e7a aussi<\/em>\u00ab\u00a0, avait-il expliqu\u00e9.<\/p>\n<h2>L\u00e9on Marchand, \u00ab\u00a0pas fait\u00a0\u00bb pour la c\u00e9l\u00e9brit\u00e9 : \u00ab\u00a0J&rsquo;essaie de me cacher&#8230;\u00a0\u00bb<\/h2>\n<p>L\u00e9on Marchand a beau \u00eatre\u00a0un jeune homme ordinaire de 23 ans, avec des aspirations et des passions plut\u00f4t communes, son quotidien a \u00e9t\u00e9 totalement chamboul\u00e9 depuis les Jeux Olympiques ! L&rsquo;\u00e9t\u00e9 dernier, il a fait vibrer des millions de Fran\u00e7ais et est d\u00e9sormais une v\u00e9ritable star. Difficile de passer incognito !\u00a0\u00ab\u00a0<em>Je mets une casquette et des lunettes, j&rsquo;essaie de me cacher un peu <\/em>(\u2026)\u00a0<em>Apr\u00e8s, quand les gens m&rsquo;arr\u00eatent dans la rue, c&rsquo;est pour dire merci. C&rsquo;est hyper bienveillant et positif, je le prends vraiment au c\u0153ur<\/em>\u00ab\u00a0, avait-il expliqu\u00e9 \u00e0 <a href=\"https:\/\/www.20minutes.fr\/sport\/jo_2024\/4110903-20240919-jo-paris-2024-leon-marchand-balade-plus-casquette-lunettes\" target=\"_blank\" rel=\"noopener\"><em>20 minutes<\/em><\/a>.<\/p>\n<p>S&rsquo;il s&rsquo;accommode de cette nouvelle notori\u00e9t\u00e9, elle\u00a0ne lui est pas toujours simple \u00e0 vivre, comme il l&rsquo;avait confi\u00e9 \u00e0 <a href=\"https:\/\/www.francetvinfo.fr\/replay-radio\/le-grand-temoin\/grand-entretien-leon-marchand-a-hesite-a-prendre-une-annee-sabbatique-mais-la-flamme-est-revenue-tres-rapidement_7163112.html\" target=\"_blank\" rel=\"noopener\"><em>Franceinfo<\/em><\/a><i>\u00a0<\/i>: \u00ab\u00a0<em>Je ne suis pas fait pour \u00e7a et ce n&rsquo;est pas quelque chose qui me galvanise, c&rsquo;est quelque chose que je dois faire en plus, un job \u00e0 part enti\u00e8re<\/em>\u00ab\u00a0. Une notori\u00e9t\u00e9 qui doit aussi avoir un impact sur sa vie amoureuse mais si L\u00e9on Marchand ne semble pas actuellement en couple.<\/p>\n<\/p><\/div>\n<p>[ad_2]<br \/>\n<br \/><a href=\"https:\/\/www.journaldesfemmes.fr\/people\/actus\/3226842-leon-marchand-deja-pret-a-quitter-la-natation-ce-metier-qu-il-veut-exercer\/\">Source link <\/a><\/p>\n","protected":false},"excerpt":{"rendered":"<p>[ad_1] L\u00e9on Marchand, qui a \u00e9t\u00e9 LA r\u00e9v\u00e9lation des Jeux Olympiques de Paris, pense d\u00e9j\u00e0 \u00e0 sa retraite sportive. Le &hellip; <a href=\"http:\/\/www.affinite.fr\/index.php\/2025\/05\/11\/leon-marchand-deja-pret-a-quitter-la-natation-ce-metier-inattendu-quil-veut-exercer\/\" class=\"more-link\">Plus <span class=\"screen-reader-text\">L\u00e9on Marchand, d\u00e9j\u00e0 pr\u00eat \u00e0 quitter la natation\u00a0? Ce m\u00e9tier inattendu qu&rsquo;il veut exercer<\/span> <span class=\"meta-nav\">&rarr;<\/span><\/a><\/p>\n","protected":false},"author":1,"featured_media":11601,"comment_status":"","ping_status":"open","sticky":false,"template":"","format":"standard","meta":{"_sitemap_exclude":false,"_sitemap_priority":"","_sitemap_frequency":"","footnotes":""},"categories":[1],"tags":[],"class_list":["post-11600","post","type-post","status-publish","format-standard","has-post-thumbnail","hentry","category-tous"],"_links":{"self":[{"href":"http:\/\/www.affinite.fr\/index.php\/wp-json\/wp\/v2\/posts\/11600"}],"collection":[{"href":"http:\/\/www.affinite.fr\/index.php\/wp-json\/wp\/v2\/posts"}],"about":[{"href":"http:\/\/www.affinite.fr\/index.php\/wp-json\/wp\/v2\/types\/post"}],"author":[{"embeddable":true,"href":"http:\/\/www.affinite.fr\/index.php\/wp-json\/wp\/v2\/users\/1"}],"replies":[{"embeddable":true,"href":"http:\/\/www.affinite.fr\/index.php\/wp-json\/wp\/v2\/comments?post=11600"}],"version-history":[{"count":0,"href":"http:\/\/www.affinite.fr\/index.php\/wp-json\/wp\/v2\/posts\/11600\/revisions"}],"wp:featuredmedia":[{"embeddable":true,"href":"http:\/\/www.affinite.fr\/index.php\/wp-json\/wp\/v2\/media\/11601"}],"wp:attachment":[{"href":"http:\/\/www.affinite.fr\/index.php\/wp-json\/wp\/v2\/media?parent=11600"}],"wp:term":[{"taxonomy":"category","embeddable":true,"href":"http:\/\/www.affinite.fr\/index.php\/wp-json\/wp\/v2\/categories?post=11600"},{"taxonomy":"post_tag","embeddable":true,"href":"http:\/\/www.affinite.fr\/index.php\/wp-json\/wp\/v2\/tags?post=11600"}],"curies":[{"name":"wp","href":"https:\/\/api.w.org\/{rel}","templated":true}]}}