{"id":1157,"date":"2020-03-26T09:36:33","date_gmt":"2020-03-26T09:36:33","guid":{"rendered":"https:\/\/www.affinite.fr\/index.php\/2020\/03\/26\/confines-fabrice-luchini-en-forme-zapping-des-chanteurs-en-salon\/"},"modified":"2020-03-26T09:36:33","modified_gmt":"2020-03-26T09:36:33","slug":"confines-fabrice-luchini-en-forme-zapping-des-chanteurs-en-salon","status":"publish","type":"post","link":"http:\/\/www.affinite.fr\/index.php\/2020\/03\/26\/confines-fabrice-luchini-en-forme-zapping-des-chanteurs-en-salon\/","title":{"rendered":"Confin\u00e9s&#8230; Fabrice Luchini en forme, zapping des chanteurs en salon&#8230;"},"content":{"rendered":"<p> [ad_1]<br \/>\n<\/p>\n<p>\n                Que font les people en cette p\u00e9riode de confinement\u00a0? Entre partage de leur quotidien sur les r\u00e9seaux sociaux et bons conseils dispens\u00e9s, tour d&rsquo;horizon des journ\u00e9es des stars \u00ab\u00a0enferm\u00e9es\u00a0\u00bb.            <\/p>\n<div>\n<p><b>[Mise \u00e0 jour jeudi\u00a026\u00a0mars \u00e0 09h50]<\/b>\u00a0<strong>Les stars n&rsquo;\u00e9chappent pas \u00e0 l&rsquo;enfermement&#8230;<\/strong>\u00a0Comme nous, personnalit\u00e9s du cin\u00e9ma, c\u00e9l\u00e8bres sportifs et autres chanteurs \u00e0 succ\u00e8s doivent <a href=\"https:\/\/www.journaldesfemmes.fr\/societe\/actu\/2626059-confinement-attestation-de-sortie-prolonge-6-semaines-macron\/\">rester <strong>confin\u00e9s<\/strong><\/a><strong> <\/strong>chez eux afin de limiter la propagation du coronavirus. \u00c0 quoi les people s\u2019attellent-ils pendant cette p\u00e9riode toute particuli\u00e8re ?<\/p>\n<h2><strong>Fabrice Lucchini remet les fables\u00a0au go\u00fbt du jour<\/strong><\/h2>\n<p>Alors que le terme confinement inspire un sentiment d&rsquo;angoisse \u00e0 beaucoup de Fran\u00e7ais, il a insuffl\u00e9\u00a0l&rsquo;id\u00e9e \u00e0 Fabrice Luchini de reprendre de vieux po\u00e8mes appris \u00e0 l&rsquo;\u00e9cole\u00a0: <em>Les Fables de La Fontaine<\/em>. A partir de\u00a0son compte Instagram sp\u00e9cialement cr\u00e9\u00e9 pour l&rsquo;occasion, l&rsquo;acteur de 68 ans propose \u00e0 ses abonn\u00e9s de lire une fable de Jean de La Fontaine tous les deux ou trois jours. Revisiter les\u00a0classiques de la litt\u00e9rature fran\u00e7aise sur un petit air de Chopin, avec les talents de conteur de Fabrice Luchini&#8230; Pourquoi pas ?<\/p>\n<h2>Patrick Bruel, en concert chaque soir !<\/h2>\n<p>Avis aux fans du c\u00e9l\u00e8bre Patrick Bruel. Le chanteur de 60 ans a d\u00e9cid\u00e9 de repousser les limites du confinement en proposant chaque soir des petits concerts improvis\u00e9s <strong>en direct sur son compte Facebook<\/strong>. Un rendez-vous quotidien baptis\u00e9 <em>\u00ab\u00a0Stand Up @ Home #ensemblealamaison\u00a0\u00bb<\/em>, o\u00f9 l&rsquo;interpr\u00e8te de <em>Casser la Voix<\/em> <strong>\u00e9change avec les internautes, donne quelques nouvelles sur son actualit\u00e9 et joue des morceaux en acoustique.\u00a0<\/strong><\/p>\n<p><iframe loading=\"lazy\" allowfullscreen=\"true\" allowtransparency=\"true\" frameborder=\"0\" height=\"476\" scrolling=\"no\" src=\"https:\/\/www.facebook.com\/plugins\/video.php?href=https%3A%2F%2Fwww.facebook.com%2Fpatrickbruel%2Fvideos%2F633150707465835%2F&amp;show_text=0&amp;width=267\" style=\"border:none;overflow:hidden\" width=\"267\"><\/iframe><\/p>\n<h2>Laure Manaudou et J\u00e9r\u00e9my Fr\u00e9rot plantent une sc\u00e8ne culte<\/h2>\n<p>La championne de natation et son compagnon J\u00e9r\u00e9my Fr\u00e9rot ont trouv\u00e9 une occupation de plein air. Inspir\u00e9s par Florent Manaudou et Pernille Blume, le couple a d\u00e9cid\u00e9 de tenter le tout pour le tout en recr\u00e9ant <strong>le c\u00e9l\u00e8bre port\u00e9 de <em>Dirty Dancing<\/em>.<\/strong> Sur le refrain de <em>Time of my Life<\/em>, Laure Manaudou s&rsquo;\u00e9lance vers son conjoint et&#8230;. Manque de chance, tous deux tombent sur la pelouse en riant ! Il faudra encore quelques entra\u00eenements avant\u00a0de devenir des danseurs gu\u00e9ris pour les parents du petit Lou, 2 ans.<\/p>\n<h2>Jean-Jacques Goldman chante pour les soignants\u00a0<\/h2>\n<p>Le chanteur fran\u00e7ais <strong>Jean-Jacques Goldma<\/strong>n, tr\u00e8s discret depuis plusieurs ann\u00e9es, est r\u00e9apparue dans une vid\u00e9o dans laquelle il r\u00e9interpr\u00e8te son tube <strong><em>Changez la vie<\/em><\/strong>,\u00a0Pour l&rsquo;occasion, la personnalit\u00e9\u00a0pr\u00e9f\u00e9r\u00e9e\u00a0des Fran\u00e7ais a chang\u00e9 les paroles en <strong><em>Ils sauvent des vies,\u00a0<\/em><\/strong>rendant un <strong>hommage \u00e9mouvant au personnel soignant <\/strong>qui se mobilise\u00a0face \u00e0 l&rsquo;\u00e9pid\u00e9mie de <a href=\"https:\/\/sante.journaldesfemmes.fr\/maladies\/2605417-coronavirus-france-pic-nombre-cas-morts-deces-carte-direct-evolution-italie-chine-espagne-usa\/\" title=\"N-Cov\">coronavirus<\/a>. La fin de ce bout de chanson s&rsquo;accompagne d&rsquo;images de soignants, de caissi\u00e8res, tenant un mot\u00a0: <strong>\u00ab\u00a0<em>Nous restons au travail pour vous, restez chez vous pour nous\u00a0\u00bb.<\/em><\/strong><\/p>\n<p><iframe loading=\"lazy\" allow=\"accelerometer; autoplay; encrypted-media; gyroscope; picture-in-picture\" allowfullscreen=\"\" frameborder=\"0\" height=\"315\" src=\"https:\/\/www.youtube.com\/embed\/izi-25tdIUQ\" width=\"560\"><\/iframe><\/p>\n<h2>Amanda Lear, la plus heureuse en confinement<\/h2>\n<p>Pour <strong>Amanda Lear,<\/strong> point de souffrance ni de <a href=\"https:\/\/sante.journaldesfemmes.fr\/fiches-sante-du-quotidien\/2513396-fatigue-intense-que-faire-cause-symptomes-traitement\/\">fatigue psychologique<\/a> pendant cette p\u00e9riode de confinement&#8230; au contraire ! L&rsquo;animatrice de 69 ans appr\u00e9cie tout particuli\u00e8rement la solitude et en profite pleinement dans sa r\u00e9sidence de Provence, dans le Sud de la France. \u00ab\u00a0<em><strong>\u00c7a ne me d\u00e9range pas du tout d&rsquo;\u00eatre confin\u00e9e.<\/strong><\/em><em>\u00a0Que \u00e7a dure 15\u00a0jours, 20\u00a0jours, 40\u00a0jours, je m&rsquo;en fous je suis tr\u00e8s bien toute seule<\/em>\u00ab\u00a0, a-t-elle confi\u00e9 aupr\u00e8s d&rsquo;<em>Europe 1<\/em>.<\/p>\n<h2>Jean-Pierre Foucault, face \u00e0 la mer<\/h2>\n<p>Quant \u00e0 <strong>Jean-Pierre Foucault<\/strong>, il se trouve \u00e9galement confin\u00e9 dans le Sud de la France&#8230; et, m\u00eame si son \u00e9pouse Evelyn Jarre\u00a0le somme de profiter de ce r\u00e9pit pour ranger le garage, appr\u00e9cie plut\u00f4t son petit coin de paradis. \u00ab\u00a0<em>J&rsquo;ai la chance d&rsquo;avoir une r\u00e9sidence ferm\u00e9e.\u00a0Il y a un portillon avec une clef que j&rsquo;appelle &lsquo;la clef de la mer&rsquo;.\u00a0<\/em><strong><em>Parce que d\u00e8s que j&rsquo;ouvre, la mer est en face de moi<\/em><\/strong><em>\u00ab\u00a0,<\/em> a expliqu\u00e9 l&rsquo;animateur de 72 ans \u00e0 <em>La Provence.<\/em><\/p>\n<h2>Julien Courbet, ridiculis\u00e9 par sa fille<\/h2>\n<p><strong>Julien Courbet<\/strong>, confin\u00e9 avec son \u00e9pouse Catherine, leur fille Lola, presque 20 ans, et leur fils Gabin, 18 ans, partage des tranches de vie familiale sur les r\u00e9seaux sociaux&#8230; m\u00eame si les siens ne sont pas toujours tr\u00e8s tendres avec lui ! L&rsquo;animateur a partag\u00e9 une dr\u00f4le de vid\u00e9o <strong>film\u00e9e par sa fille<\/strong>, sur Twitter. <strong>Qui aime bien, ch\u00e2tie bien !<\/strong><\/p>\n<h2>Christina Milian et Matt Pokora, confin\u00e9s pour le meilleur et pour le pire<\/h2>\n<p><strong>Christina Milian et Matt Pokora<\/strong>, qui sont <a href=\"https:\/\/www.journaldesfemmes.fr\/people\/magazine\/2606097-m-pokora-torse-nu-avec-bebe-christina-milian-maman-photos-de-leur-nouvelle-vie\/\">devenus les heureux parents d&rsquo;un petit Isaiah<\/a>, le 20 janvier 2020, commencent \u00e0 tourner en rond dans leur r\u00e9sidence de Los Angeles&#8230; Pour s&rsquo;occuper, le couple s&rsquo;est film\u00e9 dans le quotidien du confinement, tant\u00f4t \u00e0 se quereller pendant une partie de jeu vid\u00e9o, tant\u00f4t assoupis avec le b\u00e9b\u00e9 sur le canap\u00e9. Une vid\u00e9o plut\u00f4t d\u00e9cal\u00e9e&#8230; qui (on le pense) vous mettra de bonne humeur !<\/p>\n<h2>Mariah Carey, une diva sportive sur son tr\u00f4ne<\/h2>\n<p><strong>Mariah Carey <\/strong>vit le confinement avec classe&#8230; La diva ne perd rien de son attitude glamour, m\u00eame enferm\u00e9e entre quatre murs. C&rsquo;est donc par\u00e9e de lunettes de soleil, de gants en latex et d&rsquo;un haut Gucci, qu&rsquo;elle est mont\u00e9e sur son <strong>v\u00e9lo elliptique<\/strong> et s&rsquo;est film\u00e9e pendant l&rsquo;effort. \u00ab\u00a0<em>Je<\/em>\u00a0<em>reste \u00e0 la maison et je reste active\u00a0avec des gants<\/em>\u00ab\u00a0, a-t-elle simplement l\u00e2ch\u00e9 sur Instagram.<\/p>\n<h2>Madonna teste l&rsquo;acoustique de sa salle de bains<\/h2>\n<p>La diva de 61 ans compte bien s&rsquo;occuper durant toute la p\u00e9riode de confinement. Alors que plusieurs dates de sa tourn\u00e9e <em>Madame X Tour <\/em>ont d\u00fb \u00eatre annul\u00e9es en raison de blessures aux genoux,\u00a0Madonna semble avoir repris du poil de la b\u00eate !<\/p>\n<p><strong>En pleine forme, la chanteuse s&rsquo;est film\u00e9e au beau milieu de sa salle de bains, une brosse \u00e0 cheveux dans la main en guise de micro. <\/strong><em>\u00ab\u00a0Allez c&rsquo;est parti, allons manger du poisson pan\u00e9 puisqu&rsquo;il n&rsquo;y a plus de p\u00e2tes, oh non\u00a0\u00bb<\/em>, a chantonn\u00e9 la Madone, manquant de tr\u00e9bucher entre deux vocalises. Une vid\u00e9o plut\u00f4t&#8230; cr\u00e9ative.<\/p>\n<h2>Mika : son \u00e9tonnante reconversion<\/h2>\n<p>Tous aux fourneaux ! Mika a d\u00e9cid\u00e9 de r\u00e9v\u00e9ler ses talents culinaires sur les r\u00e9seaux sociaux&#8230;\u00a0L&rsquo;ex-jur\u00e9 de <em>The Voice France<\/em> a lanc\u00e9 un nouveau concept sur son compte Instagram nomm\u00e9 <em>Cooking with Mika<\/em>\u00a0pour le plus grand bonheur de ses fans. <strong>Le chanteur de 36 ans a donn\u00e9 rendez-vous aux internautes tous les soirs \u00e0 19h pour un live sp\u00e9cial gastronomie afin de pr\u00e9parer le d\u00eener dans la bonne humeur.<\/strong> Une initiative qu&rsquo;il a propos\u00e9e dans pas moins de 3 langues, \u00e0 savoir le fran\u00e7ais, l&rsquo;anglais et l&rsquo;italien. Un apprenti\u00a0chef cuisto&#8230; international !<br \/>Pour son premier repas, Mika a donc cuisin\u00e9 des spaghettis \u00e0 la sauce tomate dans la plus pure tradition italienne.\u00a0Miam !\u00a0<\/p>\n<div class=\"ccminsert\">\n<blockquote class=\"instagram-media\" data-instgrm-captioned=\"\" data-instgrm-permalink=\"https:\/\/www.instagram.com\/p\/B94aeAll_RC\/?utm_source=ig_embed&amp;utm_campaign=loading\" data-instgrm-version=\"12\" style=\" background:#FFF; border:0; border-radius:3px; box-shadow:0 0 1px 0 rgba(0,0,0,0.5),0 1px 10px 0 rgba(0,0,0,0.15); margin: 1px; max-width:540px; min-width:326px; padding:0; width:99.375%; width:-webkit-calc(100% - 2px); width:calc(100% - 2px);\">\n<div style=\"padding:16px;\">\n<p>\u00a0<\/p>\n<p>\u00a0<\/p>\n<p style=\" margin:8px 0 0 0; padding:0 4px;\"><a href=\"https:\/\/www.instagram.com\/p\/B94aeAll_RC\/?utm_source=ig_embed&amp;utm_campaign=loading\" style=\" color:#000; font-family:Arial,sans-serif; font-size:14px; font-style:normal; font-weight:normal; line-height:17px; text-decoration:none; word-wrap:break-word;\" target=\"_blank\" rel=\"noopener noreferrer\">Staying home for me, has always been about cooking and listening to music. However both of those things are always best shared with others. SO! Join me tomorrow evening (7pm France\/Italy time) live from my kitchen, where I will be listening to music, preparing dinner, talking about everything and nothing. We might not be able to hang out together in person but we can do so in other ways. See you tomorrow everyone! What will I be cooking for this first episode?? Obviously the one dish I can not live without, and that Ive been making since I was 7 years old&#8230;.. Tune in to find out! Restare a casa per me ha sempre significato cucinare e ascoltare musica. Per\u00f2 queste cose vengono meglio se le si condivide con gli altri. Quindi unitevi a me domani sera (alle 19.00 ore italiana), live dalla mia cucina, dove mi troverete mentre ascolto musica, preparo la cena, parlando di tutto e di niente. Non possiamo stare fisicamente insieme, ma possiamo rimediare in questo modo. Ci vediamo tutti domani! Cosa cuciner\u00f2 per questo primo appuntamento? Ovviamente il piatto senza il quale non potrei vivere, e che cucino dallet\u00e0 di 7 anni. Collegatevi per scoprirlo! Rester \u00e0 la maison a toujours \u00e9t\u00e9 pour moi synonyme de cuisine et d\u00e9coute musicale. Cependant, les deux se sont toujours fait en compagnie dautres personnes. Je vous propose donc de me retrouver demain soir (19:00 heure France\/ Italie) pour un live depuis ma cuisine o\u00f9 j\u00e9couterai de la musique en pr\u00e9parant le repas du soir et en discutant de tout et de rien. Nous navons pas la possibilit\u00e9 d\u00eatre ensemble physiquement, mais nous pouvons le faire autrement. Je vous dis donc \u00e0 demain ! Que vais-je cuisiner pour ce premier live ? Bien \u00e9videment le plat que je pr\u00e9f\u00e8re et que je pr\u00e9pare depuis mes 7 ans&#8230; connectez-vous pour le d\u00e9couvrir ! #mika #instagramlive #cookingwithmika<\/a><\/p>\n<p style=\" color:#c9c8cd; font-family:Arial,sans-serif; font-size:14px; line-height:17px; margin-bottom:0; margin-top:8px; overflow:hidden; padding:8px 0 7px; text-align:center; text-overflow:ellipsis; white-space:nowrap;\">A post shared by <a href=\"https:\/\/www.instagram.com\/mikainstagram\/?utm_source=ig_embed&amp;utm_campaign=loading\" style=\" color:#c9c8cd; font-family:Arial,sans-serif; font-size:14px; font-style:normal; font-weight:normal; line-height:17px;\" target=\"_blank\" rel=\"noopener noreferrer\"> MIKA<\/a> (@mikainstagram) on <time datetime=\"2020-03-18T16:20:03+00:00\" style=\" font-family:Arial,sans-serif; font-size:14px; line-height:17px;\">Mar 18, 2020 at 9:20am PDT<\/time><\/p>\n<\/div>\n<\/blockquote>\n<\/div>\n<h2><span style=\"font-size: 1.125rem;\">St\u00e9phane Bern et sa m\u00e9nagerie<\/span><\/h2>\n<p>Le c\u00e9l\u00e8bre journaliste n&rsquo;est pas r\u00e9ellement seul durant cette p\u00e9riode de confinement&#8230;.\u00a0<strong>St\u00e9phane Bern peut compter sur le soutien infaillible de ses deux chiens\u00a0Mirza et Dash, mais aussi de ses neuf <a href=\"http:\/\/www.affinite.fr\/index.php\/2023\/03\/13\/elevage-de-poules-et-cailles-decouvrez-le-plaisir-de-manger-des-oeufs-frais-de-votre-jardin\/\">poules<\/a> !<\/strong> \u00a0Eugenie, Beatrice ou encore Ali\u00e9nor, en r\u00e9f\u00e9rence au gotha d&rsquo;hier et d&rsquo;aujourd&rsquo;hui,\u00a0tiennent bonne compagnie \u00e0\u00a0l&rsquo;animateur de 56\u00a0ans.<\/p>\n<p>Confin\u00e9 \u00e0 la campagne, le pr\u00e9sentateur de <em>Secrets d&rsquo;Histoire<\/em> a racont\u00e9 un peu de son quotidien \u00e0<em> T\u00e9l\u00e9-Loisirs.<\/em> \u00ab\u00a0<em>Je fais comme tout le monde\u00a0: je passe mon temps \u00e0 me laver les mains, je nettoie les poign\u00e9es de portes\u00a0<\/em>(&#8230;) <em>Le matin, je r\u00e9dige ma d\u00e9rogation pour aller acheter les journaux et de quoi me faire \u00e0 manger. C&rsquo;est \u00e0 quelques m\u00e8tres de chez moi. L\u00e0, je viens de pr\u00e9parer un soufflet et de la salade.\u00a0 Je ne m&rsquo;\u00e9loigne pas \u00e0 plus de 25\u00a0m\u00e8tres du perron &#8211; et je travaille\u00a0!<\/em>\u00a0\u00ab\u00a0, a confi\u00e9 St\u00e9phane Bern, qui continue de pr\u00e9senter son \u00e9mission de radio <em>A la Bonne Heure<\/em> sur <em>RTL<\/em> de chez lui.<\/p>\n<h2>Olivier V\u00e9ran, ministre de la Sant\u00e9,\u00a0loin des siens\u00a0<\/h2>\n<p>Alors que le nombre de Fran\u00e7ais atteints de <a href=\"https:\/\/sante.journaldesfemmes.fr\/maladies\/2619933-covid-19-premiers-symptomes-personnes-a-risque-combien-de-temps-coronavirus\/\" title=\"Covid 19\">Covid-19<\/a>\u00a0a franchi la barre des 12\u00a0000\u00a0cas en France,\u00a0<strong>Olivier V\u00e9ran <\/strong>s&rsquo;est exprim\u00e9 vendredi dans les colonnes du <em>Figaro<\/em><strong>,<\/strong> l&rsquo;occasion de faire un point sur l&rsquo;\u00e9volution de l&rsquo;\u00e9pid\u00e9mie\u00a0:<em><strong>\u00ab\u00a0La situation va d&rsquo;abord se d\u00e9grader, avant de s&rsquo;am\u00e9liorer<\/strong>\u00a0: dans un premier temps l&rsquo;\u00e9pid\u00e9mie va continuer \u00e0 progresser, car les malades qui d\u00e9c\u00e8dent aujourd&rsquo;hui ont \u00e9t\u00e9 contamin\u00e9s avant le confinement\u00a0\u00bb.\u00a0<\/em>Concernant le <strong>confinement<\/strong>, il\u00a0d\u00e9clare qu&rsquo;il\u00a0<em>\u00ab\u00a0<strong>durera autant qu&rsquo;il faudra\u00a0\u00bb<\/strong><\/em>. <em>\u00ab\u00a0Le confinement est n\u00e9cessaire. C&rsquo;est une \u00e9tape difficile qui demande du temps. Mais plus on l&rsquo;applique avec s\u00e9rieux, moins il durera\u00a0\u00bb, <\/em>a-t-il ajout\u00e9.\u00a0<\/p>\n<p>Et simple citoyen ou membre du gouvernement, tout le monde est log\u00e9 \u00e0 la m\u00eame enseigne. En effet,\u00a0le ministre de la Sant\u00e9\u00a0a confi\u00e9, en duplex dans l&rsquo;\u00e9mission <em>Quotidien<\/em>, \u00eatre actuellement\u00a0<strong>s\u00e9par\u00e9 de ses enfants, qui ne sont pas confin\u00e9s \u00e0 Paris<\/strong>. \u00ab\u00a0<em>Je ne vous dit pas que c&rsquo;est g\u00e9nial d&rsquo;\u00eatre confin\u00e9, personne ne dira \u00e7a. Moi le premier. Mes enfants sont dans une autre ville que celle dans laquelle je suis\u00a0\u00bb<\/em>, a-t-il d\u00e9clar\u00e9 \u00e0 Yann Barthes. Et d&rsquo;ajouter\u00a0:\u00a0<em>\u00ab\u00a0C&rsquo;est \u00e9videmment uns situation difficile \u00e0 vivre pour tout le monde. Il y a des gens qui vont annuler leur mariage, d&rsquo;autres qui ne peuvent plus saluer leurs parents\u2026c&rsquo;est facile pour personne\u00a0\u00bb.\u00a0<\/em><\/p>\n<h2>Alain Souchon a la main verte et la t\u00eate dans les nuages<\/h2>\n<p><strong>Alain Souchon <\/strong>fait partie de ceux qui ont fui les grandes villes pour se r\u00e9fugier dans un environnement plus propice au calme. Le chanteur de 75 ans s&rsquo;est confin\u00e9 dans une maison du <strong>Loir-et-Cher <\/strong>et s&rsquo;occupe en<strong> jardinant<\/strong>.\u00a0\u00ab\u00a0<em>Comme beaucoup de gens, <strong>j&rsquo;ai fui la ville \u00e0 cause de la promiscuit\u00e9<\/strong>. On ne peut pas s&rsquo;approcher des autres, c&rsquo;est le seul ennui. Alors on va dans la for\u00eat.\u00a0Je suis tranquille, mais je m&rsquo;ennuierais si la vie \u00e9tait tout le temps comme \u00e7a<\/em>\u00ab\u00a0, a-t-il confi\u00e9 au micro de<em> RTL<\/em>.<\/p>\n<p>\u00ab\u00a0<em>Ma maison de disque m&rsquo;a demand\u00e9 si je pouvais chanter, mais par un t\u00e9l\u00e9phone portable, et passer \u00e7a sur Internet. Je vais essayer. <strong>Je suis ici avec Pierre Souchon<\/strong><\/em><strong> <\/strong>(son fils, ndlr)<em>, avec qui je travaille souvent<\/em>\u00ab\u00a0, a-t-il ajout\u00e9 avant de pr\u00e9ciser qu&rsquo;il allait certainement profiter de cette parenth\u00e8se de tranquillit\u00e9 pour concoter \u00ab\u00a0<strong><em>5-6 nouvelles chansons<\/em><\/strong>\u00ab\u00a0.\u00a0<\/p>\n<h2>Julie Gayet parle cin\u00e9ma<\/h2>\n<p><strong>Julie Gayet<\/strong>, elle, profite de ce temps libre pour<strong> conseiller les internautes en mati\u00e8re de cin\u00e9ma<\/strong>. Alors qu&rsquo;une utilisatrice de Twitter demandait \u00e0 <strong>Fran\u00e7ois Hollande<\/strong>, dans un post, quel film regarder en famille, c&rsquo;est sa compagne actrice qui lui a r\u00e9pondu : \u00ab\u00a0<em>Un film? Les Saveurs du Palais, r\u00e9alis\u00e9 par Christian Vincent avec Catherine Frot, bien s\u00fbr\u00a0!<\/em>\u00ab\u00a0. Le film, r\u00e9alis\u00e9 par Christian Vincent, nous plonge au c\u0153ur des cuisines du Palais de l&rsquo;Elys\u00e9e, o\u00f9 Hortense Laborie (jou\u00e9e par Catherine Frot) officie en tant que chef cuisini\u00e8re pour le pr\u00e9sident de la R\u00e9publique (camp\u00e9 par Jean d&rsquo;Ormesson).\u00a0Vous avez bien not\u00e9 ?<\/p>\n<h2>Vitaa donne ses conseils minceur<\/h2>\n<p>Quant \u00e0 <strong>Vitaa,<\/strong> elle semble plut\u00f4t bien g\u00e9rer le confinement. \u00ab\u00a0<em>C&rsquo;est \u00e7a la vraie vie\u00a0: c&rsquo;est d&rsquo;\u00eatre \u00e0 la maison, de s&rsquo;occuper de ses enfants, de son mari, de sa famille, de sa maison. Mais aussi &lsquo;de soi'\u00a0\u00bb<\/em>, a-t-elle d\u00e9clar\u00e9 en Story Instagram avant de publier des images de sa <strong>s\u00e9ance de sport<\/strong> dans son jardin. G\u00e9n\u00e9reuse, la chanteuse de 37 ans, qui<strong> a perdu sept kilos <\/strong>ces derniers mois,\u00a0a \u00e9galement d\u00e9voil\u00e9 ses secrets minceur \u00e0 ses abonn\u00e9s : \u00ab\u00a0<em>\u00c7a fait maintenant 9\u00a0mois que je suis adepte et ambassadrice du programme, avec lequel j&rsquo;ai perdu 7\u00a0kilos que je tiens totalement, avec le sport. Mais c&rsquo;est avant tout l&rsquo;alimentation, on va pas se mentir<\/em>\u00ab\u00a0.<\/p>\n<h2>Christophe Dechavanne laisse \u00e9clater sa col\u00e8re<\/h2>\n<p>Pour d&rsquo;autres, comme <strong>Christophe Dechavanne<\/strong>, le confinement est plus ardu, d&rsquo;autant que <strong>la femme de sa vie<\/strong> (dont il ne d\u00e9voile pas l&rsquo;identit\u00e9) est <strong>m\u00e9decin<\/strong>, et donc, en premi\u00e8re ligne sur le front\u00a0de la bataille contre le coronavirus. Face \u00e0 des images de certains Fran\u00e7ais encore amass\u00e9s dans les rues, <strong>l&rsquo;animateur s&rsquo;est indign\u00e9 <\/strong>sur Twitter : \u00ab\u00a0<em>Ma femme se cogne deux contr\u00f4les routiers par jour en allant faire son m\u00e9tier (doc) avec ses coll\u00e8gues dans un nid \u00e0 virus de #COVID19fr et des &lsquo;citoyens&rsquo;\u00a0font \u00e7a\u00a0??? Nous sommes confin\u00e9s avec mes filles, mon gendre, le fils de ma doc pr\u00e9f\u00e9r\u00e9e\u2026 scandaleuses images, MERDE\u00a0! (&#8230;)\u00a0Elle est \u00e0 l&rsquo;hosto loin de moi pour vous putain<\/em>\u00ab\u00a0.<\/p>\n<div class=\"ccminsert\">\n<blockquote class=\"twitter-tweet\">\n<p dir=\"ltr\" lang=\"fr\">Et \u00e7a cest facile Loulou !??? Dis moi .. cest facile ce quelle fait TOUS LES JOURS M\u00caME LE WEEK-END QUI ARRIVE L\u00c0 ?? Cest facile ? Kel rapport av la taille de la maison ke jai eu la chance de macheter il y a 20 piges ..! Elle est \u00e0lhosto loin de moi pour vous putain ! <a href=\"https:\/\/t.co\/0tZYW1swcL\">pic.twitter.com\/0tZYW1swcL<\/a><\/p>\n<p>\u2014 ChristopheDechavanne (@CDechavanne) <a href=\"https:\/\/twitter.com\/CDechavanne\/status\/1240737815765409792?ref_src=twsrc%5Etfw\">March 19, 2020<\/a><\/p><\/blockquote>\n<\/div>\n<h2>Thomas Pesquet : conseils d&rsquo;un habitu\u00e9 du confinement<\/h2>\n<p>S&rsquo;il y en a bien un qui est tout \u00e0 fait pr\u00e9par\u00e9 au confinement, c&rsquo;est <strong>Thomas Pesquet<\/strong>! L&rsquo;astronaute fran\u00e7ais avait pass\u00e9 sept mois cons\u00e9cutifs\u00a0\u00e0 bord de la Station spatiale internationale, en 2016, et conna\u00eet donc tous les trucs et astuces pour <strong>ne pas tourner en rond <\/strong>en restant enferm\u00e9 ! C&rsquo;est donc avec humour que Thomas Pesquet a partag\u00e9 <strong>ses id\u00e9es <\/strong>sur la Toile afin de nous aider au mieux \u00e0 surmonter l&rsquo;\u00e9preuve dans le sourire (oui, oui, nous sommes s\u00fbres que c&rsquo;est possible).<\/p>\n<p>Pour passer le temps, le spationaute en profite pour<strong> trier ses photos<\/strong>, mais aussi se plonger dans des <strong>bouquins passionnants<\/strong>.\u00a0\u00a0\u00bb\u00a0<em>Je vais passer pas mal de temps \u00e0 lire, peut-\u00eatre revoir des classiques, je peux m\u00eame vous donner des conseils de lecture<\/em>\u00ab\u00a0, a-t-il l\u00e2ch\u00e9. Pour occuper les enfants, Thomas Pesquet a \u00e9galement plusieurs <strong>id\u00e9es d&rsquo;activit\u00e9s cr\u00e9atives <\/strong>(dont un montage de maquette de satellite). En ce qui concerne la <strong>nourriture<\/strong>, il est \u00e9galement loin d&rsquo;\u00eatre inquiet : \u00ab\u00a0<em>Pour le ravitaillement, pas de panique. (\u2026) Au moins ici, la nourriture en bo\u00eete, elle reste dans l&rsquo;assiette<\/em>\u00ab\u00a0.<\/p>\n<h2>Laeticia Hallyday : son anniversaire confin\u00e9\u00a0<\/h2>\n<p>D&rsquo;autres c\u00e9l\u00e8brent leur anniversaire entre quatre murs (m\u00eame s&rsquo;ils sont luxueux), \u00e0 l&rsquo;instar de <strong>Laeticia Hallyday<\/strong>, <a href=\"https:\/\/www.journaldesfemmes.fr\/people\/magazine\/1307934-photos-laeticia-hallyday-anniversaire-45-ans-confinee-jade-joy-pascal-balland\/\">qui a souffl\u00e9 ses 45 bougies le 18 mars<\/a>, en compagnie de ses filles Jade et Joy, \u00e0 Los Angeles, o\u00f9 le confinement est vivement recommand\u00e9. Pour s&rsquo;occuper, tout ce petit monde s&rsquo;est attel\u00e9 \u00e0 <strong>faire&#8230; des p\u00e2tisseries<\/strong> !\u00a0<\/p>\n<h2>Natalie Portman, aux fourneaux<\/h2>\n<p>Certaines stars en profitent aussi pour prendre le temps de perfectionner leurs talents culinaires, d\u00e9couvrir de nouvelles recettes et les partager au plus grand nombre. Ainsi, <strong>Natalie Portman<\/strong> nous a montr\u00e9 comment r\u00e9aliser une savoureuse <strong>salade de patates et betteraves<\/strong>, sur Instagram. Et en plus, c&rsquo;est tout \u00e0 fait sain&#8230; ce qui nous \u00e9vitera d&rsquo;abuser du <a href=\"https:\/\/www.journaldesfemmes.fr\/beaute\/conseils-forme\/1023766-anti-grignotage-confinement-astuces\/\" target=\"_blank\" rel=\"noopener noreferrer\">grignotage malsain<\/a> lorsque l&rsquo;ennui se fait sentir\u00a0!<\/p>\n<h2>Agathe Auproux remporte la partie<\/h2>\n<p>Pour <strong>Agathe Auproux<\/strong>, les jeux de soci\u00e9t\u00e9 sont au programme ! \u00ab\u00a0<em>J&rsquo;ai gagn\u00e9 au Scrabble contre ma m\u00e8re, je me sens invincible<\/em>\u00ab\u00a0, a l\u00e2ch\u00e9 la journaliste de 28 ans sur Instagram.<\/p>\n<h2>Shy&rsquo;m, Alexandra Rosenfeld, Estelle Denis : va y&rsquo;avoir du sport !\u00a0<\/h2>\n<p>D&rsquo;autres profitent de ce temps libre pour se mettre au sport, \u00e0 l&rsquo;instar de<strong> Shy&rsquo;m, Alexandra Rosenfeld\u00a0ou encore Camila Cabello<\/strong>, qui encha\u00eenent s\u00e9ances de m\u00e9ditation et de yoga, ou d&rsquo;<strong>Estelle Denis<\/strong>, qui renforce ses muscles avec des s\u00e9ances de gainage&#8230; Qui a dit que l&rsquo;on devait se reposer sur ses lauriers ?<\/p>\n<h2>Jamy (C&rsquo;est Pas Sorcier) nous \u00e9claire<\/h2>\n<p>Quant \u00e0 <strong>Jamy<\/strong>, animateur ind\u00e9tr\u00f4nable de<em> <strong>C&rsquo;est Pas Sorcier<\/strong><\/em>, il ne perd pas les bonnes habitudes ! Ce n&rsquo;est pas parce que nous sommes confin\u00e9s que nous devons cesser de faire fonctionner nos petites cellules grises&#8230; Le comp\u00e8re de Fred nous partage donc <strong>\u00ab\u00a0<em>un savoir par jour<\/em>\u00a0\u00bb depuis son domicile<\/strong>.<\/p>\n<h2>Jennifer Lopez se fait servir<\/h2>\n<p>Pour <strong>Jennifer Lopez<\/strong>, avoir ses enfants \u00e0 la maison n&rsquo;est pas forc\u00e9ment une corv\u00e9e&#8230; lorsqu&rsquo;ils savent se rendre utiles ! \u00c0 12 ans,<strong> son fils Maximilien <\/strong>se prend \u00e0 jouer les serveurs pour toute la famille. De quoi r\u00e9jouir maman !<\/p>\n<h2>Laurence Boccolini accorde ses violons<\/h2>\n<p>Et puis, il y a ceux qui souhaitent transmettre des ondes positives \u00e0 leurs abonn\u00e9s, via un <a href=\"https:\/\/www.journaldesfemmes.fr\/loisirs\/tv\/2626189-opera-louvre-musees-expos-gratuit-en-ligne\/\"><strong>concert virtuel<\/strong><\/a>. C&rsquo;est bien connu, la musique adoucit les m\u0153urs (et calme les nerfs ?).\u00a0<strong>Jean-Louis Aubert, Pink, Chris Martin<\/strong> : ils ont \u00e9t\u00e9 nombreux \u00e0 chanter en live via les r\u00e9seaux sociaux&#8230; mais celle qui nous a le plus \u00e9tonn\u00e9es est sans conteste <strong>Laurence Boccolini<\/strong>. L&rsquo;animatrice de 56 ans nous a partag\u00e9 quelques minutes de douceur <strong>en chantant accompagn\u00e9e d&rsquo;un violon<\/strong>, sur Instagram. \u00c9coutez plut\u00f4t !\u00a0<\/p>\n<h2>Nicolas Bedos, roi du piano<\/h2>\n<aside id=\"NL_908694824\" class=\"newsletter_subscription jNlBlock\"><noscript><br \/>\n            <\/noscript><\/p>\n<h3 class=\"newsletter_subscription-title\">Newsletter <\/h3>\n<p><a href=\"\/\/mailing.ccmbg.com\/archive\/last-85\" target=\"_blank\" class=\"a_hover\" rel=\"noopener noreferrer\">Voir un exemple<\/a><\/p>\n<\/aside>\n<p>M\u00eame <strong>Nicolas Bedos<\/strong> en a profit\u00e9 pour nous montrer ses <strong>talents de musicien<\/strong>. Le com\u00e9dien s&rsquo;est install\u00e9 \u00e0 son piano et a jou\u00e9 (\u00e9tonnamment bien) la m\u00e9lodie des<em> Lacs du Connemara<\/em>. Certains internautes, ravis, lui ont demand\u00e9 de jouer un nouvel air chaque jour&#8230; Comme dirait Michel Sardou, le confinement, c&rsquo;est plus marrant,\u00a0c&rsquo;est moins d\u00e9sesp\u00e9rant&#8230; en chantant !<\/p>\n<div class=\"ccminsert\">\n<blockquote class=\"instagram-media\" data-instgrm-captioned=\"\" data-instgrm-permalink=\"https:\/\/www.instagram.com\/p\/B91hkmIKNRX\/?utm_source=ig_embed&amp;utm_campaign=loading\" data-instgrm-version=\"12\" style=\" background:#FFF; border:0; border-radius:3px; box-shadow:0 0 1px 0 rgba(0,0,0,0.5),0 1px 10px 0 rgba(0,0,0,0.15); margin: 1px; max-width:540px; min-width:326px; padding:0; width:99.375%; width:-webkit-calc(100% - 2px); width:calc(100% - 2px);\">\n<div style=\"padding:16px;\">\n<p>\u00a0<\/p>\n<p>\u00a0<\/p>\n<p style=\" margin:8px 0 0 0; padding:0 4px;\"><a href=\"https:\/\/www.instagram.com\/p\/B91hkmIKNRX\/?utm_source=ig_embed&amp;utm_campaign=loading\" style=\" color:#000; font-family:Arial,sans-serif; font-size:14px; font-style:normal; font-weight:normal; line-height:17px; text-decoration:none; word-wrap:break-word;\" target=\"_blank\" rel=\"noopener noreferrer\">Jour 3 <\/a><\/p>\n<p style=\" color:#c9c8cd; font-family:Arial,sans-serif; font-size:14px; line-height:17px; margin-bottom:0; margin-top:8px; overflow:hidden; padding:8px 0 7px; text-align:center; text-overflow:ellipsis; white-space:nowrap;\">Une publication partag\u00e9e par <a href=\"https:\/\/www.instagram.com\/nicolasbedosofficiel\/?utm_source=ig_embed&amp;utm_campaign=loading\" style=\" color:#c9c8cd; font-family:Arial,sans-serif; font-size:14px; font-style:normal; font-weight:normal; line-height:17px;\" target=\"_blank\" rel=\"noopener noreferrer\"> Nicolas Bedos<\/a> (@nicolasbedosofficiel) le <time datetime=\"2020-03-17T13:25:26+00:00\" style=\" font-family:Arial,sans-serif; font-size:14px; line-height:17px;\">17 Mars 2020 \u00e0 6 :25 PDT<\/time><\/p>\n<\/div>\n<\/blockquote>\n<\/div>\n<div class=\"ccminsert\">\n<aside class=\"app_widget_fo app_widget_fo--gallery\">\n<ul>\n<li>\n                    <a href=\"https:\/\/www.journaldesfemmes.fr\/people\/magazine\/2627947-renaud-confine-comme-un-rat-mort-selon-sa-fille-lolita-sechan\/\" class=\"jGTMWidgetGAEventClick\" data-gtmwidgetgaeventaction=\"clickWidgetGalleryList\" data-gtmwidgetgaeventlabel=\"Renaud confin\u00e9 &quot;comme un rat mort&quot;, selon sa fille Lolita S\u00e9chan\"><\/p>\n<figure><picture><source media=\"(max-width: 480px)\" srcset=\"https:\/\/img-3.journaldesfemmes.fr\/0TAaqn6Usatsvi4VEITmH0teozY=\/210x140\/smart\/bdddfeae3f5f4649a95acbe9160ecab9\/ccmcms-jdf\/14566780.jpg\"><img decoding=\"async\" src=\"https:\/\/img-3.journaldesfemmes.fr\/Cgyyvbbdb3Yf0jZrMNW-0h02JKw=\/225x150\/smart\/bdddfeae3f5f4649a95acbe9160ecab9\/ccmcms-jdf\/14566780.jpg\" alt=\"\"\/><\/source><\/picture><figcaption>\n<h3>Renaud confin\u00e9 \u00ab\u00a0comme un rat mort\u00a0\u00bb, selon sa fille Lolita S\u00e9chan<\/h3>\n<\/figcaption><\/figure>\n<p><\/a>\n                <\/li>\n<li>\n                    <a href=\"https:\/\/www.journaldesfemmes.fr\/people\/magazine\/2627823-avec-karine-le-marchand-l-amour-est-sur-instagram-rencontre\/\" class=\"jGTMWidgetGAEventClick\" data-gtmwidgetgaeventaction=\"clickWidgetGalleryList\" data-gtmwidgetgaeventlabel=\"Avec Karine Le Marchand, l'Amour est... sur Instagram\"><\/p>\n<figure><picture><source media=\"(max-width: 480px)\" srcset=\"https:\/\/img-3.journaldesfemmes.fr\/rSVTYXuHuG3sEVBE4A0usCtBs0w=\/210x140\/smart\/70e8cf03bd2b41808d5856e36d1056b0\/ccmcms-jdf\/14559046.jpg\"><img decoding=\"async\" src=\"https:\/\/img-3.journaldesfemmes.fr\/Lt4uh05wof_zY-z3P9VXp9aNBDE=\/225x150\/smart\/70e8cf03bd2b41808d5856e36d1056b0\/ccmcms-jdf\/14559046.jpg\" alt=\"\"\/><\/source><\/picture><figcaption>\n<h3>Avec Karine Le Marchand, l&rsquo;Amour est&#8230; sur Instagram<\/h3>\n<\/figcaption><\/figure>\n<p><\/a>\n                <\/li>\n<li>\n                    <a href=\"https:\/\/www.journaldesfemmes.fr\/people\/magazine\/2625527-sophie-davant-jamel-debbouze-photos\/\" class=\"jGTMWidgetGAEventClick\" data-gtmwidgetgaeventaction=\"clickWidgetGalleryList\" data-gtmwidgetgaeventlabel=\"Sophie Davant rel\u00e8ve un d\u00e9fi, Jamel Debbouze en famille... [PHOTOS]\"><\/p>\n<figure><picture><source media=\"(max-width: 480px)\" srcset=\"https:\/\/img-3.journaldesfemmes.fr\/yessNFbw0txNGPcJJpqjHJQfNk4=\/210x140\/smart\/2eeeea0e4a854d179963d04f465c08ff\/ccmcms-jdf\/14537367.jpg\"><img decoding=\"async\" src=\"https:\/\/img-3.journaldesfemmes.fr\/N_ubeAYcei21oqZGTgdN34NGpYE=\/225x150\/smart\/2eeeea0e4a854d179963d04f465c08ff\/ccmcms-jdf\/14537367.jpg\" alt=\"\"\/><\/source><\/picture><figcaption>\n<h3>Sophie Davant rel\u00e8ve un d\u00e9fi, Jamel Debbouze en famille&#8230; [PHOTOS]<\/h3>\n<\/figcaption><\/figure>\n<p><\/a>\n                <\/li>\n<li>\n                    <a href=\"https:\/\/www.journaldesfemmes.fr\/people\/magazine\/2627699-iris-mittenaere-marine-lorphelin-laury-thilleman-miss-france-sport\/\" class=\"jGTMWidgetGAEventClick\" data-gtmwidgetgaeventaction=\"clickWidgetGalleryList\" data-gtmwidgetgaeventlabel=\"Iris et les Miss partagent leur routine sportive [VIDEOS]\"><\/p>\n<figure><picture><source media=\"(max-width: 480px)\" srcset=\"https:\/\/img-3.journaldesfemmes.fr\/Lt6ZOanOp4u20h6iaQfVCS1dG58=\/210x140\/smart\/bfe5090191f044a58d4cf69017a2cb1d\/ccmcms-jdf\/14529809.jpg\"><img decoding=\"async\" src=\"https:\/\/img-3.journaldesfemmes.fr\/8pEnFfEJFUK-fPTIf146BLLlnp8=\/225x150\/smart\/bfe5090191f044a58d4cf69017a2cb1d\/ccmcms-jdf\/14529809.jpg\" alt=\"\"\/><\/source><\/picture><figcaption>\n<h3>Iris et les Miss partagent leur routine sportive [VIDEOS]<\/h3>\n<\/figcaption><\/figure>\n<p><\/a>\n                <\/li>\n<li>\n                    <a href=\"https:\/\/www.journaldesfemmes.fr\/people\/magazine\/2627701-benjamin-castaldi-papa-aurore-aleman-enceinte\/\" class=\"jGTMWidgetGAEventClick\" data-gtmwidgetgaeventaction=\"clickWidgetGalleryList\" data-gtmwidgetgaeventlabel=\"Benjamin Castaldi annonce la grossesse d'Aurore, pr\u00e9nom et parrain du b\u00e9b\u00e9\"><\/p>\n<figure><picture><source media=\"(max-width: 480px)\" srcset=\"https:\/\/img-3.journaldesfemmes.fr\/QhAcYxbElOw_EdHlEdlrqVl6P8U=\/210x140\/smart\/5b97e7a5fc414136966432fdd1927a6e\/ccmcms-jdf\/14530788.jpg\"><img decoding=\"async\" src=\"https:\/\/img-3.journaldesfemmes.fr\/grA_9Kg-IiGnIn-Nm6Xvry8zBpw=\/225x150\/smart\/5b97e7a5fc414136966432fdd1927a6e\/ccmcms-jdf\/14530788.jpg\" alt=\"\"\/><\/source><\/picture><figcaption>\n<h3>Benjamin Castaldi annonce la grossesse d&rsquo;Aurore, pr\u00e9nom et parrain du b\u00e9b\u00e9<\/h3>\n<\/figcaption><\/figure>\n<p><\/a>\n                <\/li>\n<li>\n                    <a href=\"https:\/\/www.journaldesfemmes.fr\/people\/magazine\/2627703-albert-de-monaco-contamine-coronavirus-des-nouvelles-sante\/\" class=\"jGTMWidgetGAEventClick\" data-gtmwidgetgaeventaction=\"clickWidgetGalleryList\" data-gtmwidgetgaeventlabel=\"Contamin\u00e9 au coronavirus, Albert de Monaco se confie sur son \u00e9tat de sant\u00e9 et ses sympt\u00f4mes\"><\/p>\n<figure><picture><source media=\"(max-width: 480px)\" srcset=\"https:\/\/img-3.journaldesfemmes.fr\/k3MyVPjDwRvFsiilSkFVUZmHDrU=\/210x140\/smart\/2159648ac4da47d487feb44ccbf04b19\/ccmcms-jdf\/14531051.jpg\"><img decoding=\"async\" src=\"https:\/\/img-3.journaldesfemmes.fr\/PPbDUuH-GVqXzIkPoamYzlKUZU8=\/225x150\/smart\/2159648ac4da47d487feb44ccbf04b19\/ccmcms-jdf\/14531051.jpg\" alt=\"\"\/><\/source><\/picture><figcaption>\n<h3>Contamin\u00e9 au coronavirus, Albert de Monaco se confie sur son \u00e9tat de sant\u00e9 et ses sympt\u00f4mes<\/h3>\n<\/figcaption><\/figure>\n<p><\/a>\n                <\/li>\n<li>\n                    <a href=\"https:\/\/www.journaldesfemmes.fr\/people\/magazine\/2627527-evangeline-lily-sophie-turner-confinement\/\" class=\"jGTMWidgetGAEventClick\" data-gtmwidgetgaeventaction=\"clickWidgetGalleryList\" data-gtmwidgetgaeventlabel=\"Sophie Turner (GOT) insulte Evangeline Lily qui refuse le confinement\"><\/p>\n<figure><picture><source media=\"(max-width: 480px)\" srcset=\"https:\/\/img-3.journaldesfemmes.fr\/BNlqM_HM0GF2Mv-Jp4U_QGUbJ9I=\/210x140\/smart\/7a5027678df445098bf61b396f19ee70\/ccmcms-jdf\/14506549.jpg\"><img decoding=\"async\" src=\"https:\/\/img-3.journaldesfemmes.fr\/tghuTd9lh4bX2sY8aG0ja3uO0xs=\/225x150\/smart\/7a5027678df445098bf61b396f19ee70\/ccmcms-jdf\/14506549.jpg\" alt=\"\"\/><\/source><\/picture><figcaption>\n<h3>Sophie Turner (GOT) insulte Evangeline Lily qui refuse le confinement<\/h3>\n<\/figcaption><\/figure>\n<p><\/a>\n                <\/li>\n<li>\n                    <a href=\"https:\/\/www.journaldesfemmes.fr\/people\/magazine\/2627347-maeva-coucke-pas-confinee-mais-critiquee-pour-ses-vacances-en-californie\/\" class=\"jGTMWidgetGAEventClick\" data-gtmwidgetgaeventaction=\"clickWidgetGalleryList\" data-gtmwidgetgaeventlabel=\"Ma\u00ebva Coucke, pas confin\u00e9e, mais critiqu\u00e9e pour ses vacances en Californie\"><\/p>\n<figure><picture><source media=\"(max-width: 480px)\" srcset=\"https:\/\/img-3.journaldesfemmes.fr\/yciJoT2o_l9mGcNhbfEyAndN4O0=\/210x140\/smart\/bc9aeedad8d34180bd902aa74ead00c8\/ccmcms-jdf\/14476062.jpg\"><img decoding=\"async\" src=\"https:\/\/img-3.journaldesfemmes.fr\/RCOx_o73iJiVlp5uZ0bsq3ZY8Rw=\/225x150\/smart\/bc9aeedad8d34180bd902aa74ead00c8\/ccmcms-jdf\/14476062.jpg\" alt=\"\"\/><\/source><\/picture><figcaption>\n<h3>Ma\u00ebva Coucke, pas confin\u00e9e, mais critiqu\u00e9e pour ses vacances en Californie<\/h3>\n<\/figcaption><\/figure>\n<p><\/a>\n                <\/li>\n<li>\n                    <a href=\"https:\/\/www.journaldesfemmes.fr\/people\/magazine\/2627353-le-roi-willem-alexander-et-maxima-des-pays-bas-en-indonesie-malgre-le-coronavirus\/\" class=\"jGTMWidgetGAEventClick\" data-gtmwidgetgaeventaction=\"clickWidgetGalleryList\" data-gtmwidgetgaeventlabel=\"Le roi Willem-Alexander et Maxima des Pays-Bas, en Indon\u00e9sie malgr\u00e9 le coronavirus [PHOTOS]\"><\/p>\n<figure><picture><source media=\"(max-width: 480px)\" srcset=\"https:\/\/img-3.journaldesfemmes.fr\/VNvG0lfeRu6YB-7Jfgg2Bxc56U4=\/210x140\/smart\/6363a91478a74f588243145f291e66ff\/ccmcms-jdf\/14477301.jpg\"><img decoding=\"async\" src=\"https:\/\/img-3.journaldesfemmes.fr\/-e9jmm5egYRSS_O9zMZdpBcsLYc=\/225x150\/smart\/6363a91478a74f588243145f291e66ff\/ccmcms-jdf\/14477301.jpg\" alt=\"\"\/><\/source><\/picture><figcaption>\n<h3>Le roi Willem-Alexander et Maxima des Pays-Bas, en Indon\u00e9sie malgr\u00e9 le coronavirus [PHOTOS]<\/h3>\n<\/figcaption><\/figure>\n<p><\/a>\n                <\/li>\n<li>\n                    <a href=\"https:\/\/www.journaldesfemmes.fr\/people\/magazine\/2626455-luana-belmondo-confinee-avec-paul-elle-amuse-la-galerie-video\/\" class=\"jGTMWidgetGAEventClick\" data-gtmwidgetgaeventaction=\"clickWidgetGalleryList\" data-gtmwidgetgaeventlabel=\"Luana Belmondo\u00a0: confin\u00e9e avec Paul, elle amuse la galerie\u00a0! [VIDEO]\"><\/p>\n<figure><picture><source media=\"(max-width: 480px)\" srcset=\"https:\/\/img-3.journaldesfemmes.fr\/JQglumbCGZDfDnASsdRFrvf0veY=\/210x140\/smart\/c973aa96604e4640ae79ed6b2622367c\/ccmcms-jdf\/14407141.jpg\"><img decoding=\"async\" src=\"https:\/\/img-3.journaldesfemmes.fr\/go29CMTzfc5i2BNC2sonEKDZ-bA=\/225x150\/smart\/c973aa96604e4640ae79ed6b2622367c\/ccmcms-jdf\/14407141.jpg\" alt=\"\"\/><\/source><\/picture><figcaption>\n<h3>Luana Belmondo\u00a0: confin\u00e9e avec Paul, elle amuse la galerie\u00a0! [VIDEO]<\/h3>\n<\/figcaption><\/figure>\n<p><\/a>\n                <\/li>\n<li>\n                    <a href=\"https:\/\/www.journaldesfemmes.fr\/people\/magazine\/2627087-suzy-delair-tonie-marshall-ces-stars-privees-d-obseques\/\" class=\"jGTMWidgetGAEventClick\" data-gtmwidgetgaeventaction=\"clickWidgetGalleryList\" data-gtmwidgetgaeventlabel=\"Suzy Delair, Tonie Marshall...\u00a0: ces stars priv\u00e9es d'obs\u00e8ques\"><\/p>\n<figure><picture><source media=\"(max-width: 480px)\" srcset=\"https:\/\/img-3.journaldesfemmes.fr\/RTwSZDZhtztspEi2rG8Y8wEEWH8=\/210x140\/smart\/08afa6c903f442c6936432f289b35d57\/ccmcms-jdf\/14453542.jpg\"><img decoding=\"async\" src=\"https:\/\/img-3.journaldesfemmes.fr\/ydwkBaJ_XKbo3T2DzI0pogqdYvM=\/225x150\/smart\/08afa6c903f442c6936432f289b35d57\/ccmcms-jdf\/14453542.jpg\" alt=\"\"\/><\/source><\/picture><figcaption>\n<h3>Suzy Delair, Tonie Marshall&#8230;\u00a0: ces stars priv\u00e9es d&rsquo;obs\u00e8ques<\/h3>\n<\/figcaption><\/figure>\n<p><\/a>\n                <\/li>\n<li>\n                    <a href=\"https:\/\/www.journaldesfemmes.fr\/people\/amour\/2626413-beatrice-dalle-se-remarie\/\" class=\"jGTMWidgetGAEventClick\" data-gtmwidgetgaeventaction=\"clickWidgetGalleryList\" data-gtmwidgetgaeventlabel=\"B\u00e9atrice Dalle se marie pour la 3e fois... mais avec qui\u00a0?\"><\/p>\n<figure><picture><source media=\"(max-width: 480px)\" srcset=\"https:\/\/img-3.journaldesfemmes.fr\/VuFxdJDdYUc8ZZWTACeSd8Do0mA=\/210x140\/smart\/be24444c9ad64e6abae19a55c296e74e\/ccmcms-jdf\/14392209.jpg\"><img decoding=\"async\" src=\"https:\/\/img-3.journaldesfemmes.fr\/qYaXPBMaeFmFVBt4caey93dhQrM=\/225x150\/smart\/be24444c9ad64e6abae19a55c296e74e\/ccmcms-jdf\/14392209.jpg\" alt=\"\"\/><\/source><\/picture><figcaption>\n<h3>B\u00e9atrice Dalle se marie pour la 3e fois&#8230; mais avec qui\u00a0?<\/h3>\n<\/figcaption><\/figure>\n<p><\/a>\n                <\/li>\n<li>\n                    <a href=\"https:\/\/www.journaldesfemmes.fr\/people\/magazine\/2626831-miss-france-2020-clemence-botino-de-retour-en-guadeloupe\/\" class=\"jGTMWidgetGAEventClick\" data-gtmwidgetgaeventaction=\"clickWidgetGalleryList\" data-gtmwidgetgaeventlabel=\"Miss France Cl\u00e9mence Botino, de retour en Guadeloupe pour le confinement\"><\/p>\n<figure><picture><source media=\"(max-width: 480px)\" srcset=\"https:\/\/img-3.journaldesfemmes.fr\/Dxp4vfdD1n-X3llY_AGJVI3Vc1I=\/210x140\/smart\/f544af0b335347a7aeebc31d4d3b3e13\/ccmcms-jdf\/14427326.jpg\"><img decoding=\"async\" src=\"https:\/\/img-3.journaldesfemmes.fr\/gOyTs_fxEFSui8RfJVCIZZo5qnY=\/225x150\/smart\/f544af0b335347a7aeebc31d4d3b3e13\/ccmcms-jdf\/14427326.jpg\" alt=\"\"\/><\/source><\/picture><figcaption>\n<h3>Miss France Cl\u00e9mence Botino, de retour en Guadeloupe pour le confinement<\/h3>\n<\/figcaption><\/figure>\n<p><\/a>\n                <\/li>\n<li>\n                    <a href=\"https:\/\/www.journaldesfemmes.fr\/people\/magazine\/2626829-fauve-hautot-danse-instagram-confinement\/\" class=\"jGTMWidgetGAEventClick\" data-gtmwidgetgaeventaction=\"clickWidgetGalleryList\" data-gtmwidgetgaeventlabel=\"Fauve Hautot vous apprend la danse sur Instagram\"><\/p>\n<figure><picture><source media=\"(max-width: 480px)\" srcset=\"https:\/\/img-3.journaldesfemmes.fr\/aV6xyj6zjgyjX8q6YlPPwOD3wS0=\/210x140\/smart\/d4ed982bb2f94d9197ec5827453cc012\/ccmcms-jdf\/14426625.jpg\"><img decoding=\"async\" src=\"https:\/\/img-3.journaldesfemmes.fr\/dg5vBdmkDzhcs4uWqnD_x2t4RX4=\/225x150\/smart\/d4ed982bb2f94d9197ec5827453cc012\/ccmcms-jdf\/14426625.jpg\" alt=\"\"\/><\/source><\/picture><figcaption>\n<h3>Fauve Hautot vous apprend la danse sur Instagram<\/h3>\n<\/figcaption><\/figure>\n<p><\/a>\n                <\/li>\n<li>\n                    <a href=\"https:\/\/www.journaldesfemmes.fr\/people\/magazine\/1307934-photos-laeticia-hallyday-anniversaire-45-ans-confinee-jade-joy-pascal-balland\/\" class=\"jGTMWidgetGAEventClick\" data-gtmwidgetgaeventaction=\"clickWidgetGalleryList\" data-gtmwidgetgaeventlabel=\"Laeticia Hallyday f\u00eate ses 45\u00a0ans, confin\u00e9e \u00e0 L.A [PHOTOS]\"><\/p>\n<figure><picture><source media=\"(max-width: 480px)\" srcset=\"https:\/\/img-3.journaldesfemmes.fr\/engacbn-ji-zoGA9NEu24djhPec=\/210x140\/smart\/27bdb57c79974a4ab76e8e7f6e802336\/ccmcms-jdf\/14392186.jpg\"><img decoding=\"async\" src=\"https:\/\/img-3.journaldesfemmes.fr\/2yYzqFuPsT0u4gTzDwcwgpPx3wM=\/225x150\/smart\/27bdb57c79974a4ab76e8e7f6e802336\/ccmcms-jdf\/14392186.jpg\" alt=\"\"\/><\/source><\/picture><figcaption>\n<h3>Laeticia Hallyday f\u00eate ses 45\u00a0ans, confin\u00e9e \u00e0 L.A [PHOTOS]<\/h3>\n<\/figcaption><\/figure>\n<p><\/a>\n                <\/li>\n<li>\n                    <a href=\"https:\/\/www.journaldesfemmes.fr\/people\/magazine\/2626149-delphine-wespiser-son-confinement-en-couple-juge-trop-sexy-photo\/\" class=\"jGTMWidgetGAEventClick\" data-gtmwidgetgaeventaction=\"clickWidgetGalleryList\" data-gtmwidgetgaeventlabel=\"Delphine Wespiser\u00a0: son confinement en couple jug\u00e9 trop sexy [PHOTO]\"><\/p>\n<figure><picture><source media=\"(max-width: 480px)\" srcset=\"https:\/\/img-3.journaldesfemmes.fr\/inxZPBmNJT_SGNsAigRA4L-0GzE=\/210x140\/smart\/92f9be915f3147b0b76c8b8e01859f05\/ccmcms-jdf\/14383772.jpg\"><img decoding=\"async\" src=\"https:\/\/img-3.journaldesfemmes.fr\/fcbefNdoP51oRwVgTY-NBmZyuZw=\/225x150\/smart\/92f9be915f3147b0b76c8b8e01859f05\/ccmcms-jdf\/14383772.jpg\" alt=\"\"\/><\/source><\/picture><figcaption>\n<h3>Delphine Wespiser\u00a0: son confinement en couple jug\u00e9 trop sexy [PHOTO]<\/h3>\n<\/figcaption><\/figure>\n<p><\/a>\n                <\/li>\n<\/ul>\n<\/aside>\n<\/div><\/div>\n<p><script async src=\"http:\/\/platform.twitter.com\/widgets.js\" charset=\"utf-8\"><\/script><script async defer src=\"https:\/\/platform.instagram.com\/en_US\/embeds.js\"><\/script><br \/>\n<br \/>[ad_2]<br \/>\n<br \/><a href=\"https:\/\/www.journaldesfemmes.fr\/people\/magazine\/2626889-chanteurs-confines\/\">Source link <\/a><\/p>\n","protected":false},"excerpt":{"rendered":"<p>[ad_1] Que font les people en cette p\u00e9riode de confinement\u00a0? Entre partage de leur quotidien sur les r\u00e9seaux sociaux et &hellip; <a href=\"http:\/\/www.affinite.fr\/index.php\/2020\/03\/26\/confines-fabrice-luchini-en-forme-zapping-des-chanteurs-en-salon\/\" class=\"more-link\">Plus <span class=\"screen-reader-text\">Confin\u00e9s&#8230; Fabrice Luchini en forme, zapping des chanteurs en salon&#8230;<\/span> <span class=\"meta-nav\">&rarr;<\/span><\/a><\/p>\n","protected":false},"author":1,"featured_media":1158,"comment_status":"open","ping_status":"open","sticky":false,"template":"","format":"standard","meta":{"_sitemap_exclude":false,"_sitemap_priority":"","_sitemap_frequency":"","footnotes":""},"categories":[1],"tags":[],"class_list":["post-1157","post","type-post","status-publish","format-standard","has-post-thumbnail","hentry","category-tous"],"_links":{"self":[{"href":"http:\/\/www.affinite.fr\/index.php\/wp-json\/wp\/v2\/posts\/1157"}],"collection":[{"href":"http:\/\/www.affinite.fr\/index.php\/wp-json\/wp\/v2\/posts"}],"about":[{"href":"http:\/\/www.affinite.fr\/index.php\/wp-json\/wp\/v2\/types\/post"}],"author":[{"embeddable":true,"href":"http:\/\/www.affinite.fr\/index.php\/wp-json\/wp\/v2\/users\/1"}],"replies":[{"embeddable":true,"href":"http:\/\/www.affinite.fr\/index.php\/wp-json\/wp\/v2\/comments?post=1157"}],"version-history":[{"count":0,"href":"http:\/\/www.affinite.fr\/index.php\/wp-json\/wp\/v2\/posts\/1157\/revisions"}],"wp:featuredmedia":[{"embeddable":true,"href":"http:\/\/www.affinite.fr\/index.php\/wp-json\/wp\/v2\/media\/1158"}],"wp:attachment":[{"href":"http:\/\/www.affinite.fr\/index.php\/wp-json\/wp\/v2\/media?parent=1157"}],"wp:term":[{"taxonomy":"category","embeddable":true,"href":"http:\/\/www.affinite.fr\/index.php\/wp-json\/wp\/v2\/categories?post=1157"},{"taxonomy":"post_tag","embeddable":true,"href":"http:\/\/www.affinite.fr\/index.php\/wp-json\/wp\/v2\/tags?post=1157"}],"curies":[{"name":"wp","href":"https:\/\/api.w.org\/{rel}","templated":true}]}}