{"id":11568,"date":"2025-04-30T15:45:29","date_gmt":"2025-04-30T15:45:29","guid":{"rendered":"https:\/\/www.affinite.fr\/index.php\/2025\/04\/30\/isabelle-mergault-proprietaire-dune-maison-pres-de-paris-je-suis-stupide\/"},"modified":"2025-04-30T15:45:29","modified_gmt":"2025-04-30T15:45:29","slug":"isabelle-mergault-proprietaire-dune-maison-pres-de-paris-je-suis-stupide","status":"publish","type":"post","link":"http:\/\/www.affinite.fr\/index.php\/2025\/04\/30\/isabelle-mergault-proprietaire-dune-maison-pres-de-paris-je-suis-stupide\/","title":{"rendered":"Isabelle Mergault, propri\u00e9taire d&rsquo;une maison pr\u00e8s de Paris\u00a0? \u00ab\u00a0Je suis stupide&#8230;\u00a0\u00bb"},"content":{"rendered":"<p> [ad_1]<br \/>\n<br \/><img decoding=\"async\" src=\"https:\/\/img-3.journaldesfemmes.fr\/S28JbQ6fnIaQLXoPNoLTu0Fh6yg=\/1280x\/smart\/7bc987270bd249879fc628fb45f2ca1e\/ccmcms-jdf\/40029125.jpg\" \/><\/p>\n<p>\n                Isabelle Mergault est-elle propri\u00e9taire d&rsquo;une maison pr\u00e8s de Paris\u00a0? La com\u00e9dienne de 66\u00a0ans a lev\u00e9 le myst\u00e8re sur son lieu de r\u00e9sidence&#8230;            <\/p>\n<div>\n<p>O\u00f9 habite <a href=\"https:\/\/www.journaldesfemmes.fr\/people\/personnalites\/2871241-isabelle-mergault-sa-fille-maya-sa-maison-ses-amours-on-vous-dit-tout\/\" title=\"Isabelle Mergault\">Isabelle Mergault<\/a> ? La com\u00e9dienne au franc-parler l\u00e9gendaire a pris la parole sur son compte X (anciennement Twitter) pour mettre fin \u00e0 une rumeur sur son lieu de r\u00e9sidence et a r\u00e9v\u00e9l\u00e9 o\u00f9 elle vivait r\u00e9ellement\u2026<\/p>\n<h2>Isabelle Mergault : une belle maison en r\u00e9gion parisienne ?\u00a0 La v\u00e9rit\u00e9 sur son lieu de r\u00e9sidence<\/h2>\n<p>\u00c0 66\u00a0ans, Isabelle Mergault reste fid\u00e8le \u00e0 sa r\u00e9putation\u00a0: celle d&rsquo;une com\u00e9dienne qui n&rsquo;a pas sa langue dans sa poche. Et quand une fausse information circule \u00e0 son sujet, elle ne laisse rien passer\u00a0! Dernier exemple en date\u00a0: plusieurs m\u00e9dias affirmaient\u00a0qu&rsquo;elle \u00e9tait propri\u00e9taire d&rsquo;une ravissante maison \u00e0 Pantin, en r\u00e9gion parisienne, un bien suppos\u00e9ment h\u00e9rit\u00e9 de ses parents.<\/p>\n<p>Ni une ni deux, l&rsquo;actrice a remis les pendules \u00e0 l&rsquo;heure sur X, en rectifiant avec humour\u00a0: \u00ab\u00a0<em>Ahaha\u00a0! J&rsquo;aimerais trop\u00a0! Mais malheureusement je loue un appartement \u00e0 Paris\u00a0! Si seulement je pouvais avoir \u00e7a\u2026<\/em>\u00ab\u00a0. Classe, dr\u00f4le, et cash\u00a0: tout ce qu&rsquo;on aime chez Isabelle Mergault ! Mais pourquoi n&rsquo;est-elle pas propri\u00e9taire ?<\/p>\n<h2>Isabelle Mergault, cash : \u00ab\u00a0Je ne veux pas \u00eatre propri\u00e9taire !\u00a0\u00bb<\/h2>\n<p>Sa r\u00e9ponse a suscit\u00e9 des r\u00e9actions sur le r\u00e9seau\u00a0social acquis par Elon Musk\u2026 Un internaute s&rsquo;est permis de tacler Isabelle Mergault et\u00a0a \u00e9crit\u00a0: \u00ab\u00a0<em>La plus grande stupidit\u00e9 que tu peux faire quand tu gagnes bien ta vie, c&rsquo;est d&rsquo;\u00eatre locataire. M\u00eame quand tu la gagnes moins d&rsquo;ailleurs<\/em>.\u00a0\u00bb Une remarque qui n&rsquo;a pas du tout plu \u00e0 la com\u00e9dienne, notamment dans un contexte o\u00f9 elle doit annuler une repr\u00e9sentation au Z\u00e9nith de Pau pour des raisons de sant\u00e9.<\/p>\n<p>La c\u00e9l\u00e8bre com\u00e9dienne, qui a une mani\u00e8re si particuli\u00e8re de parler en raison de sa dyslalie, n&rsquo;a pas m\u00e2ch\u00e9 ses mots dans sa r\u00e9ponse. Elle a d&rsquo;abord r\u00e9pondu avec une pointe d&rsquo;autod\u00e9rision\u00a0:\u00a0\u00ab\u00a0<em>Je suis stupide. Je ne suis propri\u00e9taire de rien. M\u00eame ma voiture est \u00e0 cr\u00e9dit\u00a0\u00bb.<\/em><\/p>\n<p>Mais la suite du message de l&rsquo;actrice \u00e9tait\u00a0bien plus tranch\u00e9e : \u00ab\u00a0<em>Et j&#8217;emmerde un petit peu ceux \u00e0 qui on a fait croire qu&rsquo;il fallait absolument investir dans la pierre. Je ne veux pas \u00eatre propri\u00e9taire. Et vos conseils, gardez-les pour vous<\/em>.\u00a0\u00bb Un coup de gueule direct et sans filtre !<\/p>\n<\/p><\/div>\n<p>[ad_2]<br \/>\n<br \/><a href=\"https:\/\/www.journaldesfemmes.fr\/people\/actus\/3226418-isabelle-mergault-proprietaire-d-une-maison-pres-de-paris-je-suis-stupide\/\">Source link <\/a><\/p>\n","protected":false},"excerpt":{"rendered":"<p>[ad_1] Isabelle Mergault est-elle propri\u00e9taire d&rsquo;une maison pr\u00e8s de Paris\u00a0? La com\u00e9dienne de 66\u00a0ans a lev\u00e9 le myst\u00e8re sur son &hellip; <a href=\"http:\/\/www.affinite.fr\/index.php\/2025\/04\/30\/isabelle-mergault-proprietaire-dune-maison-pres-de-paris-je-suis-stupide\/\" class=\"more-link\">Plus <span class=\"screen-reader-text\">Isabelle Mergault, propri\u00e9taire d&rsquo;une maison pr\u00e8s de Paris\u00a0? \u00ab\u00a0Je suis stupide&#8230;\u00a0\u00bb<\/span> <span class=\"meta-nav\">&rarr;<\/span><\/a><\/p>\n","protected":false},"author":1,"featured_media":11569,"comment_status":"","ping_status":"open","sticky":false,"template":"","format":"standard","meta":{"_sitemap_exclude":false,"_sitemap_priority":"","_sitemap_frequency":"","footnotes":""},"categories":[1],"tags":[],"class_list":["post-11568","post","type-post","status-publish","format-standard","has-post-thumbnail","hentry","category-tous"],"_links":{"self":[{"href":"http:\/\/www.affinite.fr\/index.php\/wp-json\/wp\/v2\/posts\/11568"}],"collection":[{"href":"http:\/\/www.affinite.fr\/index.php\/wp-json\/wp\/v2\/posts"}],"about":[{"href":"http:\/\/www.affinite.fr\/index.php\/wp-json\/wp\/v2\/types\/post"}],"author":[{"embeddable":true,"href":"http:\/\/www.affinite.fr\/index.php\/wp-json\/wp\/v2\/users\/1"}],"replies":[{"embeddable":true,"href":"http:\/\/www.affinite.fr\/index.php\/wp-json\/wp\/v2\/comments?post=11568"}],"version-history":[{"count":0,"href":"http:\/\/www.affinite.fr\/index.php\/wp-json\/wp\/v2\/posts\/11568\/revisions"}],"wp:featuredmedia":[{"embeddable":true,"href":"http:\/\/www.affinite.fr\/index.php\/wp-json\/wp\/v2\/media\/11569"}],"wp:attachment":[{"href":"http:\/\/www.affinite.fr\/index.php\/wp-json\/wp\/v2\/media?parent=11568"}],"wp:term":[{"taxonomy":"category","embeddable":true,"href":"http:\/\/www.affinite.fr\/index.php\/wp-json\/wp\/v2\/categories?post=11568"},{"taxonomy":"post_tag","embeddable":true,"href":"http:\/\/www.affinite.fr\/index.php\/wp-json\/wp\/v2\/tags?post=11568"}],"curies":[{"name":"wp","href":"https:\/\/api.w.org\/{rel}","templated":true}]}}