{"id":11544,"date":"2025-04-22T15:36:21","date_gmt":"2025-04-22T15:36:21","guid":{"rendered":"http:\/\/www.affinite.fr\/index.php\/2025\/04\/22\/pour-ne-pas-depenser-un-sou-de-trop-camilla-parker-bowles-reporte-ses-robes-et-garde-les-memes-createurs\/"},"modified":"2025-04-22T15:36:21","modified_gmt":"2025-04-22T15:36:21","slug":"pour-ne-pas-depenser-un-sou-de-trop-camilla-parker-bowles-reporte-ses-robes-et-garde-les-memes-createurs","status":"publish","type":"post","link":"http:\/\/www.affinite.fr\/index.php\/2025\/04\/22\/pour-ne-pas-depenser-un-sou-de-trop-camilla-parker-bowles-reporte-ses-robes-et-garde-les-memes-createurs\/","title":{"rendered":"Pour ne pas d\u00e9penser un sou de trop, Camilla Parker Bowles reporte ses robes et garde les m\u00eames cr\u00e9ateurs"},"content":{"rendered":"<p> [ad_1]<br \/>\n<br \/><img decoding=\"async\" src=\"https:\/\/img-3.journaldesfemmes.fr\/sf0K0j1sdj5MhPhhVJKQxSJNV6Y=\/1280x\/smart\/f4d904f081584f4cbe6ba606913266e0\/ccmcms-jdf\/40027349.jpg\" \/><\/p>\n<p>\n                Economique et \u00e9cologique, recycler ses v\u00eatements est un choix appr\u00e9ci\u00e9 par les fashionistas et par la reine Camilla. D\u00e9couvrez ses secrets pour redonner du style \u00e0 ses robes d\u00e9j\u00e0 port\u00e9es.            <\/p>\n<div>\n<p>La cr\u00e9atrice qui habille Camilla Parker Bowles a accord\u00e9 une interview \u00e0 <a href=\"https:\/\/www.vanityfair.com\/style\/story\/how-queen-camillas-style-has-evolved#:~:text=Anna%20Valentine%2C%20Fiona%20Clare%2C%20and,service%20to%20the%20royal%20family\" target=\"_blank\" rel=\"noopener\"><em>Vanity Fair,<\/em><\/a> expliquant ses relations avec la reine consort. L&rsquo;une de ses astuces mode ? Porter les m\u00eames tenues, en ajoutant\u00a0des d\u00e9tails qui font toute la diff\u00e9rence.<\/p>\n<p><a href=\"https:\/\/www.journaldesfemmes.fr\/people\/personnalites\/2825985-camilla-parker-bowles-reine-consort\/\" title=\"Camilla Shand\">Camilla Parker Bowles<\/a> a rarement figur\u00e9\u00a0dans la liste des t\u00eates couronn\u00e9es les plus styl\u00e9es. Mais cela pourrait bien changer, et ce, gr\u00e2ce \u00e0 la cr\u00e9atrice de mode Fiona Clare qui l&rsquo;accompagne depuis plus de douze ans. La Britannique a vu\u00a0le style de l&rsquo;\u00e9pouse de\u00a0Charles III \u00e9voluer au fil des ann\u00e9es. \u00ab\u00a0<em>Ses v\u00eatements sont devenus encore plus sp\u00e9ciaux maintenant qu&rsquo;elle est reine. Elle doit se d\u00e9marquer avec modernit\u00e9, tout en restant \u00e9l\u00e9gante et styl\u00e9e<\/em>\u00ab\u00a0, a confi\u00e9 Fiona Clare.<\/p>\n<p>Si elle paraissait effac\u00e9e lors de ses premi\u00e8res\u00a0apparitions, Camilla a su peu \u00e0 peu imposer ses go\u00fbts en mati\u00e8re de mode. <em>\u00ab\u00a0Je pense qu&rsquo;elle a gagn\u00e9 en confiance en elle au fil des ans. Elle est devenue plus royale\u00a0\u00bb<\/em>, a ajout\u00e9 la cr\u00e9atrice. Parmi ses pr\u00e9f\u00e9rences mode, on compte le recyclage de ses looks.<\/p>\n<p>Comme Maxima des Pays-Bas, Kate Middleton ou encore Mary de Danemark, la reine Camilla aime r\u00e9utiliser ses v\u00eatements, une technique maline pour s&rsquo;habiller sans se ruiner. <em>\u00ab\u00a0Elle est fan du recyclage de ses tenues, ce qui, je pense, envoie un bon message\u00a0\u00bb,<\/em> a expliqu\u00e9 la cr\u00e9atrice au sujet de Camilla.<\/p>\n<p>Et pour donner du pep&rsquo;s \u00e0 un look r\u00e9p\u00e9t\u00e9, la reine a une astuce. <em>\u00ab\u00a0Elle investit dans ses v\u00eatements et porte d&rsquo;anciennes pi\u00e8ces en continu, en les modernisant avec des accessoires<\/em>\u00ab\u00a0, a d\u00e9clar\u00e9 Fiona Clare. Tiares, chapeaux, bijoux et sacs : des accessoires bien pens\u00e9s permettent d&rsquo;\u00e9lever une robe d\u00e9j\u00e0 port\u00e9e par le pass\u00e9, cr\u00e9ant un nouveau look royal \u00e0 tomber ! \u00c0\u00a0l&rsquo;\u00e2ge de 77\u00a0ans,\u00a0Camilla Parker Bowles a-t-elle enfin trouv\u00e9 son style ?<\/p>\n<\/p><\/div>\n<p>[ad_2]<br \/>\n<br \/><a href=\"https:\/\/www.journaldesfemmes.fr\/mode\/magazine-mode\/3224970-pour-ne-pas-depenser-un-sou-de-trop-camilla-parker-bowles-reporte-ses-robes-et-garde-les-memes-createurs\/\">Source link <\/a><\/p>\n","protected":false},"excerpt":{"rendered":"<p>[ad_1] Economique et \u00e9cologique, recycler ses v\u00eatements est un choix appr\u00e9ci\u00e9 par les fashionistas et par la reine Camilla. D\u00e9couvrez &hellip; <a href=\"http:\/\/www.affinite.fr\/index.php\/2025\/04\/22\/pour-ne-pas-depenser-un-sou-de-trop-camilla-parker-bowles-reporte-ses-robes-et-garde-les-memes-createurs\/\" class=\"more-link\">Plus <span class=\"screen-reader-text\">Pour ne pas d\u00e9penser un sou de trop, Camilla Parker Bowles reporte ses robes et garde les m\u00eames cr\u00e9ateurs<\/span> <span class=\"meta-nav\">&rarr;<\/span><\/a><\/p>\n","protected":false},"author":1,"featured_media":11545,"comment_status":"","ping_status":"open","sticky":false,"template":"","format":"standard","meta":{"_sitemap_exclude":false,"_sitemap_priority":"","_sitemap_frequency":"","footnotes":""},"categories":[1],"tags":[],"class_list":["post-11544","post","type-post","status-publish","format-standard","has-post-thumbnail","hentry","category-tous"],"_links":{"self":[{"href":"http:\/\/www.affinite.fr\/index.php\/wp-json\/wp\/v2\/posts\/11544"}],"collection":[{"href":"http:\/\/www.affinite.fr\/index.php\/wp-json\/wp\/v2\/posts"}],"about":[{"href":"http:\/\/www.affinite.fr\/index.php\/wp-json\/wp\/v2\/types\/post"}],"author":[{"embeddable":true,"href":"http:\/\/www.affinite.fr\/index.php\/wp-json\/wp\/v2\/users\/1"}],"replies":[{"embeddable":true,"href":"http:\/\/www.affinite.fr\/index.php\/wp-json\/wp\/v2\/comments?post=11544"}],"version-history":[{"count":0,"href":"http:\/\/www.affinite.fr\/index.php\/wp-json\/wp\/v2\/posts\/11544\/revisions"}],"wp:featuredmedia":[{"embeddable":true,"href":"http:\/\/www.affinite.fr\/index.php\/wp-json\/wp\/v2\/media\/11545"}],"wp:attachment":[{"href":"http:\/\/www.affinite.fr\/index.php\/wp-json\/wp\/v2\/media?parent=11544"}],"wp:term":[{"taxonomy":"category","embeddable":true,"href":"http:\/\/www.affinite.fr\/index.php\/wp-json\/wp\/v2\/categories?post=11544"},{"taxonomy":"post_tag","embeddable":true,"href":"http:\/\/www.affinite.fr\/index.php\/wp-json\/wp\/v2\/tags?post=11544"}],"curies":[{"name":"wp","href":"https:\/\/api.w.org\/{rel}","templated":true}]}}