{"id":11542,"date":"2025-04-21T15:35:31","date_gmt":"2025-04-21T15:35:31","guid":{"rendered":"https:\/\/www.affinite.fr\/index.php\/2025\/04\/21\/iris-mittenaere-devoile-la-tenue-quelle-regrette\/"},"modified":"2025-04-21T15:35:31","modified_gmt":"2025-04-21T15:35:31","slug":"iris-mittenaere-devoile-la-tenue-quelle-regrette","status":"publish","type":"post","link":"http:\/\/www.affinite.fr\/index.php\/2025\/04\/21\/iris-mittenaere-devoile-la-tenue-quelle-regrette\/","title":{"rendered":"Iris Mittenaere d\u00e9voile la tenue qu&rsquo;elle regrette"},"content":{"rendered":"<p> [ad_1]<br \/>\n<br \/><img decoding=\"async\" src=\"https:\/\/img-3.journaldesfemmes.fr\/YtHZ-qhGllyN3GddrvzeN7aVxX8=\/1280x\/smart\/b8b3669b95e14afe81ce6d76e507fd8a\/ccmcms-jdf\/40027413.jpg\" \/><\/p>\n<p>\n                Iris Mittenaere a essay\u00e9 toute une panoplie de looks plus extravagants les uns que les autres. Et comme tout le monde, elle regrette certains de ses choix pass\u00e9s\u2026 En exclusivit\u00e9 pour le Journal des Femmes, elle raconte.            <\/p>\n<div>\n<p>Qui n&rsquo;a pas regrett\u00e9 l&rsquo;un de ses choix stylistiques douteux\u00a0? On fait tous des erreurs, et c&rsquo;est normal. L&rsquo;important c&rsquo;est d&rsquo;apprendre. M\u00eame les plus grandes c\u00e9l\u00e9brit\u00e9s regrettent d&rsquo;avoir port\u00e9 certaines tenues. C&rsquo;est le cas de l&rsquo;ancienne Miss France, <a href=\"https:\/\/www.journaldesfemmes.fr\/people\/personnalites\/2714873-iris-mittenaere\/\" title=\"Miss France 2016\">Iris Mittenaere<\/a>, qui nous a r\u00e9v\u00e9l\u00e9\u00a0en exclusivit\u00e9 la tenue qu&rsquo;elle ne portera plus jamais\u00a0!\u00a0<\/p>\n<p>Tout le monde commet des fashion faux pas. Mais il est vrai que la mode \u00e9volue tellement que certains \u00e9taient \u00e0 la mode \u00e0 l&rsquo;\u00e9poque, et pourront le redevenir plus tard. Les ballerines, par exemple, ont \u00e9t\u00e9 tendance pendant longtemps, puis sont pass\u00e9es \u00e0 la trappe, et sont de nouveau \u00e0 la mode depuis quelques ann\u00e9es. C&rsquo;est d&rsquo;ailleurs ce que nous a expliqu\u00e9 Iris Mittenaere\u00a0! <em>\u00ab\u00a0J&rsquo;ai fait des trucs qui n&rsquo;allaient pas en termes de mode. C&rsquo;est un cycle \u00e9ternel. Du coup, en\u00a0soi,\u00a0on critiquait les ballerines avant\u00a0et maintenant, j&rsquo;en porte\u2026\u00a0\u00bb<\/em>, a-t-elle affirm\u00e9 au <em>Journal des Femmes<\/em>.<\/p>\n<p>Mais, il y a tout de m\u00eame une pi\u00e8ce que l&rsquo;ex-Miss France ne porterait plus, ou du moins pas avant tr\u00e8s longtemps\u00a0! Pourtant, c&rsquo;\u00e9tait un v\u00eatement\u00a0qu&rsquo;elle trouvait \u00ab\u00a0tr\u00e8s cool\u00a0\u00bb avant mais qu&rsquo;aujourd&rsquo;hui, elle ne peut plus voir. <em>\u00ab\u00a0Il y a tr\u00e8s longtemps, quand j&rsquo;\u00e9tais au lyc\u00e9e, j&rsquo;aimais bien la tendance jeans slim violet, rose fluo\u2026 Les pantalons Galaxy, un peu tecktonik\u00a0vibes. \u00c7a, forc\u00e9ment, je n&rsquo;en suis pas hyper fan. Je ne le reporterai peut-\u00eatre pas demain\u00a0!<\/em>\u00ab\u00a0, nous a-t-elle confi\u00e9. Et on est du m\u00eame avis !<\/p>\n<p>S&rsquo;il semble que les leggings reviennent \u00e0 la mode, sans doute pour des raisons de confort, ils ne sont que noirs, ou d&rsquo;une seule couleur. La tendance fluo des ann\u00e9es 2010\u00a0est loin derri\u00e8re nous, et le sera sans doute encore un peu avant de (peut-\u00eatre) revenir dans quelques ann\u00e9es.\u00a0<\/p>\n<p>Si les ann\u00e9es pr\u00e9c\u00e9dentes, la tendance Y2K des 2000&rsquo;s a refait surface, peut-\u00eatre que dans quelques temps, ce sera au\u00a0tour des tendances des ann\u00e9es 2010\u00a0! Qui sait\u00a0? Les tendances vont et viennent.\u00a0Mais pour l&rsquo;instant, il est peut-\u00eatre pr\u00e9f\u00e9rable de laisser cette pi\u00e8ce dans son placard.<\/p>\n<\/p><\/div>\n<p>[ad_2]<br \/>\n<br \/><a href=\"https:\/\/www.journaldesfemmes.fr\/mode\/looks-de-star\/3224998-je-ne-la-reporterai-peut-etre-pas-demain-iris-mittenaere-devoile-la-tenue-qu-elle-regrette\/\">Source link <\/a><\/p>\n","protected":false},"excerpt":{"rendered":"<p>[ad_1] Iris Mittenaere a essay\u00e9 toute une panoplie de looks plus extravagants les uns que les autres. Et comme tout &hellip; <a href=\"http:\/\/www.affinite.fr\/index.php\/2025\/04\/21\/iris-mittenaere-devoile-la-tenue-quelle-regrette\/\" class=\"more-link\">Plus <span class=\"screen-reader-text\">Iris Mittenaere d\u00e9voile la tenue qu&rsquo;elle regrette<\/span> <span class=\"meta-nav\">&rarr;<\/span><\/a><\/p>\n","protected":false},"author":1,"featured_media":11543,"comment_status":"","ping_status":"open","sticky":false,"template":"","format":"standard","meta":{"_sitemap_exclude":false,"_sitemap_priority":"","_sitemap_frequency":"","footnotes":""},"categories":[1],"tags":[],"class_list":["post-11542","post","type-post","status-publish","format-standard","has-post-thumbnail","hentry","category-tous"],"_links":{"self":[{"href":"http:\/\/www.affinite.fr\/index.php\/wp-json\/wp\/v2\/posts\/11542"}],"collection":[{"href":"http:\/\/www.affinite.fr\/index.php\/wp-json\/wp\/v2\/posts"}],"about":[{"href":"http:\/\/www.affinite.fr\/index.php\/wp-json\/wp\/v2\/types\/post"}],"author":[{"embeddable":true,"href":"http:\/\/www.affinite.fr\/index.php\/wp-json\/wp\/v2\/users\/1"}],"replies":[{"embeddable":true,"href":"http:\/\/www.affinite.fr\/index.php\/wp-json\/wp\/v2\/comments?post=11542"}],"version-history":[{"count":0,"href":"http:\/\/www.affinite.fr\/index.php\/wp-json\/wp\/v2\/posts\/11542\/revisions"}],"wp:featuredmedia":[{"embeddable":true,"href":"http:\/\/www.affinite.fr\/index.php\/wp-json\/wp\/v2\/media\/11543"}],"wp:attachment":[{"href":"http:\/\/www.affinite.fr\/index.php\/wp-json\/wp\/v2\/media?parent=11542"}],"wp:term":[{"taxonomy":"category","embeddable":true,"href":"http:\/\/www.affinite.fr\/index.php\/wp-json\/wp\/v2\/categories?post=11542"},{"taxonomy":"post_tag","embeddable":true,"href":"http:\/\/www.affinite.fr\/index.php\/wp-json\/wp\/v2\/tags?post=11542"}],"curies":[{"name":"wp","href":"https:\/\/api.w.org\/{rel}","templated":true}]}}