{"id":11531,"date":"2025-04-17T15:30:23","date_gmt":"2025-04-17T15:30:23","guid":{"rendered":"http:\/\/www.affinite.fr\/index.php\/2025\/04\/17\/avec-son-pull-flashy-isabelle-ithurburu-nous-fait-voir-la-vie-en-rose\/"},"modified":"2025-04-17T15:30:23","modified_gmt":"2025-04-17T15:30:23","slug":"avec-son-pull-flashy-isabelle-ithurburu-nous-fait-voir-la-vie-en-rose","status":"publish","type":"post","link":"http:\/\/www.affinite.fr\/index.php\/2025\/04\/17\/avec-son-pull-flashy-isabelle-ithurburu-nous-fait-voir-la-vie-en-rose\/","title":{"rendered":"Avec son pull flashy, Isabelle Ithurburu nous fait voir la vie en rose"},"content":{"rendered":"<p> [ad_1]<br \/>\n<br \/><img decoding=\"async\" src=\"https:\/\/img-3.journaldesfemmes.fr\/NRsTygbGGyZlyq2_N_9_CP95MNI=\/1280x\/smart\/9d633eae36e741bab5c9b88dbe78a404\/ccmcms-jdf\/40027214.jpg\" \/><\/p>\n<p>\n                Pour ce look color\u00e9, Isabelle Ithurburu a mis \u00e0 l&rsquo;honneur des marques fran\u00e7aises d&rsquo;exception, qui r\u00e9v\u00e8lent le savoir-faire tricolore. D\u00e9couvrez les d\u00e9tails de la tenue printani\u00e8re de celle qui remplace Jacques Legros au JT de 13h de TF1.            <\/p>\n<div>\n<p>Isabelle Ithurburu adore partager sa vie sur son compte Instagram, et notamment ses looks. Elle a de nouveau d\u00e9voil\u00e9 une\u00a0tenue irr\u00e9prochable sur cette photo pl\u00e9biscit\u00e9e par ses fans.<\/p>\n<p>Gr\u00e2ce \u00e0 sa styliste Ge\u0301raldine Balthazard, qui travaille aussi avec H\u00e9l\u00e8ne Mannarino et Helena Noguerra, Isabelle Ithurburu s&rsquo;affiche toujours avec des tenues styl\u00e9es et audacieuses, qui ne l\u00e9sinent\u00a0pas sur l&rsquo;\u00e9l\u00e9gance. L&rsquo;animatrice a de nouveau frapp\u00e9 dans les coulisses de<em> Danse avec les Stars, <\/em>o\u00f9 elle a pos\u00e9 dans un look vitamin\u00e9, \u00e0 son image. La pi\u00e8ce\u00a0phare de son ensemble \u00e9tait, assur\u00e9ment, son <a href=\"https:\/\/www.journaldesfemmes.fr\/mode\/shopping\/2577451-pull-maille-sweat\/\" title=\"Pulls\">pull<\/a> rose flashy boutonn\u00e9 dont elle a retrouss\u00e9 les manches longues. Il s&rsquo;agit d&rsquo;un mod\u00e8le de la marque Kujten, experte en cachemire, fond\u00e9e \u00e0 Paris et dont les v\u00eatements sont fabriqu\u00e9s en Mongolie. Pour contrebalancer avec cette pi\u00e8ce forte, Isabelle Ithurburu a mis\u00e9 sur un jean simple, droit et bleu fonc\u00e9.<\/p>\n<p>Parce que des accessoires bien pens\u00e9s peuvent \u00e9lever tout un look, Isabelle Ithurburu a choisi les siens avec soin. On valide ses chaussures argent\u00e9es, des bottines pointues \u00e0 talons sign\u00e9es Jonak, qui ajoutaient une touche fun et scintillante \u00e0 l&rsquo;ensemble. Pour ses bijoux, la star de 42 ans a de nouveau opt\u00e9 pour la maison fran\u00e7aise Salome\u0301 Rico qu&rsquo;elle semble beaucoup appr\u00e9cier.<\/p>\n<p>Alors qu&rsquo;une montre dor\u00e9e habillait son poignet gauche, des bracelets color\u00e9s \u00e9gayaient le droit. Ils sont sign\u00e9s par la marque Atelier marpo, made in France, et ont notamment \u00e9t\u00e9 port\u00e9s par Audrey Fleurot dans la s\u00e9rie <em>HPI. <\/em>Dans son look 100% fran\u00e7ais, Isabelle Ithurburu nous donne de l&rsquo;inspiration mode pour la saison !<\/p>\n<\/p><\/div>\n<p>[ad_2]<br \/>\n<br \/><a href=\"https:\/\/www.journaldesfemmes.fr\/mode\/looks-de-star\/3224896-avec-son-pull-flashy-isabelle-ithurburu-nous-fait-voir-la-vie-en-rose-une-tenue-100-signee-de-marques-francaises\/\">Source link <\/a><\/p>\n","protected":false},"excerpt":{"rendered":"<p>[ad_1] Pour ce look color\u00e9, Isabelle Ithurburu a mis \u00e0 l&rsquo;honneur des marques fran\u00e7aises d&rsquo;exception, qui r\u00e9v\u00e8lent le savoir-faire tricolore. &hellip; <a href=\"http:\/\/www.affinite.fr\/index.php\/2025\/04\/17\/avec-son-pull-flashy-isabelle-ithurburu-nous-fait-voir-la-vie-en-rose\/\" class=\"more-link\">Plus <span class=\"screen-reader-text\">Avec son pull flashy, Isabelle Ithurburu nous fait voir la vie en rose<\/span> <span class=\"meta-nav\">&rarr;<\/span><\/a><\/p>\n","protected":false},"author":1,"featured_media":11532,"comment_status":"","ping_status":"open","sticky":false,"template":"","format":"standard","meta":{"_sitemap_exclude":false,"_sitemap_priority":"","_sitemap_frequency":"","footnotes":""},"categories":[1],"tags":[],"class_list":["post-11531","post","type-post","status-publish","format-standard","has-post-thumbnail","hentry","category-tous"],"_links":{"self":[{"href":"http:\/\/www.affinite.fr\/index.php\/wp-json\/wp\/v2\/posts\/11531"}],"collection":[{"href":"http:\/\/www.affinite.fr\/index.php\/wp-json\/wp\/v2\/posts"}],"about":[{"href":"http:\/\/www.affinite.fr\/index.php\/wp-json\/wp\/v2\/types\/post"}],"author":[{"embeddable":true,"href":"http:\/\/www.affinite.fr\/index.php\/wp-json\/wp\/v2\/users\/1"}],"replies":[{"embeddable":true,"href":"http:\/\/www.affinite.fr\/index.php\/wp-json\/wp\/v2\/comments?post=11531"}],"version-history":[{"count":0,"href":"http:\/\/www.affinite.fr\/index.php\/wp-json\/wp\/v2\/posts\/11531\/revisions"}],"wp:featuredmedia":[{"embeddable":true,"href":"http:\/\/www.affinite.fr\/index.php\/wp-json\/wp\/v2\/media\/11532"}],"wp:attachment":[{"href":"http:\/\/www.affinite.fr\/index.php\/wp-json\/wp\/v2\/media?parent=11531"}],"wp:term":[{"taxonomy":"category","embeddable":true,"href":"http:\/\/www.affinite.fr\/index.php\/wp-json\/wp\/v2\/categories?post=11531"},{"taxonomy":"post_tag","embeddable":true,"href":"http:\/\/www.affinite.fr\/index.php\/wp-json\/wp\/v2\/tags?post=11531"}],"curies":[{"name":"wp","href":"https:\/\/api.w.org\/{rel}","templated":true}]}}