{"id":11523,"date":"2025-04-15T15:28:49","date_gmt":"2025-04-15T15:28:49","guid":{"rendered":"http:\/\/www.affinite.fr\/index.php\/2025\/04\/15\/julie-gayet-ose-une-paire-de-lunettes-loufoque-pour-ce-festival-dedie-a-lintelligence-artificielle\/"},"modified":"2025-04-15T15:28:49","modified_gmt":"2025-04-15T15:28:49","slug":"julie-gayet-ose-une-paire-de-lunettes-loufoque-pour-ce-festival-dedie-a-lintelligence-artificielle","status":"publish","type":"post","link":"http:\/\/www.affinite.fr\/index.php\/2025\/04\/15\/julie-gayet-ose-une-paire-de-lunettes-loufoque-pour-ce-festival-dedie-a-lintelligence-artificielle\/","title":{"rendered":"Julie Gayet ose une paire de lunettes loufoque pour ce festival d\u00e9di\u00e9 \u00e0 l&rsquo;intelligence artificielle"},"content":{"rendered":"<p> [ad_1]<br \/>\n<\/p>\n<p>\n                Si elle aime s&rsquo;habiller en noir, Julie Gayet n&rsquo;a pas peur d&rsquo;oser avec la mode. Pour ce faire, elle mise sur les accessoires, comme ici, avec un \u00e9l\u00e9ment flashy avec lequel on ne l&rsquo;avait encore jamais vue. Photo.            <\/p>\n<div>\n<p>Le 11 avril dernier, <a href=\"https:\/\/www.journaldesfemmes.fr\/people\/personnalites\/2679059-julie-gayet-age-vie-privee-ou-vit-elle\/\" title=\"Julie Gayet\">Julie Gayet<\/a> \u00e9tait \u00e0 Nice pour le WAIFF, soit le World AI Film Festival. Pour l&rsquo;occasion, la star de 52 ans a accord\u00e9 sa tenue au th\u00e8me de l&rsquo;\u00e9v\u00e9nement gr\u00e2ce \u00e0 un accessoire remarquable.<\/p>\n<p>Les 11 et 12 avril 2025 se tient ce festival mondial mettant en lumi\u00e8re les films utilisant l&rsquo;IA, avec Claude Lelouch en qualit\u00e9 de pr\u00e9sident d\u2019honneur. Julie Gayet, qui fait \u00e9galement partie du jury, \u00e9tait\u00a0pr\u00e9sente \u00e0\u00a0la c\u00e9r\u00e9monie d&rsquo;ouverture. Sur le tapis rouge, l&rsquo;\u00e9pouse de Fran\u00e7ois Hollande a tent\u00e9 un look audacieux, m\u00ealant \u00e9l\u00e9gance et originalit\u00e9.<\/p>\n<p>Pour l&rsquo;esprit chic de la tenue, l&rsquo;actrice portait une longue <a href=\"https:\/\/www.journaldesfemmes.fr\/mode\/shopping\/2577447-robes\/\" title=\"Robes\">robe<\/a> noire au col chemise, affichant des manches chauve-souris. Une fine ceinture soulignait sa taille de gu\u00eape, tandis que la jupe pliss\u00e9e balayait ses chevilles. On valide cette pi\u00e8ce sobre et raffin\u00e9e qui contrastait joliment avec sa blondeur.<\/p>\n<div style=\"text-align:center\">\n<figure class=\"image\" style=\"display:inline-block\"><img decoding=\"async\" alt=\"julie-gayet \" src=\"https:\/\/img-3.journaldesfemmes.fr\/1izyLxxp1Qgb3Gab6oh30DUKWgE=\/450x\/smart\/b8c74db2e3f742f28c026868776fe5a3\/ccmcms-jdf\/40026899.jpg\"\/><figcaption data-credit=\"Shootpix\/ABACA\" data-legend=\"Julie Gayet le 11 avril 2025 \u00e0 Nice.\">Julie Gayet le 11 avril 2025 \u00e0 Nice. <small>\u00a9\u00a0Shootpix\/ABACA<\/small><\/figcaption><\/figure>\n<\/div>\n<p>Pour marquer le coup devant les photographes, Julie Gayet avait fait le choix de miser sur des accessoires inattendus. Alors que ses escarpins noirs et pointus faisaient \u00e9cho \u00e0 sa superbe robe, la Fran\u00e7aise a opt\u00e9 pour de la couleur sur les autres \u00e9l\u00e9ments de son look. On remarque notamment que des bracelets et un badge bleus ponctuaient l&rsquo;ensemble.<\/p>\n<p>Mais le d\u00e9tail mode qui a retenu l&rsquo;attention\u00a0\u00e9tait, assur\u00e9ment, les <a href=\"https:\/\/www.journaldesfemmes.fr\/mode\/shopping\/2578159-lunettes-vue-solaires\/\" title=\"Lunettes\">lunettes de soleil<\/a> port\u00e9es par Julie Gayet. Carr\u00e9es et imposantes, ces lunettes affichaient un orange fluo, collant \u00e0 merveille \u00e0 la th\u00e9matique de ce festival de cin\u00e9ma peu conventionnel. Ainsi, la maman de deux enfants a parfaitement su m\u00ealer les styles vestimentaires, cr\u00e9ant une tenue immanquable.<\/p>\n<\/p><\/div>\n<p>[ad_2]<br \/>\n<br \/><a href=\"https:\/\/www.journaldesfemmes.fr\/mode\/looks-de-star\/3224656-julie-gayet-ose-une-paire-de-lunettes-loufoque-pour-ce-festival-dedie-a-l-intelligence-artificielle\/\">Source link <\/a><\/p>\n","protected":false},"excerpt":{"rendered":"<p>[ad_1] Si elle aime s&rsquo;habiller en noir, Julie Gayet n&rsquo;a pas peur d&rsquo;oser avec la mode. Pour ce faire, elle &hellip; <a href=\"http:\/\/www.affinite.fr\/index.php\/2025\/04\/15\/julie-gayet-ose-une-paire-de-lunettes-loufoque-pour-ce-festival-dedie-a-lintelligence-artificielle\/\" class=\"more-link\">Plus <span class=\"screen-reader-text\">Julie Gayet ose une paire de lunettes loufoque pour ce festival d\u00e9di\u00e9 \u00e0 l&rsquo;intelligence artificielle<\/span> <span class=\"meta-nav\">&rarr;<\/span><\/a><\/p>\n","protected":false},"author":1,"featured_media":11524,"comment_status":"","ping_status":"open","sticky":false,"template":"","format":"standard","meta":{"_sitemap_exclude":false,"_sitemap_priority":"","_sitemap_frequency":"","footnotes":""},"categories":[1],"tags":[],"class_list":["post-11523","post","type-post","status-publish","format-standard","has-post-thumbnail","hentry","category-tous"],"_links":{"self":[{"href":"http:\/\/www.affinite.fr\/index.php\/wp-json\/wp\/v2\/posts\/11523"}],"collection":[{"href":"http:\/\/www.affinite.fr\/index.php\/wp-json\/wp\/v2\/posts"}],"about":[{"href":"http:\/\/www.affinite.fr\/index.php\/wp-json\/wp\/v2\/types\/post"}],"author":[{"embeddable":true,"href":"http:\/\/www.affinite.fr\/index.php\/wp-json\/wp\/v2\/users\/1"}],"replies":[{"embeddable":true,"href":"http:\/\/www.affinite.fr\/index.php\/wp-json\/wp\/v2\/comments?post=11523"}],"version-history":[{"count":0,"href":"http:\/\/www.affinite.fr\/index.php\/wp-json\/wp\/v2\/posts\/11523\/revisions"}],"wp:featuredmedia":[{"embeddable":true,"href":"http:\/\/www.affinite.fr\/index.php\/wp-json\/wp\/v2\/media\/11524"}],"wp:attachment":[{"href":"http:\/\/www.affinite.fr\/index.php\/wp-json\/wp\/v2\/media?parent=11523"}],"wp:term":[{"taxonomy":"category","embeddable":true,"href":"http:\/\/www.affinite.fr\/index.php\/wp-json\/wp\/v2\/categories?post=11523"},{"taxonomy":"post_tag","embeddable":true,"href":"http:\/\/www.affinite.fr\/index.php\/wp-json\/wp\/v2\/tags?post=11523"}],"curies":[{"name":"wp","href":"https:\/\/api.w.org\/{rel}","templated":true}]}}