{"id":115,"date":"2020-02-16T11:13:08","date_gmt":"2020-02-16T11:13:08","guid":{"rendered":"https:\/\/www.affinite.fr\/index.php\/2020\/02\/16\/malte-la-valette-et-les-trois-citees\/"},"modified":"2020-02-16T11:13:08","modified_gmt":"2020-02-16T11:13:08","slug":"malte-la-valette-et-les-trois-citees","status":"publish","type":"post","link":"http:\/\/www.affinite.fr\/index.php\/2020\/02\/16\/malte-la-valette-et-les-trois-citees\/","title":{"rendered":"Malte, la Valette et les trois cit\u00e9es"},"content":{"rendered":"<p> [ad_1]<br \/>\n<\/p>\n<div>\n<p style=\"text-align:center\">Malte est un archipel de la m\u00e9diterran\u00e9e situ\u00e9 au sud de la Sicile. Elle se compose de 3 \u00eeles : Malte, Gozo et Comino. Si vous cherchez un coin <strong>nature et culture<\/strong>, c\u2019est ici qu\u2019il faut vous rendre! Quand vous atterrissez \u00e0 Malte, les visites les plus simple sont Le centre historique de<strong> Malte, la Valette et les trois cit\u00e9s!<\/strong> Nous allons commencer notre visite par <\/p>\n<h2>Malte, la Valette <\/h2>\n<p style=\"text-align:center\"><strong>La Valette<\/strong> est la capitale de Malte et aussi  le centre historique. 320 monuments sont class\u00e9s par l\u2019UNESCO et la ville est inscrite sur la liste du patrimoine mondiale de l\u2019humanit\u00e9!<strong> Autant vous dire qu\u2019il y a de quoi voir<\/strong>!! <\/p>\n<p style=\"text-align:center\">Ce que j\u2019ai aim\u00e9 \u00e0 la Valette ce sont ces petites rues avec ses b\u00e2timents plein de couleurs et ses balcons Maltais. <strong>Les balcons traditionnels<\/strong> ont des influences diverses! Arabe, Turque et <a rel=\"noreferrer noopener\" aria-label=\"Aragonaise (s\u2019ouvre dans un nouvel onglet)\" href=\"https:\/\/fr.wikipedia.org\/wiki\/Aragonais\" target=\"_blank\">Aragonaise<\/a>, c\u2019est surement cela qui m\u2019a plu!! ? . Ces balcons sont ferm\u00e9s! Pourquoi : Pour permettre aux femmes de voir ce qu\u2019il se passe dans la rue sans \u00eatre vu et de mod\u00e9rer la temp\u00e9rature int\u00e9rieur des appartements. Bien pens\u00e9!?<\/p>\n<h4>La Valette se <strong>visite \u00e0 pied<\/strong>!<\/h4>\n<p> Perdez vous dans les rues et vous tomberez surement sur des mus\u00e9es comme celui des beaux-arts, le mus\u00e9e national d\u2019arch\u00e9ologie ou bien le Palais des Grands Ma\u00eetres. Vous croiserez aussi des fontaines, des jardins, des statues, des bars, des magasins! D\u2019ailleurs si vous voulez faire du shopping vous \u00eates au bon endroit ? . La visite qui m\u2019a le plus impressionn\u00e9 c\u2019est la <strong>Co-Cath\u00e9drale Saint-Jean<\/strong>! Magnifique! \u00c9blouissante m\u00eame avec des m\u00e9taux argent\u00e9 et or, des pierres semi pr\u00e9cieuses, du marbre polychrome\u2026 Ici, le sol en marbre est form\u00e9 de 400 c\u00e9notaphes ou sont repr\u00e9sent\u00e9s les <a rel=\"noreferrer noopener\" aria-label=\"chevaliers de  l'ordre de saint-jean de J\u00e9rusalem (s\u2019ouvre dans un nouvel onglet)\" href=\"https:\/\/fr.wikipedia.org\/wiki\/Ordre_de_Saint-Jean_de_J%C3%A9rusalem\" target=\"_blank\">chevaliers de  l\u2019ordre de saint-jean de J\u00e9rusalem<\/a>.<strong> Attention vous marcher dessus!!<\/strong> ? . <\/p>\n<ul data-carousel-extra=\"{&quot;blog_id&quot;:1,&quot;permalink&quot;:&quot;https:\/\/rencontretvoyagite.com\/2019\/09\/29\/malte-la-valette-et-les-trois-citees-carnet-de-voyage-europe\/&quot;}\" class=\"wp-block-gallery columns-1 is-cropped\">\n<li class=\"blocks-gallery-item\">\n<figure><img decoding=\"async\" data-attachment-id=\"8179\" data-permalink=\"https:\/\/rencontretvoyagite.com\/2019\/09\/29\/malte-la-valette-et-les-trois-citees-carnet-de-voyage-europe\/malte-la-valette-et-les-trois-cites-cathedrale-saint-jean\/#main\" data-orig-file=\"https:\/\/i2.wp.com\/rencontretvoyagite.com\/wp-content\/uploads\/2019\/06\/Malte-la-Valette-et-les-trois-cit\u00e9s-Cath\u00e9drale-Saint-jean.jpg?fit=2923%2C1949&amp;ssl=1\" data-orig-size=\"2923,1949\" data-comments-opened=\"1\" data-image-meta=\"{&quot;aperture&quot;:&quot;0&quot;,&quot;credit&quot;:&quot;&quot;,&quot;camera&quot;:&quot;&quot;,&quot;caption&quot;:&quot;&quot;,&quot;created_timestamp&quot;:&quot;0&quot;,&quot;copyright&quot;:&quot;&quot;,&quot;focal_length&quot;:&quot;0&quot;,&quot;iso&quot;:&quot;0&quot;,&quot;shutter_speed&quot;:&quot;0&quot;,&quot;title&quot;:&quot;&quot;,&quot;orientation&quot;:&quot;0&quot;}\" data-image-title=\"Malte-la-Valette-et-les-trois-cit\u00e9s-Cath\u00e9drale-Saint-jean\" data-image-description=\"\" data-medium-file=\"https:\/\/i2.wp.com\/rencontretvoyagite.com\/wp-content\/uploads\/2019\/06\/Malte-la-Valette-et-les-trois-cit\u00e9s-Cath\u00e9drale-Saint-jean.jpg?fit=300%2C200&amp;ssl=1\" data-large-file=\"https:\/\/i2.wp.com\/rencontretvoyagite.com\/wp-content\/uploads\/2019\/06\/Malte-la-Valette-et-les-trois-cit\u00e9s-Cath\u00e9drale-Saint-jean.jpg?fit=620%2C414&amp;ssl=1\" alt=\"\" data-id=\"8179\" data-link=\"https:\/\/rencontretvoyagite.com\/?attachment_id=8179#main\" class=\"wp-image-8179 jetpack-lazy-image\" srcset=\"https:\/\/i2.wp.com\/rencontretvoyagite.com\/wp-content\/uploads\/2019\/06\/Malte-la-Valette-et-les-trois-cit\u00e9s-Cath\u00e9drale-Saint-jean.jpg?w=2923&amp;ssl=1 2923w, https:\/\/i2.wp.com\/rencontretvoyagite.com\/wp-content\/uploads\/2019\/06\/Malte-la-Valette-et-les-trois-cit\u00e9s-Cath\u00e9drale-Saint-jean.jpg?resize=300%2C200&amp;ssl=1 300w, https:\/\/i2.wp.com\/rencontretvoyagite.com\/wp-content\/uploads\/2019\/06\/Malte-la-Valette-et-les-trois-cit\u00e9s-Cath\u00e9drale-Saint-jean.jpg?resize=768%2C512&amp;ssl=1 768w, https:\/\/i2.wp.com\/rencontretvoyagite.com\/wp-content\/uploads\/2019\/06\/Malte-la-Valette-et-les-trois-cit\u00e9s-Cath\u00e9drale-Saint-jean.jpg?resize=1024%2C683&amp;ssl=1 1024w, https:\/\/i2.wp.com\/rencontretvoyagite.com\/wp-content\/uploads\/2019\/06\/Malte-la-Valette-et-les-trois-cit\u00e9s-Cath\u00e9drale-Saint-jean.jpg?resize=570%2C380&amp;ssl=1 570w, https:\/\/i2.wp.com\/rencontretvoyagite.com\/wp-content\/uploads\/2019\/06\/Malte-la-Valette-et-les-trois-cit\u00e9s-Cath\u00e9drale-Saint-jean.jpg?w=1240&amp;ssl=1 1240w, https:\/\/i2.wp.com\/rencontretvoyagite.com\/wp-content\/uploads\/2019\/06\/Malte-la-Valette-et-les-trois-cit\u00e9s-Cath\u00e9drale-Saint-jean.jpg?w=1860&amp;ssl=1 1860w\" data-lazy-sizes=\"(max-width: 620px) 100vw, 620px\" src=\"https:\/\/i1.wp.com\/rencontretvoyagite.com\/wp-content\/uploads\/2019\/06\/Malte-la-Valette-et-les-trois-cit\u00e9s-Cath\u00e9drale-Saint-jean.jpg?fit=620%2C414&amp;ssl=1&amp;is-pending-load=1\" srcset=\"data:image\/gif;base64,R0lGODlhAQABAIAAAAAAAP\/\/\/yH5BAEAAAAALAAAAAABAAEAAAIBRAA7\"\/><noscript><img decoding=\"async\" data-attachment-id=\"8179\" data-permalink=\"https:\/\/rencontretvoyagite.com\/2019\/09\/29\/malte-la-valette-et-les-trois-citees-carnet-de-voyage-europe\/malte-la-valette-et-les-trois-cites-cathedrale-saint-jean\/#main\" data-orig-file=\"https:\/\/i2.wp.com\/rencontretvoyagite.com\/wp-content\/uploads\/2019\/06\/Malte-la-Valette-et-les-trois-cit\u00e9s-Cath\u00e9drale-Saint-jean.jpg?fit=2923%2C1949&amp;ssl=1\" data-orig-size=\"2923,1949\" data-comments-opened=\"1\" data-image-meta=\"{&quot;aperture&quot;:&quot;0&quot;,&quot;credit&quot;:&quot;&quot;,&quot;camera&quot;:&quot;&quot;,&quot;caption&quot;:&quot;&quot;,&quot;created_timestamp&quot;:&quot;0&quot;,&quot;copyright&quot;:&quot;&quot;,&quot;focal_length&quot;:&quot;0&quot;,&quot;iso&quot;:&quot;0&quot;,&quot;shutter_speed&quot;:&quot;0&quot;,&quot;title&quot;:&quot;&quot;,&quot;orientation&quot;:&quot;0&quot;}\" data-image-title=\"Malte-la-Valette-et-les-trois-cit\u00e9s-Cath\u00e9drale-Saint-jean\" data-image-description=\"\" data-medium-file=\"https:\/\/i2.wp.com\/rencontretvoyagite.com\/wp-content\/uploads\/2019\/06\/Malte-la-Valette-et-les-trois-cit\u00e9s-Cath\u00e9drale-Saint-jean.jpg?fit=300%2C200&amp;ssl=1\" data-large-file=\"https:\/\/i2.wp.com\/rencontretvoyagite.com\/wp-content\/uploads\/2019\/06\/Malte-la-Valette-et-les-trois-cit\u00e9s-Cath\u00e9drale-Saint-jean.jpg?fit=620%2C414&amp;ssl=1\" src=\"https:\/\/i1.wp.com\/rencontretvoyagite.com\/wp-content\/uploads\/2019\/06\/Malte-la-Valette-et-les-trois-cit\u00e9s-Cath\u00e9drale-Saint-jean.jpg?fit=620%2C414&amp;ssl=1\" alt=\"\" data-id=\"8179\" data-link=\"https:\/\/rencontretvoyagite.com\/?attachment_id=8179#main\" class=\"wp-image-8179\" srcset=\"https:\/\/i2.wp.com\/rencontretvoyagite.com\/wp-content\/uploads\/2019\/06\/Malte-la-Valette-et-les-trois-cit\u00e9s-Cath\u00e9drale-Saint-jean.jpg?w=2923&amp;ssl=1 2923w, https:\/\/i2.wp.com\/rencontretvoyagite.com\/wp-content\/uploads\/2019\/06\/Malte-la-Valette-et-les-trois-cit\u00e9s-Cath\u00e9drale-Saint-jean.jpg?resize=300%2C200&amp;ssl=1 300w, https:\/\/i2.wp.com\/rencontretvoyagite.com\/wp-content\/uploads\/2019\/06\/Malte-la-Valette-et-les-trois-cit\u00e9s-Cath\u00e9drale-Saint-jean.jpg?resize=768%2C512&amp;ssl=1 768w, https:\/\/i2.wp.com\/rencontretvoyagite.com\/wp-content\/uploads\/2019\/06\/Malte-la-Valette-et-les-trois-cit\u00e9s-Cath\u00e9drale-Saint-jean.jpg?resize=1024%2C683&amp;ssl=1 1024w, https:\/\/i2.wp.com\/rencontretvoyagite.com\/wp-content\/uploads\/2019\/06\/Malte-la-Valette-et-les-trois-cit\u00e9s-Cath\u00e9drale-Saint-jean.jpg?resize=570%2C380&amp;ssl=1 570w, https:\/\/i2.wp.com\/rencontretvoyagite.com\/wp-content\/uploads\/2019\/06\/Malte-la-Valette-et-les-trois-cit\u00e9s-Cath\u00e9drale-Saint-jean.jpg?w=1240&amp;ssl=1 1240w, https:\/\/i2.wp.com\/rencontretvoyagite.com\/wp-content\/uploads\/2019\/06\/Malte-la-Valette-et-les-trois-cit\u00e9s-Cath\u00e9drale-Saint-jean.jpg?w=1860&amp;ssl=1 1860w\" sizes=\"(max-width: 620px) 100vw, 620px\"\/><\/noscript><\/figure>\n<\/li>\n<\/ul>\n<p style=\"text-align:center\">Un de mes <strong>coups de c\u0153ur<\/strong> \u00e0 La Valette c\u2019est ce petit port situ\u00e9 juste \u00e0 cote du m\u00e9morial \u00ab\u00a0the Bell\u00a0\u00bb qui sonne tous les jours \u00e0 midi!! Bouchez vos oreilles lol . Descendez quelques marches et vous vous trouverez dans un<strong> autre temps!! <\/strong>Petite baraques, eaux cristalline et p\u00eacheur accueillant! Parfait pour une pause charmante!! Si je dois acheter une maison, <strong>\u00e7a serai ici <\/strong>? . <\/p>\n<p style=\"text-align:center\">Pour faire de jolis clich\u00e9s des 3 cit\u00e9s rendez-vous au jardin de l\u2019Upper Barraka ? <strong>Admirez le paysage!!<\/strong><\/p>\n<figure class=\"wp-block-image\"><img decoding=\"async\" data-attachment-id=\"8183\" data-permalink=\"https:\/\/rencontretvoyagite.com\/2019\/09\/29\/malte-la-valette-et-les-trois-citees-carnet-de-voyage-europe\/les-trois-cites\/#main\" data-orig-file=\"https:\/\/i1.wp.com\/rencontretvoyagite.com\/wp-content\/uploads\/2019\/06\/Les-trois-cit\u00e9s.jpg?fit=1920%2C435&amp;ssl=1\" data-orig-size=\"1920,435\" data-comments-opened=\"1\" data-image-meta=\"{&quot;aperture&quot;:&quot;0&quot;,&quot;credit&quot;:&quot;&quot;,&quot;camera&quot;:&quot;&quot;,&quot;caption&quot;:&quot;&quot;,&quot;created_timestamp&quot;:&quot;0&quot;,&quot;copyright&quot;:&quot;&quot;,&quot;focal_length&quot;:&quot;0&quot;,&quot;iso&quot;:&quot;0&quot;,&quot;shutter_speed&quot;:&quot;0&quot;,&quot;title&quot;:&quot;&quot;,&quot;orientation&quot;:&quot;0&quot;}\" data-image-title=\"Les-trois-cit\u00e9s\" data-image-description=\"\" data-medium-file=\"https:\/\/i1.wp.com\/rencontretvoyagite.com\/wp-content\/uploads\/2019\/06\/Les-trois-cit\u00e9s.jpg?fit=300%2C68&amp;ssl=1\" data-large-file=\"https:\/\/i1.wp.com\/rencontretvoyagite.com\/wp-content\/uploads\/2019\/06\/Les-trois-cit\u00e9s.jpg?fit=620%2C140&amp;ssl=1\" alt=\"\" class=\"wp-image-8183 jetpack-lazy-image\" srcset=\"https:\/\/i1.wp.com\/rencontretvoyagite.com\/wp-content\/uploads\/2019\/06\/Les-trois-cit\u00e9s.jpg?w=1920&amp;ssl=1 1920w, https:\/\/i1.wp.com\/rencontretvoyagite.com\/wp-content\/uploads\/2019\/06\/Les-trois-cit\u00e9s.jpg?resize=300%2C68&amp;ssl=1 300w, https:\/\/i1.wp.com\/rencontretvoyagite.com\/wp-content\/uploads\/2019\/06\/Les-trois-cit\u00e9s.jpg?resize=768%2C174&amp;ssl=1 768w, https:\/\/i1.wp.com\/rencontretvoyagite.com\/wp-content\/uploads\/2019\/06\/Les-trois-cit\u00e9s.jpg?resize=1024%2C232&amp;ssl=1 1024w, https:\/\/i1.wp.com\/rencontretvoyagite.com\/wp-content\/uploads\/2019\/06\/Les-trois-cit\u00e9s.jpg?resize=1180%2C267&amp;ssl=1 1180w, https:\/\/i1.wp.com\/rencontretvoyagite.com\/wp-content\/uploads\/2019\/06\/Les-trois-cit\u00e9s.jpg?w=1240&amp;ssl=1 1240w, https:\/\/i1.wp.com\/rencontretvoyagite.com\/wp-content\/uploads\/2019\/06\/Les-trois-cit\u00e9s.jpg?w=1860&amp;ssl=1 1860w\" data-lazy-sizes=\"(max-width: 620px) 100vw, 620px\" src=\"https:\/\/i2.wp.com\/rencontretvoyagite.com\/wp-content\/uploads\/2019\/06\/Les-trois-cit\u00e9s.jpg?fit=620%2C140&amp;ssl=1&amp;is-pending-load=1\" srcset=\"data:image\/gif;base64,R0lGODlhAQABAIAAAAAAAP\/\/\/yH5BAEAAAAALAAAAAABAAEAAAIBRAA7\"\/><noscript><img decoding=\"async\" data-attachment-id=\"8183\" data-permalink=\"https:\/\/rencontretvoyagite.com\/2019\/09\/29\/malte-la-valette-et-les-trois-citees-carnet-de-voyage-europe\/les-trois-cites\/#main\" data-orig-file=\"https:\/\/i1.wp.com\/rencontretvoyagite.com\/wp-content\/uploads\/2019\/06\/Les-trois-cit\u00e9s.jpg?fit=1920%2C435&amp;ssl=1\" data-orig-size=\"1920,435\" data-comments-opened=\"1\" data-image-meta=\"{&quot;aperture&quot;:&quot;0&quot;,&quot;credit&quot;:&quot;&quot;,&quot;camera&quot;:&quot;&quot;,&quot;caption&quot;:&quot;&quot;,&quot;created_timestamp&quot;:&quot;0&quot;,&quot;copyright&quot;:&quot;&quot;,&quot;focal_length&quot;:&quot;0&quot;,&quot;iso&quot;:&quot;0&quot;,&quot;shutter_speed&quot;:&quot;0&quot;,&quot;title&quot;:&quot;&quot;,&quot;orientation&quot;:&quot;0&quot;}\" data-image-title=\"Les-trois-cit\u00e9s\" data-image-description=\"\" data-medium-file=\"https:\/\/i1.wp.com\/rencontretvoyagite.com\/wp-content\/uploads\/2019\/06\/Les-trois-cit\u00e9s.jpg?fit=300%2C68&amp;ssl=1\" data-large-file=\"https:\/\/i1.wp.com\/rencontretvoyagite.com\/wp-content\/uploads\/2019\/06\/Les-trois-cit\u00e9s.jpg?fit=620%2C140&amp;ssl=1\" src=\"https:\/\/i2.wp.com\/rencontretvoyagite.com\/wp-content\/uploads\/2019\/06\/Les-trois-cit\u00e9s.jpg?fit=620%2C140&amp;ssl=1\" alt=\"\" class=\"wp-image-8183\" srcset=\"https:\/\/i1.wp.com\/rencontretvoyagite.com\/wp-content\/uploads\/2019\/06\/Les-trois-cit\u00e9s.jpg?w=1920&amp;ssl=1 1920w, https:\/\/i1.wp.com\/rencontretvoyagite.com\/wp-content\/uploads\/2019\/06\/Les-trois-cit\u00e9s.jpg?resize=300%2C68&amp;ssl=1 300w, https:\/\/i1.wp.com\/rencontretvoyagite.com\/wp-content\/uploads\/2019\/06\/Les-trois-cit\u00e9s.jpg?resize=768%2C174&amp;ssl=1 768w, https:\/\/i1.wp.com\/rencontretvoyagite.com\/wp-content\/uploads\/2019\/06\/Les-trois-cit\u00e9s.jpg?resize=1024%2C232&amp;ssl=1 1024w, https:\/\/i1.wp.com\/rencontretvoyagite.com\/wp-content\/uploads\/2019\/06\/Les-trois-cit\u00e9s.jpg?resize=1180%2C267&amp;ssl=1 1180w, https:\/\/i1.wp.com\/rencontretvoyagite.com\/wp-content\/uploads\/2019\/06\/Les-trois-cit\u00e9s.jpg?w=1240&amp;ssl=1 1240w, https:\/\/i1.wp.com\/rencontretvoyagite.com\/wp-content\/uploads\/2019\/06\/Les-trois-cit\u00e9s.jpg?w=1860&amp;ssl=1 1860w\" sizes=\"(max-width: 620px) 100vw, 620px\"\/><\/noscript><\/figure>\n<h3>Les trois cit\u00e9s<\/h3>\n<p style=\"text-align:center\"><strong>Les trois cit\u00e9s<\/strong> est le nom donn\u00e9 \u00e0 trois villes Maltaise :   Vittoriosa, Sengla et Cospicua. Elles se trouvent juste en <strong>face de La Valette<\/strong>, on les rejoint par la mer accessible en ferry. Ces trois villes sont beaucoup plus calme que Malte, on y trouve aussi de <strong>charmantes ruelles<\/strong>, des \u00e9glises et le Inquisitor\u2019s palace!! <\/p>\n<p style=\"text-align:center\">Ma pr\u00e9f\u00e9r\u00e9, a \u00e9t\u00e9 <strong>Vittoriosa<\/strong>! 800 M sur 400 M, il m\u2019a fallu une demi journ\u00e9e pour m\u2019y promener ;). Un petit village \u00e0 voir absolument!! Attention \u00e7a monte et descend!! Vous y croiserez d\u2019anciennes battisses de chevaliers et l\u2019auberge de France!! Peut \u00eatre aussi des <strong>chats pos\u00e9s tranquillement<\/strong> ? . Vous pouvez aussi visiter des maisons traditionnelles Maltaise gratuitement! Un r\u00e9gale pour les yeux et les jambes!!<\/p>\n<p style=\"text-align:center\">Je ne m\u2019attendais pas \u00e0 trouver <strong>tant de beaut\u00e9s<\/strong> \u00e0 Malte!! J\u2019ai ador\u00e9 les multiples influences architecturales, l\u2019accueil et la bienveillance des Maltais! Le calme et la nonchalance des trois cit\u00e9s. Ce perdre dans cet archipel <strong>fut un vrai plaisir<\/strong>!! Mais j\u2019ai encore plus ador\u00e9 <a href=\"https:\/\/rencontretvoyagite.com\/?p=8123\" target=\"_blank\" rel=\"noreferrer noopener\" aria-label=\"Malte et son c\u00f4t\u00e9 nature!  (s\u2019ouvre dans un nouvel onglet)\">Malte et son c\u00f4t\u00e9 nature! <\/a><\/p>\n<pre class=\"wp-block-preformatted\">COTE PRATIQUE<\/pre>\n<ul>\n<li><strong>Ou dormir<\/strong> : J\u2019ai log\u00e9 dans un AirBnB en plein c\u0153ur de La Valette. <a rel=\"noreferrer noopener\" aria-label=\"Ici (s\u2019ouvre dans un nouvel onglet)\" href=\"https:\/\/www.airbnb.fr\/rooms\/34077586?eal_exp=1559785630&amp;eal_sig=445981951ac46151aad2dcc87d9903259928637100a4eae6eb65376911362594&amp;eal_uid=246372799&amp;euid=2258d7a0-ddef-36d6-4aa1-de8e323c249a&amp;guests=1&amp;adults=1&amp;sl_alternate_dates_exclusion=true&amp;source_impression_id=p3_1559482029_Mr6epJsoOGJD%2FvWn&amp;check_in=&amp;check_out=&amp;children=0&amp;infants=0\" target=\"_blank\">Ici<\/a><\/li>\n<li><strong>Ou manger<\/strong> : J\u2019ai tester plusieurs lieux et le meilleur moyen de faire des \u00e9conomies c\u2019est de se restaurer dans des lieux incontournable de la vie sociable,  les Band\u2019s club ou Soci\u00e9t\u00e0 filarmonic\u00e0! N\u2019h\u00e9sitez pas \u00e0 pousser les portes ;). Vous pouvez aller aussi au marche couvert Is-Suq-Tal-Belt.<\/li>\n<li><strong>Transports<\/strong> : Les bus en ville co\u00fbte 1,50 euros. <a rel=\"noreferrer noopener\" aria-label=\"Le ferry (s\u2019ouvre dans un nouvel onglet)\" href=\"http:\/\/www.vallettaferryservices.com\/fares.html\" target=\"_blank\">Le ferry<\/a> pour aller aux trois cit\u00e9s 2,80 aller-retour, d\u00e9part toutes les demi-heures de 7h \u00e0 19h.<\/li>\n<li><strong>Co-cath\u00e9drale Saint-Jean<\/strong> : 6 euros <\/li>\n<\/ul>\n<p>Si vous cherchez des id\u00e9es voyages pour l\u2019Europe, c\u2019est par ici!!  <a href=\"https:\/\/rencontretvoyagite.com\/category\/a-propos\/carnets-de-voyages\/europe\/\">https:\/\/rencontretvoyagite.com\/category\/a-propos\/carnets-de-voyages\/europe\/<\/a> <\/p>\n<p>Vous voulez en savoir plus sur mes rencontres autour du monde, c\u2019est par l\u00e0!!  <a href=\"https:\/\/rencontretvoyagite.com\/category\/a-propos\/rencontres\/\">https:\/\/rencontretvoyagite.com\/category\/a-propos\/rencontres\/<\/a> <\/p>\n<div class=\"sharedaddy sd-block sd-like jetpack-likes-widget-wrapper jetpack-likes-widget-unloaded\" id=\"like-post-wrapper-92246691-8121-5e4923c2ecf8b\" data-src=\"https:\/\/widgets.wp.com\/likes\/#blog_id=92246691&amp;post_id=8121&amp;origin=rencontretvoyagite.com&amp;obj_id=92246691-8121-5e4923c2ecf8b\" data-name=\"like-post-frame-92246691-8121-5e4923c2ecf8b\">\n<h3 class=\"sd-title\">WordPress:<\/h3>\n<p><span class=\"button\"><span>J&rsquo;aime<\/span><\/span> <span class=\"loading\">chargement\u2026<\/span><\/p>\n<p><span class=\"sd-text-color\"\/><a class=\"sd-link-color\"\/><\/div>\n<\/p><\/div>\n<p>[ad_2]<br \/>\n<br \/><a href=\"https:\/\/rencontretvoyagite.com\/2019\/09\/29\/malte-la-valette-et-les-trois-citees-carnet-de-voyage-europe\/\">Source link <\/a><\/p>\n","protected":false},"excerpt":{"rendered":"<p>[ad_1] Malte est un archipel de la m\u00e9diterran\u00e9e situ\u00e9 au sud de la Sicile. Elle se compose de 3 \u00eeles &hellip; <a href=\"http:\/\/www.affinite.fr\/index.php\/2020\/02\/16\/malte-la-valette-et-les-trois-citees\/\" class=\"more-link\">Plus <span class=\"screen-reader-text\">Malte, la Valette et les trois cit\u00e9es<\/span> <span class=\"meta-nav\">&rarr;<\/span><\/a><\/p>\n","protected":false},"author":1,"featured_media":0,"comment_status":"open","ping_status":"open","sticky":false,"template":"","format":"standard","meta":{"_sitemap_exclude":false,"_sitemap_priority":"","_sitemap_frequency":"","footnotes":""},"categories":[1],"tags":[],"class_list":["post-115","post","type-post","status-publish","format-standard","hentry","category-tous"],"_links":{"self":[{"href":"http:\/\/www.affinite.fr\/index.php\/wp-json\/wp\/v2\/posts\/115"}],"collection":[{"href":"http:\/\/www.affinite.fr\/index.php\/wp-json\/wp\/v2\/posts"}],"about":[{"href":"http:\/\/www.affinite.fr\/index.php\/wp-json\/wp\/v2\/types\/post"}],"author":[{"embeddable":true,"href":"http:\/\/www.affinite.fr\/index.php\/wp-json\/wp\/v2\/users\/1"}],"replies":[{"embeddable":true,"href":"http:\/\/www.affinite.fr\/index.php\/wp-json\/wp\/v2\/comments?post=115"}],"version-history":[{"count":0,"href":"http:\/\/www.affinite.fr\/index.php\/wp-json\/wp\/v2\/posts\/115\/revisions"}],"wp:attachment":[{"href":"http:\/\/www.affinite.fr\/index.php\/wp-json\/wp\/v2\/media?parent=115"}],"wp:term":[{"taxonomy":"category","embeddable":true,"href":"http:\/\/www.affinite.fr\/index.php\/wp-json\/wp\/v2\/categories?post=115"},{"taxonomy":"post_tag","embeddable":true,"href":"http:\/\/www.affinite.fr\/index.php\/wp-json\/wp\/v2\/tags?post=115"}],"curies":[{"name":"wp","href":"https:\/\/api.w.org\/{rel}","templated":true}]}}