{"id":11498,"date":"2025-04-07T15:19:25","date_gmt":"2025-04-07T15:19:25","guid":{"rendered":"http:\/\/www.affinite.fr\/index.php\/2025\/04\/07\/a-78-ans-glenn-close-soffre-des-escarpins-a-1750-euros-dune-marque-francaise-iconique\/"},"modified":"2025-04-07T15:19:25","modified_gmt":"2025-04-07T15:19:25","slug":"a-78-ans-glenn-close-soffre-des-escarpins-a-1750-euros-dune-marque-francaise-iconique","status":"publish","type":"post","link":"http:\/\/www.affinite.fr\/index.php\/2025\/04\/07\/a-78-ans-glenn-close-soffre-des-escarpins-a-1750-euros-dune-marque-francaise-iconique\/","title":{"rendered":"\u00c0 78\u00a0ans, Glenn Close s&rsquo;offre des escarpins \u00e0 1750\u00a0euros d&rsquo;une marque fran\u00e7aise iconique"},"content":{"rendered":"<p> [ad_1]<br \/>\n<\/p>\n<p>\n                Parce qu&rsquo;une belle paire d&rsquo;escarpins terminent toujours une tenue en beaut\u00e9, Glenn Close a fait confiance \u00e0 celui qu&rsquo;on appelait le Faberg\u00e9 du soulier. Focus sur ses chaussures ultra chics, r\u00e9v\u00e9lant le savoir-faire fran\u00e7ais.            <\/p>\n<div>\n<p>Glenn Close \u00e9tait \u00e0 Los Angeles le 5 avril dernier pour assister \u00e0 la c\u00e9r\u00e9monie Breakthrough Prize. Pour l&rsquo;occasion, l&rsquo;actrice portait une superbe tenue, marqu\u00e9e par un ensemble scintillant et des chaussures fran\u00e7aises.<\/p>\n<p>La 11eme \u00e9dition de la Breakthrough Prize Ceremony a r\u00e9ussi une flop\u00e9e de stars sur le tapis rouge avec, notamment, Salma Hayek, Gwyneth Paltrow, Lily Collins ou encore Jessica Chastain. Mais celle qui a retenu notre attention est Glenn Close, dont les apparitions sont toujours des le\u00e7ons de style \u00e0 la fois \u00e9l\u00e9gant et discret. Alors que ses cons\u0153urs du cin\u00e9ma portaient de belles robes de soir\u00e9e, l&rsquo;actrice a pr\u00e9f\u00e9r\u00e9 miser sur un ensemble de tailleur bleu nuit sign\u00e9 <a href=\"https:\/\/www.journaldesfemmes.fr\/mode\/conseils-mode\/2699035-giorgio-armani-le-couturier-touche-a-tout\/\" title=\"Armani\">Giorgio Armani<\/a>, compos\u00e9 d&rsquo;une veste \u00e0 paillettes et d&rsquo;un pantalon fusel\u00e9. Pour agr\u00e9menter ce look imagin\u00e9 par la styliste Jessica Paster, une pochette noire, toute simple, et des gants en dentelle, qui apportaient une touche os\u00e9e, sublimaient Glenn Close. Enfin, des bijoux de la marque Neil Lane relevaient la tenue de l&rsquo;Am\u00e9ricaine.<\/p>\n<div style=\"text-align:center\">\n<figure class=\"image\" style=\"display:inline-block\"><img decoding=\"async\" alt=\"glenn-close\" src=\"https:\/\/img-3.journaldesfemmes.fr\/lGSBT7A6WPOE0w8Y_CTNoN9IA80=\/450x\/smart\/e9578f979fde4bf58d0f1981114793fb\/ccmcms-jdf\/40025826.jpg\"\/><figcaption data-credit=\"Collin Xavier\/Image Press Agency\/ABACA\" data-legend=\"Glenn Close \u00e0 Los Angeles le 5 avril 2025.\">Glenn Close \u00e0 Los Angeles le 5 avril 2025. <small>\u00a9\u00a0Collin Xavier\/Image Press Agency\/ABACA<\/small><\/figcaption><\/figure>\n<\/div>\n<p>L&rsquo;\u00e9l\u00e9ment phare du look arbor\u00e9 par Glenn Close \u00e9tait ses chaussures de soir\u00e9e, cr\u00e9\u00e9es par une marque fran\u00e7aise r\u00e9put\u00e9e. Celle qui a incarn\u00e9 Cruella sur grand \u00e9cran a choisi une paire d&rsquo;escarpins sign\u00e9e par le cr\u00e9ateur Roger Vivier, qui \u00e9tait surnomm\u00e9 le Faberg\u00e9 du soulier. Il s&rsquo;agit du <a href=\"https:\/\/www.rogervivier.com\/fr-fr\/Escarpins-Efflorescence-en-satin\/p\/RVW41917620RS0B999\/\" target=\"_blank\" rel=\"noopener\">mod\u00e8le \u00ab\u00a0Efflorescence\u00a0\u00bb<\/a>\u00a0en satin orn\u00e9 d&rsquo;une boucle avec cristaux, affich\u00e9 \u00e0 1750 euros.<\/p>\n<p>La maison Roger Vivier, fond\u00e9e en 1937, a d\u00e9j\u00e0 conquis Marion Cotillard, Catherine Deneuve, Cate Blanchett ou encore Margot Robbie, et fait partie des noms iconiques de la <a href=\"https:\/\/www.journaldesfemmes.fr\/mode\/conseils-mode\/2577445-chaussures\/\" title=\"Chaussures de femme\">chaussure<\/a>. C&rsquo;est donc un choix parfait qu&rsquo;a fait\u00a0Glenn Close lors de cet \u00e9v\u00e9nement tr\u00e8s chic.<\/p>\n<\/p><\/div>\n<p>[ad_2]<br \/>\n<br \/><a href=\"https:\/\/www.journaldesfemmes.fr\/mode\/looks-de-star\/3223728-a-78-ans-glenn-close-s-offre-des-escarpins-a-1750-euros-d-une-marque-francaise-iconique\/\">Source link <\/a><\/p>\n","protected":false},"excerpt":{"rendered":"<p>[ad_1] Parce qu&rsquo;une belle paire d&rsquo;escarpins terminent toujours une tenue en beaut\u00e9, Glenn Close a fait confiance \u00e0 celui qu&rsquo;on &hellip; <a href=\"http:\/\/www.affinite.fr\/index.php\/2025\/04\/07\/a-78-ans-glenn-close-soffre-des-escarpins-a-1750-euros-dune-marque-francaise-iconique\/\" class=\"more-link\">Plus <span class=\"screen-reader-text\">\u00c0 78\u00a0ans, Glenn Close s&rsquo;offre des escarpins \u00e0 1750\u00a0euros d&rsquo;une marque fran\u00e7aise iconique<\/span> <span class=\"meta-nav\">&rarr;<\/span><\/a><\/p>\n","protected":false},"author":1,"featured_media":11499,"comment_status":"","ping_status":"open","sticky":false,"template":"","format":"standard","meta":{"_sitemap_exclude":false,"_sitemap_priority":"","_sitemap_frequency":"","footnotes":""},"categories":[1],"tags":[],"class_list":["post-11498","post","type-post","status-publish","format-standard","has-post-thumbnail","hentry","category-tous"],"_links":{"self":[{"href":"http:\/\/www.affinite.fr\/index.php\/wp-json\/wp\/v2\/posts\/11498"}],"collection":[{"href":"http:\/\/www.affinite.fr\/index.php\/wp-json\/wp\/v2\/posts"}],"about":[{"href":"http:\/\/www.affinite.fr\/index.php\/wp-json\/wp\/v2\/types\/post"}],"author":[{"embeddable":true,"href":"http:\/\/www.affinite.fr\/index.php\/wp-json\/wp\/v2\/users\/1"}],"replies":[{"embeddable":true,"href":"http:\/\/www.affinite.fr\/index.php\/wp-json\/wp\/v2\/comments?post=11498"}],"version-history":[{"count":0,"href":"http:\/\/www.affinite.fr\/index.php\/wp-json\/wp\/v2\/posts\/11498\/revisions"}],"wp:featuredmedia":[{"embeddable":true,"href":"http:\/\/www.affinite.fr\/index.php\/wp-json\/wp\/v2\/media\/11499"}],"wp:attachment":[{"href":"http:\/\/www.affinite.fr\/index.php\/wp-json\/wp\/v2\/media?parent=11498"}],"wp:term":[{"taxonomy":"category","embeddable":true,"href":"http:\/\/www.affinite.fr\/index.php\/wp-json\/wp\/v2\/categories?post=11498"},{"taxonomy":"post_tag","embeddable":true,"href":"http:\/\/www.affinite.fr\/index.php\/wp-json\/wp\/v2\/tags?post=11498"}],"curies":[{"name":"wp","href":"https:\/\/api.w.org\/{rel}","templated":true}]}}