{"id":11493,"date":"2025-04-05T15:17:21","date_gmt":"2025-04-05T15:17:21","guid":{"rendered":"https:\/\/www.affinite.fr\/index.php\/2025\/04\/05\/michele-bernier-est-meconnaissable-avec-la-coupe-iconique-de-liza-minnelli\/"},"modified":"2025-04-05T15:17:21","modified_gmt":"2025-04-05T15:17:21","slug":"michele-bernier-est-meconnaissable-avec-la-coupe-iconique-de-liza-minnelli","status":"publish","type":"post","link":"http:\/\/www.affinite.fr\/index.php\/2025\/04\/05\/michele-bernier-est-meconnaissable-avec-la-coupe-iconique-de-liza-minnelli\/","title":{"rendered":"Mich\u00e8le Bernier est m\u00e9connaissable avec la coupe iconique de Liza Minnelli"},"content":{"rendered":"<p> [ad_1]<br \/>\n<\/p>\n<p>\n                Coupe courte et coloration noire\u00a0: Mich\u00e8le Bernier \u00e9tait surprenante avec la coupe de cheveux signature de Liza Minnelli. La Fran\u00e7aise se livre sur son admiration d\u00e9bordante et sur son astuce tr\u00e8s personnelle pour rester jeune. Confidences.            <\/p>\n<div>\n<p><a href=\"https:\/\/www.journaldesfemmes.fr\/people\/personnalites\/2735221-michele-bernier-age-vie-privee-couple-enfants\/\" title=\"Mich\u00e8le Bernier\">Mich\u00e8le Bernier<\/a> \u00e9tait l&rsquo;invit\u00e9e de l&rsquo;\u00e9mission <em>En Apart\u00e9<\/em> diffus\u00e9e sur Canal + le 1er avril dernier, pour promouvoir la pi\u00e8ce de th\u00e9\u00e2tre<em> Lily et Lily <\/em>dans laquelle elle joue deux s\u0153urs jumelles. Elle en a profit\u00e9 pour faire des r\u00e9v\u00e9lations beaut\u00e9.<\/p>\n<p>Apr\u00e8s Marina Fo\u00efs, Pamela Anderson ou encore Jeanne Mas, c&rsquo;\u00e9tait au tour de Mich\u00e8le Bernier de se retrouver seule dans un appartement pour r\u00e9pondre aux questions de la journaliste Nathalie Levy. Alors qu&rsquo;elle joue deux s\u0153urs sur les planches, l&rsquo;actrice qui est fille unique d\u00e9voile qu&rsquo;elle aurait aim\u00e9 avoir des liens de parent\u00e9 avec une super star : Liza Minnelli. Apr\u00e8s avoir expliqu\u00e9 son admiration sans faille pour la chanteuse et actrice am\u00e9ricaine, Mich\u00e8le Bernier avoue avoir copi\u00e9 le style capillaire de son idole. \u00ab\u00a0<em>Je me suis longtemps identifi\u00e9e \u00e0 elle d&rsquo;ailleurs, il y a eu une \u00e9poque de ma vie o\u00f9 j&rsquo;\u00e9tais coiff\u00e9e comme elle\u00a0\u00bb,<\/em> a-t-elle d\u00e9clar\u00e9.<\/p>\n<div style=\"text-align:center\">\n<figure class=\"image\" style=\"display:inline-block\"><img decoding=\"async\" alt=\"michele-bernier\" src=\"https:\/\/img-3.journaldesfemmes.fr\/oGfCsurcps5jXXoh-ijVoOuee-I=\/450x\/smart\/1ab57d2634964883b0c92b89637d506a\/ccmcms-jdf\/40025316.jpg\"\/><figcaption data-credit=\"SOULOY FREDERIC\/SIPA\" data-legend=\"Mich\u00e8le Bernier en 1991.\">Mich\u00e8le Bernier en 1991. <small>\u00a9\u00a0SOULOY FREDERIC\/SIPA<\/small><\/figcaption><\/figure>\n<\/div>\n<p>En effet, au d\u00e9but des ann\u00e9es 90, la Fran\u00e7aise arborait la m\u00eame coupe courte d&rsquo;un brun fonc\u00e9 que Liza Minnelli, ainsi qu&rsquo;un maquillage similaire. Mich\u00e8le Bernier avait une \u00ab\u00a0<em>passion<\/em>\u00a0\u00bb pour la star<em>. \u00ab\u00a0Si on se rencontrait, mais qu&rsquo;est-ce qu&rsquo;on s&rsquo;aimerait. On serait s\u0153urs<\/em>\u00ab\u00a0, a-t-elle pens\u00e9 avant de rencontrer son idole gr\u00e2ce \u00e0 l&rsquo;interm\u00e9diaire de Line Renaud, amie avec Liza Minnelli.<\/p>\n<p>Durant cette interview, Mich\u00e8le Bernier s&rsquo;est aussi exprim\u00e9e sur son astuce pour rester jeune. \u00c0 l&rsquo;\u00e2ge de 68 ans, la maman de deux enfants ne compte pas sur les injections et autres rem\u00e8des miracles. Celle qui est n\u00e9e \u00e0 Paris pr\u00e9f\u00e8re miser sur les bienfaits de son travail. \u00ab\u00a0<em>Je ne fais pas de chirurgie esth\u00e9tique, mais je fais des pi\u00e8ces folles pour rester jeune\u00a0\u00bb<\/em>, a-t-elle confi\u00e9 joyeusement.<\/p>\n<p>Une technique qui semble fonctionner pour Mich\u00e8le Bernier qui a conserv\u00e9\u00a0sa bonne humeur et son visage p\u00e9tillant au fil des ann\u00e9es.<\/p>\n<\/p><\/div>\n<p>[ad_2]<br \/>\n<br \/><a href=\"https:\/\/www.journaldesfemmes.fr\/beaute\/magazine\/3223400-michele-bernier-est-meconnaissable-avec-la-coupe-iconique-de-liza-minnelli-on-serait-soeurs\/\">Source link <\/a><\/p>\n","protected":false},"excerpt":{"rendered":"<p>[ad_1] Coupe courte et coloration noire\u00a0: Mich\u00e8le Bernier \u00e9tait surprenante avec la coupe de cheveux signature de Liza Minnelli. La &hellip; <a href=\"http:\/\/www.affinite.fr\/index.php\/2025\/04\/05\/michele-bernier-est-meconnaissable-avec-la-coupe-iconique-de-liza-minnelli\/\" class=\"more-link\">Plus <span class=\"screen-reader-text\">Mich\u00e8le Bernier est m\u00e9connaissable avec la coupe iconique de Liza Minnelli<\/span> <span class=\"meta-nav\">&rarr;<\/span><\/a><\/p>\n","protected":false},"author":1,"featured_media":11494,"comment_status":"","ping_status":"open","sticky":false,"template":"","format":"standard","meta":{"_sitemap_exclude":false,"_sitemap_priority":"","_sitemap_frequency":"","footnotes":""},"categories":[1],"tags":[],"class_list":["post-11493","post","type-post","status-publish","format-standard","has-post-thumbnail","hentry","category-tous"],"_links":{"self":[{"href":"http:\/\/www.affinite.fr\/index.php\/wp-json\/wp\/v2\/posts\/11493"}],"collection":[{"href":"http:\/\/www.affinite.fr\/index.php\/wp-json\/wp\/v2\/posts"}],"about":[{"href":"http:\/\/www.affinite.fr\/index.php\/wp-json\/wp\/v2\/types\/post"}],"author":[{"embeddable":true,"href":"http:\/\/www.affinite.fr\/index.php\/wp-json\/wp\/v2\/users\/1"}],"replies":[{"embeddable":true,"href":"http:\/\/www.affinite.fr\/index.php\/wp-json\/wp\/v2\/comments?post=11493"}],"version-history":[{"count":0,"href":"http:\/\/www.affinite.fr\/index.php\/wp-json\/wp\/v2\/posts\/11493\/revisions"}],"wp:featuredmedia":[{"embeddable":true,"href":"http:\/\/www.affinite.fr\/index.php\/wp-json\/wp\/v2\/media\/11494"}],"wp:attachment":[{"href":"http:\/\/www.affinite.fr\/index.php\/wp-json\/wp\/v2\/media?parent=11493"}],"wp:term":[{"taxonomy":"category","embeddable":true,"href":"http:\/\/www.affinite.fr\/index.php\/wp-json\/wp\/v2\/categories?post=11493"},{"taxonomy":"post_tag","embeddable":true,"href":"http:\/\/www.affinite.fr\/index.php\/wp-json\/wp\/v2\/tags?post=11493"}],"curies":[{"name":"wp","href":"https:\/\/api.w.org\/{rel}","templated":true}]}}