{"id":11487,"date":"2025-04-03T15:13:28","date_gmt":"2025-04-03T15:13:28","guid":{"rendered":"http:\/\/www.affinite.fr\/index.php\/2025\/04\/03\/cristina-cordula-devoile-ses-coups-de-coeur-zara-du-printemps-dans-une-tenue-tres-stylee\/"},"modified":"2025-04-03T15:13:28","modified_gmt":"2025-04-03T15:13:28","slug":"cristina-cordula-devoile-ses-coups-de-coeur-zara-du-printemps-dans-une-tenue-tres-stylee","status":"publish","type":"post","link":"http:\/\/www.affinite.fr\/index.php\/2025\/04\/03\/cristina-cordula-devoile-ses-coups-de-coeur-zara-du-printemps-dans-une-tenue-tres-stylee\/","title":{"rendered":"Cristina Cordula d\u00e9voile ses coups de c\u0153ur Zara du printemps dans une tenue tr\u00e8s styl\u00e9e"},"content":{"rendered":"<p> [ad_1]<br \/>\n<br \/><img decoding=\"async\" src=\"https:\/\/img-3.journaldesfemmes.fr\/ScoaMAmII5fUknSnwfcaAmMfNTc=\/1280x\/smart\/e0e0bdc1d1c2432db79254838c043731\/ccmcms-jdf\/40025325.jpg\" \/><\/p>\n<p>\n                Sur Instagram, Cristina Cordula a fait le buzz en adoptant une tenue \u00ab\u00a0magnifa\u00efk\u00a0\u00bb qui respire le soleil. Le\u00e7on de style.            <\/p>\n<div>\n<p>Que ce soit au premier rang des plus grands d\u00e9fil\u00e9s ou tout simplement en r\u00e9el Instagram, <a href=\"https:\/\/www.journaldesfemmes.fr\/people\/cristina-cordula\/\" title=\"Cristina Cordula\">Cristina Cordula<\/a> fait de chacune de ses apparitions un moment de mode. Exemple avec cette tenue printani\u00e8re alliant fra\u00eecheur et sophistication, rep\u00e9r\u00e9e sur son compte suivi par plus d&rsquo;1,5\u00a0million\u00a0de personnes.<\/p>\n<p>Sur une musique entra\u00eenante, l&rsquo;animatrice et conseill\u00e8re en image enfile premi\u00e8rement une jupe crayon argent\u00e9e de la marque belge Natan Couture. Une pi\u00e8ce \u00e9clatante associ\u00e9e \u00e0 un T-shirt tout simple bordeaux et soulign\u00e9e par une large ceinture marron \u00e0 la taille, tous deux venant de chez Zara. Ce mod\u00e8le de ceinture \u00e0 clous met en lumi\u00e8re le grand retour du style boh\u00e8me ce printemps. L&rsquo;ancienne pr\u00e9sentatrice des <em>Reines du Shopping<\/em> termine sa tenue avec une l\u00e9g\u00e8re veste kaki aux manches retrouss\u00e9es IKKS qui en plus de la couvrir \u00e9l\u00e9gamment, ajoute une touche d\u00e9contract\u00e9e \u00e0 l&rsquo;ensemble.<\/p>\n<p>Le tout \u00e9tait compl\u00e9t\u00e9 par des bottes marron inspiration santiags de Ba&amp;sh, accentuant le c\u00f4t\u00e9 mode de la tenue. Un vrai must-have depuis plusieurs saisons maintenant\u00a0! C\u00f4t\u00e9 bijoux, Cristina Cordula ajoute \u00e0 son look deux manchettes Isabelle Toledano, une en m\u00e9tal dor\u00e9 et une autre l\u00e9opard, ainsi qu&rsquo;une paire de grandes cr\u00e9oles fines dont elle se s\u00e9pare rarement.<\/p>\n<p>Avec cette tenue\u00a0parfaite, Cristina Cordula nous a d\u00e9finitivement donn\u00e9 une bouff\u00e9e d&rsquo;inspiration pour nos prochaines tenues de saison. Un avis que partagent les abonn\u00e9s de la star puisqu&rsquo;ils sont nombreux \u00e0 l&rsquo;avoir compliment\u00e9 dans la section des commentaires. \u00ab\u00a0<em>Tr\u00e8s joli look Cristina. La jupe j&rsquo;adooore<\/em>\u00ab\u00a0, \u00ab\u00a0<em>Superbe tenue<\/em>\u00ab\u00a0, \u00ab\u00a0<em>Canon\u00a0! j&rsquo;adore le tout<\/em>\u00ab\u00a0, \u00ab\u00a0<em>Ohlala j&rsquo;adore\u00a0! Totalement chic<\/em>\u00ab\u00a0, \u00ab\u00a0<em>Tout est canon, tr\u00e8s beau look<\/em>\u00ab\u00a0, \u00ab\u00a0<em>Canon comme d&rsquo;habitude, merci de nous donner des id\u00e9es<\/em>\u00a0\u00bb peut-on ainsi lire. Encore un pari mode r\u00e9ussi pour la reine du style\u00a0!<\/p>\n<\/p><\/div>\n<p>[ad_2]<br \/>\n<br \/><a href=\"https:\/\/www.journaldesfemmes.fr\/mode\/looks-de-star\/3223408-cristina-cordula-devoile-ses-coups-de-coeur-zara-du-printemps-dans-une-tenue-tres-stylee\/\">Source link <\/a><\/p>\n","protected":false},"excerpt":{"rendered":"<p>[ad_1] Sur Instagram, Cristina Cordula a fait le buzz en adoptant une tenue \u00ab\u00a0magnifa\u00efk\u00a0\u00bb qui respire le soleil. Le\u00e7on de &hellip; <a href=\"http:\/\/www.affinite.fr\/index.php\/2025\/04\/03\/cristina-cordula-devoile-ses-coups-de-coeur-zara-du-printemps-dans-une-tenue-tres-stylee\/\" class=\"more-link\">Plus <span class=\"screen-reader-text\">Cristina Cordula d\u00e9voile ses coups de c\u0153ur Zara du printemps dans une tenue tr\u00e8s styl\u00e9e<\/span> <span class=\"meta-nav\">&rarr;<\/span><\/a><\/p>\n","protected":false},"author":1,"featured_media":11488,"comment_status":"","ping_status":"open","sticky":false,"template":"","format":"standard","meta":{"_sitemap_exclude":false,"_sitemap_priority":"","_sitemap_frequency":"","footnotes":""},"categories":[1],"tags":[],"class_list":["post-11487","post","type-post","status-publish","format-standard","has-post-thumbnail","hentry","category-tous"],"_links":{"self":[{"href":"http:\/\/www.affinite.fr\/index.php\/wp-json\/wp\/v2\/posts\/11487"}],"collection":[{"href":"http:\/\/www.affinite.fr\/index.php\/wp-json\/wp\/v2\/posts"}],"about":[{"href":"http:\/\/www.affinite.fr\/index.php\/wp-json\/wp\/v2\/types\/post"}],"author":[{"embeddable":true,"href":"http:\/\/www.affinite.fr\/index.php\/wp-json\/wp\/v2\/users\/1"}],"replies":[{"embeddable":true,"href":"http:\/\/www.affinite.fr\/index.php\/wp-json\/wp\/v2\/comments?post=11487"}],"version-history":[{"count":0,"href":"http:\/\/www.affinite.fr\/index.php\/wp-json\/wp\/v2\/posts\/11487\/revisions"}],"wp:featuredmedia":[{"embeddable":true,"href":"http:\/\/www.affinite.fr\/index.php\/wp-json\/wp\/v2\/media\/11488"}],"wp:attachment":[{"href":"http:\/\/www.affinite.fr\/index.php\/wp-json\/wp\/v2\/media?parent=11487"}],"wp:term":[{"taxonomy":"category","embeddable":true,"href":"http:\/\/www.affinite.fr\/index.php\/wp-json\/wp\/v2\/categories?post=11487"},{"taxonomy":"post_tag","embeddable":true,"href":"http:\/\/www.affinite.fr\/index.php\/wp-json\/wp\/v2\/tags?post=11487"}],"curies":[{"name":"wp","href":"https:\/\/api.w.org\/{rel}","templated":true}]}}