{"id":11417,"date":"2025-03-11T14:25:09","date_gmt":"2025-03-11T14:25:09","guid":{"rendered":"https:\/\/www.affinite.fr\/index.php\/2025\/03\/11\/une-grande-fatigue-va-bientot-toucher-la-population-voila-comment-y-echapper\/"},"modified":"2025-03-11T14:25:09","modified_gmt":"2025-03-11T14:25:09","slug":"une-grande-fatigue-va-bientot-toucher-la-population-voila-comment-y-echapper","status":"publish","type":"post","link":"http:\/\/www.affinite.fr\/index.php\/2025\/03\/11\/une-grande-fatigue-va-bientot-toucher-la-population-voila-comment-y-echapper\/","title":{"rendered":"une grande fatigue va bient\u00f4t toucher la population, voil\u00e0 comment y \u00e9chapper"},"content":{"rendered":"<p> [ad_1]<br \/>\n<br \/><img decoding=\"async\" src=\"https:\/\/img-3.journaldesfemmes.fr\/6wJ9xzLstN2em9WWzaPnqUDwJKQ=\/1280x\/smart\/ae9cbf7ab0584e008df83383f3927985\/ccmcms-jdf\/40021421.jpg\" \/><\/p>\n<p>\n                C&rsquo;est maintenant qu&rsquo;il faut agir.            <\/p>\n<div>\n<p>L&rsquo;hiver touche \u00e0 sa fin. L&rsquo;arriv\u00e9e du mois de mars marque le retour de temp\u00e9ratures moins fra\u00eeches, d&rsquo;un ensoleillement plus important et plus long. En bref, que de bonnes nouvelles pour le moral et l&rsquo;\u00e9nergie de l&rsquo;organisme. Mais peut-\u00eatre pas pour longtemps&#8230; Une <a href=\"https:\/\/sante.journaldesfemmes.fr\/fiches-sante-du-quotidien\/2440640-fatigue-cause-symptomes-que-faire\/\" title=\"Fatigue\">fatigue<\/a> g\u00e9n\u00e9rale devrait survenir dans quelques jours ou plut\u00f4t quelques semaines et c&rsquo;est maintenant qu&rsquo;il faut agir si on veut y \u00e9chapper.<\/p>\n<p>Quel est l&rsquo;\u00e9v\u00e8nement incontournable du mois de mars ? Le printemps oui, mais pas seulement. Il y a un autre \u00e9v\u00e8nement qui revient chaque ann\u00e9e \u00e0 la fin de ce mois et perturbe particuli\u00e8rement l&rsquo;organisme, surtout des plus jeunes. Il survient aussi en octobre mais est beaucoup mieux v\u00e9cu. Une id\u00e9e du fameux ph\u00e9nom\u00e8ne ? Il s&rsquo;agit du <a href=\"https:\/\/sante.journaldesfemmes.fr\/fiches-sante-du-quotidien\/2698749-prochain-changement-d-heure-2024-date-france\/\" title=\"Changement d'heure\">changement d&rsquo;heure<\/a>. Pr\u00e9vu dans la nuit du 29 au 30 mars prochain, le passage \u00e0 l&rsquo;heure d&rsquo;\u00e9t\u00e9 va \u00eatre une \u00e9preuve pour l&rsquo;organisme, bien plus que celui de l&rsquo;heure d&rsquo;hiver. Pour cause, l&rsquo;<a href=\"https:\/\/sante.journaldesfemmes.fr\/fiches-sante-du-quotidien\/2626893-passage-heure-ete-france-inconvenient-fatigue-consequences-sommeil\/\" title=\"Changement d'heure d'\u00e9t\u00e9\">heure d&rsquo;\u00e9t\u00e9<\/a> implique la perte d&rsquo;une heure de sommeil par nuit et tous les experts le disent, il est mauvais pour l&rsquo;organisme.<\/p>\n<p><em>\u00ab\u00a0Les recherches montrent que l&rsquo;heure d&rsquo;\u00e9t\u00e9 perturbe notre <a href=\"https:\/\/sante.journaldesfemmes.fr\/fiches-sante-du-quotidien\/2784279-horloge-biologique-definition-femme-homme-interne-regler-rythme-circadien\/\" title=\"Horloge circadienne\">horloge biologique<\/a> (circadienne)\u00a0en r\u00e9duisant l&rsquo;exposition au soleil du matin, ce qui repousse nos horaires de sommeil et peut avoir des effets n\u00e9gatifs sur notre sant\u00e9<\/em>\u00a0\u00bb\u00a0a d\u00e9clar\u00e9 la biologiste Carla Finkelstein de la Society for Research in Biological Rhythms au site am\u00e9ricain <a href=\"https:\/\/www.newsweek.com\/daylight-saving-time-switch-health-sleep-pattern-2041786\" target=\"_blank\" rel=\"noopener\">Newsweek<\/a>. Selon elle,<em>\u00a0\u00ab\u00a0rester \u00e0 l&rsquo;heure normale toute l&rsquo;ann\u00e9e est bien meilleur pour nos rythmes circadiens, notre sant\u00e9 g\u00e9n\u00e9rale et notre bien-\u00eatre\u00a0\u00bb.\u00a0<\/em>Mais malheureusement, on ne peut pas aller \u00e0 l&rsquo;encontre du changement d&rsquo;heure act\u00e9 en France depuis 1975. Alors comment faire pour r\u00e9duire au maximum la fatigue associ\u00e9e ?\u00a0La biologiste a un conseil tr\u00e8s simple <em>: \u00ab\u00a0Essayez de ne pas vous coucher tard\u00a0\u00bb <\/em>le soir\u00a0du changement d&rsquo;heure.<\/p>\n<p>\u00ab\u00a0<em>D\u00e9j\u00e0 qu&rsquo;on prive notre organisme\u00a0d&rsquo;une heure de sommeil ce jour-l\u00e0, il ne faut pas non plus accumuler de la fatigue. On peut se fixer une heure de coucher aux alentours de 23\u00a0heures\u00a0\u00bb <\/em>nous conseillait\u00a0le Dr Catherine Lamblin, m\u00e9decin du sommeil, dans un pr\u00e9c\u00e9dent article sur le passage \u00e0 l&rsquo;heure d&rsquo;\u00e9t\u00e9.\u00a0Il ne faut pas non plus arriver au changement d&rsquo;heure avec une trop grande dette de sommeil. Deux \u00e0 trois jours avant, il est conseill\u00e9 de se coucher l\u00e9g\u00e8rement plus t\u00f4t que d&rsquo;habitude -environ une vingtaine de minutes- afin de se d\u00e9caler progressivement et\u00a0s&rsquo;adapter au nouveau cycle jour\/nuit. D\u00e8s le lendemain du changement d&rsquo;heure, \u00ab\u00a0<em>il faut\u00a0\u00e9couter notre\u00a0corps et se coucher lorsque nous ressentons la fatigue\u00a0\u00bb<\/em> conclut le Dr Lamblin.<\/p>\n<\/p><\/div>\n<p>[ad_2]<br \/>\n<br \/><a href=\"https:\/\/sante.journaldesfemmes.fr\/quotidien\/3220340-une-grande-fatigue-va-bientot-toucher-toute-la-population-il-y-a-un-moyen-d-y-echapper\/\">Source link <\/a><\/p>\n","protected":false},"excerpt":{"rendered":"<p>[ad_1] C&rsquo;est maintenant qu&rsquo;il faut agir. L&rsquo;hiver touche \u00e0 sa fin. L&rsquo;arriv\u00e9e du mois de mars marque le retour de &hellip; <a href=\"http:\/\/www.affinite.fr\/index.php\/2025\/03\/11\/une-grande-fatigue-va-bientot-toucher-la-population-voila-comment-y-echapper\/\" class=\"more-link\">Plus <span class=\"screen-reader-text\">une grande fatigue va bient\u00f4t toucher la population, voil\u00e0 comment y \u00e9chapper<\/span> <span class=\"meta-nav\">&rarr;<\/span><\/a><\/p>\n","protected":false},"author":1,"featured_media":11418,"comment_status":"","ping_status":"open","sticky":false,"template":"","format":"standard","meta":{"_sitemap_exclude":false,"_sitemap_priority":"","_sitemap_frequency":"","footnotes":""},"categories":[1],"tags":[],"class_list":["post-11417","post","type-post","status-publish","format-standard","has-post-thumbnail","hentry","category-tous"],"_links":{"self":[{"href":"http:\/\/www.affinite.fr\/index.php\/wp-json\/wp\/v2\/posts\/11417"}],"collection":[{"href":"http:\/\/www.affinite.fr\/index.php\/wp-json\/wp\/v2\/posts"}],"about":[{"href":"http:\/\/www.affinite.fr\/index.php\/wp-json\/wp\/v2\/types\/post"}],"author":[{"embeddable":true,"href":"http:\/\/www.affinite.fr\/index.php\/wp-json\/wp\/v2\/users\/1"}],"replies":[{"embeddable":true,"href":"http:\/\/www.affinite.fr\/index.php\/wp-json\/wp\/v2\/comments?post=11417"}],"version-history":[{"count":0,"href":"http:\/\/www.affinite.fr\/index.php\/wp-json\/wp\/v2\/posts\/11417\/revisions"}],"wp:featuredmedia":[{"embeddable":true,"href":"http:\/\/www.affinite.fr\/index.php\/wp-json\/wp\/v2\/media\/11418"}],"wp:attachment":[{"href":"http:\/\/www.affinite.fr\/index.php\/wp-json\/wp\/v2\/media?parent=11417"}],"wp:term":[{"taxonomy":"category","embeddable":true,"href":"http:\/\/www.affinite.fr\/index.php\/wp-json\/wp\/v2\/categories?post=11417"},{"taxonomy":"post_tag","embeddable":true,"href":"http:\/\/www.affinite.fr\/index.php\/wp-json\/wp\/v2\/tags?post=11417"}],"curies":[{"name":"wp","href":"https:\/\/api.w.org\/{rel}","templated":true}]}}