{"id":11415,"date":"2025-03-10T14:23:24","date_gmt":"2025-03-10T14:23:24","guid":{"rendered":"https:\/\/www.affinite.fr\/index.php\/2025\/03\/10\/ces-femmes-ont-fait-une-fausse-couche-et-voici-ce-qui-a-ete-le-plus-difficile-a-vivre\/"},"modified":"2025-03-10T14:23:24","modified_gmt":"2025-03-10T14:23:24","slug":"ces-femmes-ont-fait-une-fausse-couche-et-voici-ce-qui-a-ete-le-plus-difficile-a-vivre","status":"publish","type":"post","link":"http:\/\/www.affinite.fr\/index.php\/2025\/03\/10\/ces-femmes-ont-fait-une-fausse-couche-et-voici-ce-qui-a-ete-le-plus-difficile-a-vivre\/","title":{"rendered":"Ces femmes ont fait une fausse couche et voici ce qui a \u00e9t\u00e9 le plus difficile \u00e0 vivre"},"content":{"rendered":"<p> [ad_1]<br \/>\n<br \/><img decoding=\"async\" src=\"https:\/\/img-3.journaldesfemmes.fr\/jBZkfAn73BxAYaRdFxBXN3g-EuM=\/1280x\/smart\/0a239d2c85f64778b4723137cf0de701\/ccmcms-jdf\/40021165.jpg\" \/><\/p>\n<p>\n                Virginie, St\u00e9phanie, \u00c9milie et Cassandra ont toutes v\u00e9cu une grossesse arr\u00eat\u00e9e. De l&rsquo;annonce choc au deuil de ce b\u00e9b\u00e9 tant attendu, elles nous racontent cette douloureuse \u00e9preuve encore trop taboue.            <\/p>\n<div>\n<p>On estime en moyenne qu&rsquo;une femme sur dix fera une <a href=\"https:\/\/www.journaldesfemmes.fr\/maman\/guide-grossesse\/2388798-fausse-couche\/\" title=\"Fausses couches\">fausse couche<\/a> au cours de sa vie. Certaines en font m\u00eame \u00e0 plusieurs reprises et selon les cas, les sympt\u00f4mes sont diff\u00e9rents d&rsquo;une femme \u00e0 l&rsquo;autre. Des saignements et des maux de ventre peuvent appara\u00eetre d\u00e8s le d\u00e9but de la grossesse, tandis que pour d&rsquo;autres futures mamans, la \u00ab\u00a0grossesse arr\u00eat\u00e9e\u00a0\u00bb ou fausse couche est dite \u00ab\u00a0silencieuse\u00a0\u00bb, sans signes apparents. Autant de termes pour d\u00e9signer la perte d&rsquo;un b\u00e9b\u00e9 in ut\u00e9ro, tr\u00e8s attendu par les futurs parents. Nous avons rencontr\u00e9 quatre femmes ayant v\u00e9cu cette douloureuse exp\u00e9rience. Virginie, St\u00e9phanie, Emilie et Cassandra nous racontent ce qui a \u00e9t\u00e9 le plus difficile pour elles.<\/p>\n<p>Virginie, enceinte de 7\u00a0semaines et demi, avait rendez-vous chez son gyn\u00e9cologue afin de mieux pr\u00e9ciser la date de d\u00e9but de grossesse. \u00ab\u00a0<em>Lors de la premi\u00e8re \u00e9chographie, l&#8217;embryon \u00e9tait trop petit pour bien voir. Au deuxi\u00e8me rendez-vous, alors que j&rsquo;avais h\u00e2te d&rsquo;entendre \u00e0 nouveau battre le c\u0153ur, j&rsquo;ai \u00e9t\u00e9 confront\u00e9e \u00e0 un silence assourdissant et la confirmation du m\u00e9decin qui vient enfoncer le clou\u00a0: \u00ab\u00a0le c\u0153ur ne bat plus\u00a0\u00bb. <\/em>Pour Virginie, comme toutes les autres, c&rsquo;est l&rsquo;annonce choc. D&rsquo;autant que la grossesse se serait arr\u00eat\u00e9e il y a quelques jours \u00e0 peine. Un diagnostic de nouveau confirm\u00e9 aux urgences gyn\u00e9cologiques. <em>\u00ab\u00a0Ce jour-l\u00e0, je n&rsquo;arrivais plus \u00e0 retenir mes larmes. Je me suis retrouv\u00e9e seule dans cette salle d&rsquo;attente remplie de femmes au ventre arrondi\u2026\u00a0\u00bb<\/em><\/p>\n<p>St\u00e9phanie, d\u00e9j\u00e0 m\u00e8re de deux enfants, \u00e9tait enceinte de trois mois quand elle a perdu son b\u00e9b\u00e9 in utero. \u00c0 ce stade de la grossesse, elle avait d\u00e9j\u00e0 commenc\u00e9 \u00e0 annoncer l&rsquo;heureuse nouvelle \u00e0 son entourage. \u00ab\u00a0<em>Ce qui a \u00e9t\u00e9 le plus difficile a \u00e9t\u00e9 de pr\u00e9venir toutes les personnes qui avaient \u00e9t\u00e9 mises au courant, \u00e0 peine quelques semaines plus tard. Et puis, le traitement m\u00e9dicamenteux a \u00e9t\u00e9 un \u00e9chec\u00a0: l&rsquo;\u00e9quipe m\u00e9dicale a finalement proc\u00e9d\u00e9 \u00e0 l&rsquo;aspiration pour retirer l&#8217;embryon<\/em>\u00ab\u00a0, nous explique la jeune femme, qui a depuis donn\u00e9 naissance \u00e0 son troisi\u00e8me enfant, aujourd&rsquo;hui \u00e2g\u00e9 de trois ans.\u00a0<\/p>\n<p>\u00c0 l&rsquo;inverse, lorsque les grossesses ne sont pas encore visibles, quasiment personne n&rsquo;est au courant. R\u00e9sultat\u00a0: <em>\u00ab\u00a0on a un peu le sentiment de souffrir en silence et en m\u00eame temps, on a envie de le garder pour soi\u00a0\u00bb<\/em>, nous confie Emilie, qui a aper\u00e7u des saignements vers un mois et demi de grossesse. \u00ab\u00a0<em>Le retour au travail a \u00e9t\u00e9 assez compliqu\u00e9, personne ne comprend pourquoi on a \u00e9t\u00e9 absente une bonne semaine\u00a0\u00bb<\/em>, ajoute-t-elle.\u00a0Pour Cassandra, c&rsquo;est le fait de se projeter et de devoir y renoncer qui a \u00e9t\u00e9 douloureux \u00e9motionnellement. \u00ab\u00a0<em>Body, accessoires et poussette\u2026 Nous avions ressorti toutes les affaires de notre fille a\u00een\u00e9e, nous la voyions d\u00e9j\u00e0 devenir grande s\u0153ur. C&rsquo;est d&rsquo;ailleurs elle qui avait annonc\u00e9 l&rsquo;heureux \u00e9v\u00e9nement au papa\u2026\u00a0\u00bb<\/em> nous raconte la jeune femme qui a \u00e9t\u00e9 confront\u00e9e \u00e0 une grossesse interrompue vers 4\u00a0mois.\u00a0<\/p>\n<p>Les femmes le savent, l&rsquo;\u00e2ge est l&rsquo;un des principaux facteurs de risque d&rsquo;une fausse couche, <em>\u00ab\u00a0A 40\u00a0ans, les anomalies chromosomiques se font plus fr\u00e9quentes\u00a0\u00bb,<\/em> ajoute Virgine. \u00ab\u00a0<em>En plus du deuil de la fausse couche, cette mauvaise exp\u00e9rience m&rsquo;a imm\u00e9diatement renvoy\u00e9 \u00e0 l&rsquo;id\u00e9e que je ne serais peut-\u00eatre plus m\u00e8re<\/em>\u2026\u00a0\u00bb N\u00e9anmoins, suite \u00e0 ces \u00e9v\u00e9nements, toutes ont gard\u00e9 l&rsquo;espoir de retomber enceinte \u00e0 nouveau et n&rsquo;ont pas attendu le prochain cycle pour tenter leur chance, ce que recommandent d&rsquo;ailleurs les m\u00e9decins.<\/p>\n<\/p><\/div>\n<p>[ad_2]<br \/>\n<br \/><a href=\"https:\/\/www.journaldesfemmes.fr\/maman\/grossesse\/3220154-temoignages-fausse-couche\/\">Source link <\/a><\/p>\n","protected":false},"excerpt":{"rendered":"<p>[ad_1] Virginie, St\u00e9phanie, \u00c9milie et Cassandra ont toutes v\u00e9cu une grossesse arr\u00eat\u00e9e. De l&rsquo;annonce choc au deuil de ce b\u00e9b\u00e9 &hellip; <a href=\"http:\/\/www.affinite.fr\/index.php\/2025\/03\/10\/ces-femmes-ont-fait-une-fausse-couche-et-voici-ce-qui-a-ete-le-plus-difficile-a-vivre\/\" class=\"more-link\">Plus <span class=\"screen-reader-text\">Ces femmes ont fait une fausse couche et voici ce qui a \u00e9t\u00e9 le plus difficile \u00e0 vivre<\/span> <span class=\"meta-nav\">&rarr;<\/span><\/a><\/p>\n","protected":false},"author":1,"featured_media":11416,"comment_status":"","ping_status":"open","sticky":false,"template":"","format":"standard","meta":{"_sitemap_exclude":false,"_sitemap_priority":"","_sitemap_frequency":"","footnotes":""},"categories":[1],"tags":[],"class_list":["post-11415","post","type-post","status-publish","format-standard","has-post-thumbnail","hentry","category-tous"],"_links":{"self":[{"href":"http:\/\/www.affinite.fr\/index.php\/wp-json\/wp\/v2\/posts\/11415"}],"collection":[{"href":"http:\/\/www.affinite.fr\/index.php\/wp-json\/wp\/v2\/posts"}],"about":[{"href":"http:\/\/www.affinite.fr\/index.php\/wp-json\/wp\/v2\/types\/post"}],"author":[{"embeddable":true,"href":"http:\/\/www.affinite.fr\/index.php\/wp-json\/wp\/v2\/users\/1"}],"replies":[{"embeddable":true,"href":"http:\/\/www.affinite.fr\/index.php\/wp-json\/wp\/v2\/comments?post=11415"}],"version-history":[{"count":0,"href":"http:\/\/www.affinite.fr\/index.php\/wp-json\/wp\/v2\/posts\/11415\/revisions"}],"wp:featuredmedia":[{"embeddable":true,"href":"http:\/\/www.affinite.fr\/index.php\/wp-json\/wp\/v2\/media\/11416"}],"wp:attachment":[{"href":"http:\/\/www.affinite.fr\/index.php\/wp-json\/wp\/v2\/media?parent=11415"}],"wp:term":[{"taxonomy":"category","embeddable":true,"href":"http:\/\/www.affinite.fr\/index.php\/wp-json\/wp\/v2\/categories?post=11415"},{"taxonomy":"post_tag","embeddable":true,"href":"http:\/\/www.affinite.fr\/index.php\/wp-json\/wp\/v2\/tags?post=11415"}],"curies":[{"name":"wp","href":"https:\/\/api.w.org\/{rel}","templated":true}]}}