{"id":11411,"date":"2025-03-09T14:22:22","date_gmt":"2025-03-09T14:22:22","guid":{"rendered":"https:\/\/www.affinite.fr\/index.php\/2025\/03\/09\/voici-la-robe-la-plus-populaire-de-la-saison\/"},"modified":"2025-03-09T14:22:22","modified_gmt":"2025-03-09T14:22:22","slug":"voici-la-robe-la-plus-populaire-de-la-saison","status":"publish","type":"post","link":"http:\/\/www.affinite.fr\/index.php\/2025\/03\/09\/voici-la-robe-la-plus-populaire-de-la-saison\/","title":{"rendered":"voici la robe la plus populaire de la saison"},"content":{"rendered":"<p> [ad_1]<br \/>\n<br \/><img decoding=\"async\" src=\"https:\/\/img-3.journaldesfemmes.fr\/cLbNVapXua132p9zjEpvBDEy5FU=\/1280x\/smart\/0be01db5c77a40e8aee4718d00fc5605\/ccmcms-jdf\/40021001.jpg\" \/><\/p>\n<p>\n                Comme chaque ann\u00e9e, une pluie de c\u00e9l\u00e9brit\u00e9s s&rsquo;est abattue sur les Oscars. Et la plupart d&rsquo;entre elles portaient cette robe\u00a0!            <\/p>\n<div>\n<p>La 97e <a href=\"https:\/\/www.journaldesfemmes.fr\/people\/rendez-vous\/2794259-palmares-complet-oscars-2023-meilleure-actrice-acteur-film-michelle-yeoh\/\" title=\"Oscars\">c\u00e9r\u00e9monie des Oscars<\/a> s&rsquo;est d\u00e9roul\u00e9e dans la nuit du 2\u00a0mars 2025. Tous les acteurs et actrices ont r\u00e9pondu pr\u00e9sent \u00e0 cet \u00e9v\u00e9nement tant attendu pour c\u00e9l\u00e9brer le cin\u00e9ma et les diff\u00e9rentes r\u00e9compenses\u00a0! Et comme \u00e0 l&rsquo;accoutum\u00e9e, les stars \u00e9taient toutes habill\u00e9es \u00e0 la perfection par les plus grandes maisons de couture.<\/p>\n<p>Si le rose poudr\u00e9 \u00e9tait l&rsquo;une des tendances arbor\u00e9es par les c\u00e9l\u00e9brit\u00e9s lors de la c\u00e9r\u00e9monie des Oscars, une autre tendance a \u00e9t\u00e9 largement adopt\u00e9e\u00a0: la <a href=\"https:\/\/www.journaldesfemmes.fr\/mode\/conseils-mode\/2876065-qu-est-ce-que-la-dentelle-6-infos-sur-ce-tissu-elegant\/\" title=\"Dentelle\">dentelle<\/a>\u00a0! Et pas seulement sur les collants ou les gants. Cette fois, les stars ont d\u00e9cid\u00e9 de l&rsquo;int\u00e9grer \u00e0 leurs robes.\u00a0<\/p>\n<p>C&rsquo;est le cas de <a href=\"https:\/\/www.journaldesfemmes.fr\/people\/personnalites\/2924251-lily-rose-depp-age-vie-privee-films\/\" title=\"Fille de Vanessa Paradis\">Lily-Rose Depp<\/a> qui a assist\u00e9 \u00e0 sa toute premi\u00e8re c\u00e9r\u00e9monie des Oscars dans une robe Chanel inspir\u00e9e d&rsquo;une archive de 1995\u00a0! En dentelle noire, cette robe aurait n\u00e9cessit\u00e9 515\u00a0heures de travail et environ 191\u00a0000\u00a0\u00e9l\u00e9ments de broderie, \u00e9crit Vogue\u00a0! <em>\u00ab\u00a0Ce qui rend cette robe encore plus sp\u00e9ciale, c&rsquo;est qu&rsquo;elle est faite de la m\u00eame dentelle que celle port\u00e9e par Marilyn Monroe en 1953\u00a0lors de l&rsquo;avant-premi\u00e8re du film How to Marry a Millionaire\u00a0\u00bb<\/em>, a expliqu\u00e9 la t\u00eate d&rsquo;affiche de Nosferatu au magazine.<\/p>\n<p>Ce film a d&rsquo;ailleurs propuls\u00e9 la tendance du romantique gothique, tr\u00e8s pr\u00e9sente sur les podiums ces derniers temps\u00a0! On pense notamment aux silhouettes Haute Couture de Dior.<\/p>\n<p>Mais ce n&rsquo;est pas la seule \u00e0 avoir arbor\u00e9 une robe en dentelle noire. Kendall Jenner a assist\u00e9 \u00e0 l&rsquo;after party des Oscars dans une robe Mugler vintage provenant des archives de 1992. C&rsquo;est d&rsquo;ailleurs Eva Herzigova qui l&rsquo;a port\u00e9e pour la premi\u00e8re fois lors du d\u00e9fil\u00e9\u00a0! Drap\u00e9e de dentelle noire vernie, cette cr\u00e9ation \u00e0 l&rsquo;allure gothique que Morticia Addams adorerait, est dot\u00e9e de manches longues et \u00e9vas\u00e9es qui lui conf\u00e8rent une touche encore plus dramatique.<\/p>\n<p>Kylie Jenner a fait comme sa s\u0153ur et a \u00e9galement port\u00e9 une robe en dentelle noire de Ashi Studio. Corset\u00e9e et transparente, elle \u00e9tait en accord avec la tendance du moment\u00a0: la lingerie apparente.\u00a0<\/p>\n<p>Il en va de m\u00eame pour Dove Cameron, qui portait une robe d\u00e9voilant un body en dentelle noire et une longue tra\u00eene transparente. Sign\u00e9e Georges Hobeika, la cr\u00e9ation provient de la collection Printemps Et\u00e9 2025. Mais aussi, de la chanteuse des BlackPink Lisa qui a v\u00eatu un ensemble Miss Sohee, compos\u00e9 d&rsquo;un corset en cuir et d&rsquo;une combinaison en dentelle noire. <a href=\"https:\/\/www.journaldesfemmes.fr\/mode\/influenceuses\/2419340-emily-ratajkowski-emrata-baskets-randonnee\/\" title=\"Emrata\">Emily Ratajkowski<\/a> a \u00e9galement assist\u00e9 \u00e0 l&rsquo;after party des Oscars dans une robe en dentelle noire sign\u00e9e Ludovic de Saint Sernin.\u00a0<\/p>\n<p>Les stars se seraient-elles pass\u00e9 le mot\u00a0? Une chose est s\u00fbre, la robe en dentelle noire est la pi\u00e8ce du moment ! Et elle \u00e9tait \u00e0 l&rsquo;honneur lors du d\u00e9fil\u00e9 Chlo\u00e9 le jeudi 6\u00a0mars dernier. Tagwalk a constat\u00e9 que la dentelle repr\u00e9sentait 63% de la collection. Une tendance donc \u00e0 ne pas manquer !<\/p>\n<\/p><\/div>\n<p>[ad_2]<br \/>\n<br \/><a href=\"https:\/\/www.journaldesfemmes.fr\/mode\/magazine-mode\/3219716-les-stars-se-sont-passes-le-mot-voici-la-robe-la-plus-populaire-de-la-saison\/\">Source link <\/a><\/p>\n","protected":false},"excerpt":{"rendered":"<p>[ad_1] Comme chaque ann\u00e9e, une pluie de c\u00e9l\u00e9brit\u00e9s s&rsquo;est abattue sur les Oscars. Et la plupart d&rsquo;entre elles portaient cette &hellip; <a href=\"http:\/\/www.affinite.fr\/index.php\/2025\/03\/09\/voici-la-robe-la-plus-populaire-de-la-saison\/\" class=\"more-link\">Plus <span class=\"screen-reader-text\">voici la robe la plus populaire de la saison<\/span> <span class=\"meta-nav\">&rarr;<\/span><\/a><\/p>\n","protected":false},"author":1,"featured_media":11412,"comment_status":"","ping_status":"open","sticky":false,"template":"","format":"standard","meta":{"_sitemap_exclude":false,"_sitemap_priority":"","_sitemap_frequency":"","footnotes":""},"categories":[1],"tags":[],"class_list":["post-11411","post","type-post","status-publish","format-standard","has-post-thumbnail","hentry","category-tous"],"_links":{"self":[{"href":"http:\/\/www.affinite.fr\/index.php\/wp-json\/wp\/v2\/posts\/11411"}],"collection":[{"href":"http:\/\/www.affinite.fr\/index.php\/wp-json\/wp\/v2\/posts"}],"about":[{"href":"http:\/\/www.affinite.fr\/index.php\/wp-json\/wp\/v2\/types\/post"}],"author":[{"embeddable":true,"href":"http:\/\/www.affinite.fr\/index.php\/wp-json\/wp\/v2\/users\/1"}],"replies":[{"embeddable":true,"href":"http:\/\/www.affinite.fr\/index.php\/wp-json\/wp\/v2\/comments?post=11411"}],"version-history":[{"count":0,"href":"http:\/\/www.affinite.fr\/index.php\/wp-json\/wp\/v2\/posts\/11411\/revisions"}],"wp:featuredmedia":[{"embeddable":true,"href":"http:\/\/www.affinite.fr\/index.php\/wp-json\/wp\/v2\/media\/11412"}],"wp:attachment":[{"href":"http:\/\/www.affinite.fr\/index.php\/wp-json\/wp\/v2\/media?parent=11411"}],"wp:term":[{"taxonomy":"category","embeddable":true,"href":"http:\/\/www.affinite.fr\/index.php\/wp-json\/wp\/v2\/categories?post=11411"},{"taxonomy":"post_tag","embeddable":true,"href":"http:\/\/www.affinite.fr\/index.php\/wp-json\/wp\/v2\/tags?post=11411"}],"curies":[{"name":"wp","href":"https:\/\/api.w.org\/{rel}","templated":true}]}}