{"id":11384,"date":"2025-03-02T14:14:25","date_gmt":"2025-03-02T14:14:25","guid":{"rendered":"https:\/\/www.affinite.fr\/index.php\/2025\/03\/02\/cette-injustice-vecue-apres-son-grave-accident\/"},"modified":"2025-03-02T14:14:25","modified_gmt":"2025-03-02T14:14:25","slug":"cette-injustice-vecue-apres-son-grave-accident","status":"publish","type":"post","link":"http:\/\/www.affinite.fr\/index.php\/2025\/03\/02\/cette-injustice-vecue-apres-son-grave-accident\/","title":{"rendered":"cette \u00ab\u00a0injustice\u00a0\u00bb v\u00e9cue apr\u00e8s son grave accident"},"content":{"rendered":"<p> [ad_1]<br \/>\n<br \/><img decoding=\"async\" src=\"https:\/\/img-3.journaldesfemmes.fr\/bQfdDCd0rDrhpXhmzTzrU3qUEqI=\/1280x\/smart\/7cd1f55b38f14f9bacf396f287585bce\/ccmcms-jdf\/40018682.jpg\" \/><\/p>\n<p>\n                La championne de tennis Pauline D\u00e9roul\u00e8de a \u00e9t\u00e9 victime d&rsquo;un grave accident qui a chang\u00e9 sa vie \u00e0 jamais. Apr\u00e8s une longue convalescence, elle a enfin appris quelle serait l&rsquo;issue du proc\u00e8s contre celui qui a provoqu\u00e9 cet accident&#8230;            <\/p>\n<div>\n<p>La joueuse fran\u00e7aise de tennis handisport Pauline D\u00e9roul\u00e8de a v\u00e9cu un drame effroyable qui a boulevers\u00e9 sa vie\u00a0il y a quelques ann\u00e9es.\u00a0Apr\u00e8s\u00a0sa lente reconstruction, la jeune femme de 34\u00a0ans a compris qu&rsquo;elle ne devait plus attendre d&rsquo;obtenir justice\u2026<\/p>\n<h2>Pauline D\u00e9roul\u00e8de, l&rsquo;accident qui a fait basculer sa vie\u00a0: \u00ab\u00a0l&rsquo;horreur absolue\u00a0\u00bb<\/h2>\n<p>Un samedi d&rsquo;octobre 2018, Pauline D\u00e9roul\u00e8de, alors \u00e2g\u00e9e de 27\u00a0ans, sortait de sa s\u00e9ance de sport avec sa compagne\u00a0Typhaine.\u00a0Mais soudainement, tout a bascul\u00e9 : \u00ab\u00a0<em>On s&rsquo;est rendu chez un fleuriste. J&rsquo;\u00e9tais sur le trottoir, je l&rsquo;attendais. Puis d&rsquo;un coup, j&rsquo;ai \u00e9t\u00e9 percut\u00e9e par-derri\u00e8re et je me suis retrouv\u00e9e projet\u00e9e \u00e0 50\u00a0m, sur le sol<\/em>\u00ab\u00a0, a-t-elle racont\u00e9 \u00e0 <a href=\"https:\/\/www.ouest-france.fr\/sport\/tennis\/lhorreur-absolue-puis-le-tennis-ma-sauvee-pauline-deroulede-laccident-et-sa-vie-de-combats-ff4cfac6-dcdd-11ef-938b-906ad6a94e5c\" target=\"_blank\" rel=\"noopener\"><em>Ouest France<\/em><\/a>.\u00a0Pauline D\u00e9roul\u00e8de venait d&rsquo;\u00eatre fauch\u00e9e dans le XVe arrondissement de Paris par une voiture conduite par un vieil homme de 92 ans.\u00a0<\/p>\n<p>Sa jambe gauche a \u00e9t\u00e9 arrach\u00e9e.\u00a0\u00ab\u00a0<em>Il y a de l&rsquo;agitation autour de moi, c&rsquo;est l&rsquo;horreur absolue<\/em>\u00a0\u00bb\u00a0s&rsquo;est rem\u00e9mor\u00e9e la tenniswoman.\u00a0Pauline D\u00e9roul\u00e8de a \u00e9t\u00e9 hospitalis\u00e9e plusieurs mois. Pour tenir le coup, elle s&rsquo;\u00e9tait fix\u00e9e un objectif\u00a0: devenir athl\u00e8te paralympique et se qualifier pour les <a href=\"https:\/\/www.journaldesfemmes.fr\/societe\/jeux-olympiques-de-paris-2024\/\" title=\"JO de Paris\">Jeux Olympiques de Paris 2024<\/a>.\u00a0\u00ab\u00a0<em>Le sport \u00e7a a \u00e9t\u00e9 le meilleur moteur, outil pour moi pour rebondir, \u00e7a l&rsquo;a toujours \u00e9t\u00e9 et l\u00e0 plus que jamais, le sport m&rsquo;a sauv\u00e9<\/em>\u00a0\u00bb avait-elle expliqu\u00e9 \u00e0 <em>France TV Sport<\/em> dans un portrait qui lui \u00e9tait consacr\u00e9.\u00a0<\/p>\n<h2>Pauline D\u00e9roul\u00e8de, r\u00e9volt\u00e9e\u00a0par une \u00ab\u00a0grave\u00a0injustice\u00a0\u00bb<\/h2>\n<p>Depuis, la jeune femme pratique le tennis en fauteuil roulant et se d\u00e9place au quotidien gr\u00e2ce \u00e0 sa proth\u00e8se. Apr\u00e8s avoir attendu\u00a0le proc\u00e8s du conducteur qui l&rsquo;a renvers\u00e9e pendant plusieurs ann\u00e9es, elle a appris, d\u00e9but novembre 2021, que ce dernier \u00e9tait d\u00e9c\u00e9d\u00e9. Elle avait partag\u00e9 ses impressions \u00e0 <em>Ouest France<\/em> : \u00ab\u00a0<em>La justice a jou\u00e9 la montre<\/em>\u00a0(&#8230;) <em>C&rsquo;est une injustice de plus. Pour moi, ce proc\u00e8s \u00e9tait symbolique<\/em>\u00ab\u00a0. La championne de tennis a \u00e9galement exprim\u00e9 ses regrets\u00a0: \u00ab\u00a0<em>Il aurait \u00e9t\u00e9 un moment solennel qui m&rsquo;aurait permis de clore ce chapitre\u00a0\u00bb.<\/em><\/p>\n<p>Depuis son accident, Pauline D\u00e9roul\u00e8de s&rsquo;est lanc\u00e9e dans un autre combat. Elle milite pour l&rsquo;instauration de visites m\u00e9dicales obligatoires tout au long de la vie des conducteurs. Cela permettrait d&rsquo;assurer une meilleure s\u00e9curit\u00e9 routi\u00e8re et d&rsquo;\u00e9viter que d&rsquo;autres personnes soient confront\u00e9es \u00e0 des accidents semblables \u00e0 celui qu&rsquo;elle a v\u00e9cu. \u00ab\u00a0<em>Je travaille avec la S\u00e9curit\u00e9 routi\u00e8re sur les formations \u00e0 donner aux m\u00e9decins g\u00e9n\u00e9ralistes afin qu&rsquo;ils sachent contr\u00f4ler l&rsquo;\u00e9tat des conducteurs<\/em>\u00ab\u00a0, avait-elle expliqu\u00e9 \u00e0 <em>Ouest-France<\/em>.<\/p>\n<\/p><\/div>\n<p>[ad_2]<br \/>\n<br \/><a href=\"https:\/\/www.journaldesfemmes.fr\/people\/actus\/3218898-pauline-deroulede-furieuse-cette-injustice-vecu-apres-son-accident\/\">Source link <\/a><\/p>\n","protected":false},"excerpt":{"rendered":"<p>[ad_1] La championne de tennis Pauline D\u00e9roul\u00e8de a \u00e9t\u00e9 victime d&rsquo;un grave accident qui a chang\u00e9 sa vie \u00e0 jamais. &hellip; <a href=\"http:\/\/www.affinite.fr\/index.php\/2025\/03\/02\/cette-injustice-vecue-apres-son-grave-accident\/\" class=\"more-link\">Plus <span class=\"screen-reader-text\">cette \u00ab\u00a0injustice\u00a0\u00bb v\u00e9cue apr\u00e8s son grave accident<\/span> <span class=\"meta-nav\">&rarr;<\/span><\/a><\/p>\n","protected":false},"author":1,"featured_media":11385,"comment_status":"","ping_status":"open","sticky":false,"template":"","format":"standard","meta":{"_sitemap_exclude":false,"_sitemap_priority":"","_sitemap_frequency":"","footnotes":""},"categories":[1],"tags":[],"class_list":["post-11384","post","type-post","status-publish","format-standard","has-post-thumbnail","hentry","category-tous"],"_links":{"self":[{"href":"http:\/\/www.affinite.fr\/index.php\/wp-json\/wp\/v2\/posts\/11384"}],"collection":[{"href":"http:\/\/www.affinite.fr\/index.php\/wp-json\/wp\/v2\/posts"}],"about":[{"href":"http:\/\/www.affinite.fr\/index.php\/wp-json\/wp\/v2\/types\/post"}],"author":[{"embeddable":true,"href":"http:\/\/www.affinite.fr\/index.php\/wp-json\/wp\/v2\/users\/1"}],"replies":[{"embeddable":true,"href":"http:\/\/www.affinite.fr\/index.php\/wp-json\/wp\/v2\/comments?post=11384"}],"version-history":[{"count":0,"href":"http:\/\/www.affinite.fr\/index.php\/wp-json\/wp\/v2\/posts\/11384\/revisions"}],"wp:featuredmedia":[{"embeddable":true,"href":"http:\/\/www.affinite.fr\/index.php\/wp-json\/wp\/v2\/media\/11385"}],"wp:attachment":[{"href":"http:\/\/www.affinite.fr\/index.php\/wp-json\/wp\/v2\/media?parent=11384"}],"wp:term":[{"taxonomy":"category","embeddable":true,"href":"http:\/\/www.affinite.fr\/index.php\/wp-json\/wp\/v2\/categories?post=11384"},{"taxonomy":"post_tag","embeddable":true,"href":"http:\/\/www.affinite.fr\/index.php\/wp-json\/wp\/v2\/tags?post=11384"}],"curies":[{"name":"wp","href":"https:\/\/api.w.org\/{rel}","templated":true}]}}