{"id":11353,"date":"2025-02-25T14:09:32","date_gmt":"2025-02-25T14:09:32","guid":{"rendered":"https:\/\/www.affinite.fr\/index.php\/2025\/02\/25\/on-ma-comparee-a-un-animal-un-homme\/"},"modified":"2025-02-25T14:09:32","modified_gmt":"2025-02-25T14:09:32","slug":"on-ma-comparee-a-un-animal-un-homme","status":"publish","type":"post","link":"http:\/\/www.affinite.fr\/index.php\/2025\/02\/25\/on-ma-comparee-a-un-animal-un-homme\/","title":{"rendered":"\u00ab\u00a0On m&rsquo;a compar\u00e9e \u00e0 un animal, un homme\u2026\u00a0\u00bb"},"content":{"rendered":"<p> [ad_1]<br \/>\n<br \/><img decoding=\"async\" src=\"https:\/\/img-3.journaldesfemmes.fr\/vhbvYNbfZmeA-iZgY4EJ-kHRzt4=\/1280x\/smart\/06cfe981f10343aa8fcb2b685c22a7fc\/ccmcms-jdf\/40018408.jpg\" \/><\/p>\n<p>\n                Apr\u00e8s son sacre, Ang\u00e9lique Angarni-Filopon a fait face \u00e0 une vague de cyberharc\u00e8lement. Mais Miss France 2025\u00a0a pu trouver du r\u00e9confort aupr\u00e8s de sa famille, en revenant pour quelques jours en Martinique. Elle a fait des confidences \u00e0 cette occasion.            <\/p>\n<div>\n<p><a href=\"https:\/\/www.journaldesfemmes.fr\/people\/personnalites\/3199046-miss-france-angelique-angarni-filopon-martinique\/\" title=\"Ang\u00e9lique Angarni-Filopon\">Ang\u00e9lique Angarni-Filopon<\/a>, \u00e9lue Miss France 2025 en d\u00e9cembre dernier depuis la Futuroscope Arena de Poitiers, a connu un d\u00e9but de r\u00e8gne difficile. Tr\u00e8s vite victime d&rsquo;insultes et remarques odieuses, elle a ensuite \u00e9t\u00e9 au coeur d&rsquo;un <em>bad buzz<\/em> pour avoir refus\u00e9 de dire le moindre mot sur les comm\u00e9morations des 10 ans de l&rsquo;attentat de <em>Charlie Hebdo<\/em>. La reine de beaut\u00e9 a depuis retrouv\u00e9 les siens en Martinique pour quelques jours.<\/p>\n<h2>Ang\u00e9lique Angarni-Filopon au bord des larmes \u00e0 la t\u00e9l\u00e9vision\u00a0: <em>\u00ab\u00a0\u00c7a a \u00e9t\u00e9 violent\u00a0\u00bb<\/em><\/h2>\n<p>Comme le rapporte\u00a0<em>Gala<\/em>\u00a0qui l&rsquo;a suivie lors de son voyage, <a href=\"https:\/\/www.journaldesfemmes.fr\/people\/rendez-vous\/2586346-miss-france-2024-votes-public-et-jury-cadeaux-argent-infos\/\" title=\"C\u00e9r\u00e9monie de Miss France\">Miss France<\/a> 2025 a accept\u00e9 de revenir sur les critiques et la pol\u00e9mique.\u00a0Invit\u00e9e dans les studios de la cha\u00eene martiniquaise <em>Vi\u00e0ATV<\/em> pour les besoins du magazine <em>Angle de vue<\/em>, Ang\u00e9lique Angarni-Filopon\u00a0a m\u00eame eu du mal \u00e0 contenir ses larmes en relatant ses premiers mois avec la couronne.\u00a0<em>\u00ab\u00a0Je vais essayer de ne pas pleurer, parce que \u00e7a a \u00e9t\u00e9 violent\u00a0\u00bb<\/em>, a-t-elle d&rsquo;abord d\u00e9clar\u00e9.<\/p>\n<p>Emue, la Miss de 34 ans a ajout\u00e9 :<em> \u00ab\u00a0On m&rsquo;a compar\u00e9e \u00e0 un animal, \u00e0 un homme\u2026 C&rsquo;est tellement violent.\u00a0<\/em><em>Je ne veux pas cacher mes larmes, je ne veux pas faire comme si j&rsquo;\u00e9tais forte parce qu&rsquo;on a tendance \u00e0 penser que les grandes femmes on a pas besoin d&rsquo;\u00eatre prot\u00e9g\u00e9es. Mais ce n&rsquo;est pas simple.\u00a0\u00bb <\/em>Sur les r\u00e9seaux sociaux, apr\u00e8s sa victoire contre\u00a0Sabah A\u00efb (Miss Nord-Pas-de-Calais), elle avait \u00e9t\u00e9 victime de\u00a0cyberharc\u00e8lement se faisant traiter de trans et sa victoire ayant \u00e9t\u00e9 pr\u00e9sent\u00e9e comme celle du \u00ab\u00a0wokisme\u00a0\u00bb par les plus hargneux.\u00a0<\/p>\n<h2>Ang\u00e9lique Angarni-Filopon <em>\u00ab\u00a0en apn\u00e9e\u00a0\u00bb<\/em>\u00a0? Son retour en Martinique l&rsquo;a remise sur pied\u00a0!<\/h2>\n<p>La reine de beaut\u00e9, ex h\u00f4tesse de l&rsquo;air dont la vie a \u00e9t\u00e9 chamboul\u00e9e,\u00a0doit donc affronter une soci\u00e9t\u00e9 de plus en plus virulente&#8230;\u00a0<em>\u00ab\u00a0Ce qui est d\u00e9plorable c&rsquo;est que je ne serai pas la derni\u00e8re.\u00a0\u00bb<\/em>\u00a0Il est vrai que si les d\u00e9buts d&rsquo;\u00c8ve Gilles en tant que Miss France l&rsquo;ann\u00e9e derni\u00e8re avaient eux aussi \u00e9t\u00e9 compliqu\u00e9s, ceux d&rsquo;Ang\u00e9lique Angarni-Filopon sont encore plus violents et douloureux.\u00a0<\/p>\n<p><em>\u00ab\u00a0Lors du voyage pr\u00e9paratoire en C\u00f4te d&rsquo;Ivoire, on avait fait aux Miss un gros brief sur le poids de la couronne. Mais tant que vous ne l&rsquo;avez pas v\u00e9cu, vous ne pouvez pas savoir. Ang\u00e9lique, c&rsquo;est une fille hypergentille, accessible. Elle ne pensait pas que ses origines ou\u00a0ses 34\u00a0ans allaient lui valoir des r\u00e9flexions, des injures. Malheureusement, Miss France, c&rsquo;est aussi \u00e7a\u2026\u00a0\u00bb<\/em>, a confirm\u00e9 Fr\u00e9d\u00e9ric Gilbert, pr\u00e9sident de la soci\u00e9t\u00e9 Miss France, \u00e9galement pr\u00e9sent en studio ce jour-l\u00e0. Mais Ang\u00e9lique Angarni-Filopon reste positive et se dit requinqu\u00e9e.<em> \u00ab\u00a0\u00c0 un moment, je me sentais vide, en apn\u00e9e. Ici, j&rsquo;ai retrouv\u00e9 mon oxyg\u00e8ne. Ce retour m&rsquo;a donn\u00e9 des ailes\u00a0!\u00a0\u00bb<\/em><\/p>\n<\/p><\/div>\n<p>[ad_2]<br \/>\n<br \/><a href=\"https:\/\/www.journaldesfemmes.fr\/people\/actus\/3218714-angelique-angarni-filopon-on-m-a-comparee-a-un-animal-un-homme\/\">Source link <\/a><\/p>\n","protected":false},"excerpt":{"rendered":"<p>[ad_1] Apr\u00e8s son sacre, Ang\u00e9lique Angarni-Filopon a fait face \u00e0 une vague de cyberharc\u00e8lement. Mais Miss France 2025\u00a0a pu trouver &hellip; <a href=\"http:\/\/www.affinite.fr\/index.php\/2025\/02\/25\/on-ma-comparee-a-un-animal-un-homme\/\" class=\"more-link\">Plus <span class=\"screen-reader-text\">\u00ab\u00a0On m&rsquo;a compar\u00e9e \u00e0 un animal, un homme\u2026\u00a0\u00bb<\/span> <span class=\"meta-nav\">&rarr;<\/span><\/a><\/p>\n","protected":false},"author":1,"featured_media":11354,"comment_status":"","ping_status":"open","sticky":false,"template":"","format":"standard","meta":{"_sitemap_exclude":false,"_sitemap_priority":"","_sitemap_frequency":"","footnotes":""},"categories":[1],"tags":[],"class_list":["post-11353","post","type-post","status-publish","format-standard","has-post-thumbnail","hentry","category-tous"],"_links":{"self":[{"href":"http:\/\/www.affinite.fr\/index.php\/wp-json\/wp\/v2\/posts\/11353"}],"collection":[{"href":"http:\/\/www.affinite.fr\/index.php\/wp-json\/wp\/v2\/posts"}],"about":[{"href":"http:\/\/www.affinite.fr\/index.php\/wp-json\/wp\/v2\/types\/post"}],"author":[{"embeddable":true,"href":"http:\/\/www.affinite.fr\/index.php\/wp-json\/wp\/v2\/users\/1"}],"replies":[{"embeddable":true,"href":"http:\/\/www.affinite.fr\/index.php\/wp-json\/wp\/v2\/comments?post=11353"}],"version-history":[{"count":0,"href":"http:\/\/www.affinite.fr\/index.php\/wp-json\/wp\/v2\/posts\/11353\/revisions"}],"wp:featuredmedia":[{"embeddable":true,"href":"http:\/\/www.affinite.fr\/index.php\/wp-json\/wp\/v2\/media\/11354"}],"wp:attachment":[{"href":"http:\/\/www.affinite.fr\/index.php\/wp-json\/wp\/v2\/media?parent=11353"}],"wp:term":[{"taxonomy":"category","embeddable":true,"href":"http:\/\/www.affinite.fr\/index.php\/wp-json\/wp\/v2\/categories?post=11353"},{"taxonomy":"post_tag","embeddable":true,"href":"http:\/\/www.affinite.fr\/index.php\/wp-json\/wp\/v2\/tags?post=11353"}],"curies":[{"name":"wp","href":"https:\/\/api.w.org\/{rel}","templated":true}]}}