{"id":1133,"date":"2020-03-25T19:44:30","date_gmt":"2020-03-25T19:44:30","guid":{"rendered":"https:\/\/www.affinite.fr\/index.php\/2020\/03\/25\/les-achats-universels-dapplications-incluent-maintenant-aussi-macos\/"},"modified":"2020-03-25T19:44:30","modified_gmt":"2020-03-25T19:44:30","slug":"les-achats-universels-dapplications-incluent-maintenant-aussi-macos","status":"publish","type":"post","link":"http:\/\/www.affinite.fr\/index.php\/2020\/03\/25\/les-achats-universels-dapplications-incluent-maintenant-aussi-macos\/","title":{"rendered":"les achats universels d\u2019applications incluent maintenant aussi macOS"},"content":{"rendered":"<p> [ad_1]<br \/>\n<br \/><img decoding=\"async\" src=\"https:\/\/img.bfmtv.com\/i\/0\/0\/6d8\/cae9520fc6412b3fb4276b76af086.jpeg\" \/><\/p>\n<div itemprop=\"articleBody\">\n<p>Les achats universels d\u00e9barquent sur macOS. Apple vient d\u2019informer les d\u00e9veloppeurs qu\u2019ils pourront vendre leur application de mani\u00e8re unifi\u00e9e sur tous les syst\u00e8mes d\u2019exploitation de la marque. C\u2019\u00e9tait jusqu\u2019\u00e0 pr\u00e9sent le cas seulement entre iOS, iPadOS, tvOS et watchOS.\u00a0<\/p>\n<h3 style=\"color:#333;font-family:arial,helvetica,sans-serif;font-size:23px;font-weight:700;\">Un seul achat, pour tous les appareils Apple<\/h3>\n<p>Concr\u00e8tement, les d\u00e9veloppeurs peuvent maintenant utiliser cette fonctionnalit\u00e9 en attribuant un identifiant de bundle unique pour toutes les applications con\u00e7ues avec Xcode. Cela avait \u00e9t\u00e9 aper\u00e7u en f\u00e9vrier dernier dans la version b\u00eata 11.4 de l\u2019environnement de d\u00e9veloppement d\u2019Apple.\u00a0<\/p>\n<aside class=\"bg-color-0 padding-inside-all-s bloc border-s\">\n<h4 class=\"box-txt-normal\">\n<p><strong>A d\u00e9couvrir aussi en vid\u00e9o<\/strong><\/p>\n<\/h4>\n<\/aside>\n<p>Lorsqu\u2019une application est disponible sur l\u2019ensemble des syst\u00e8mes d\u2019exploitation d\u2019Apple, l\u2019utilisateur qui l\u2019ach\u00e8te dans l\u2019App Store pourra donc en b\u00e9n\u00e9ficier aussi via le Mac App Store et inversement. Plus la peine de payer une seconde fois pour en b\u00e9n\u00e9ficier sur son Mac.\u00a0<\/p>\n<p><strong>Source : <a data-cke-saved-href=\"https:\/\/www.macrumors.com\/2020\/03\/23\/apple-universal-purchase-mac-apps\/\" target=\"_blank\" href=\"https:\/\/www.macrumors.com\/2020\/03\/23\/apple-universal-purchase-mac-apps\/\" rel=\"noopener noreferrer\">MacRumors<\/a><\/strong><\/p>\n<\/p><\/div>\n<p><script>\n         !function(f,b,e,v,n,t,s){if(f.fbq)return;n=f.fbq=function()\n         {n.callMethod? n.callMethod.apply(n,arguments):n.queue.push(arguments)}\n         ;if(!f._fbq)f._fbq=n;\n             n.push=n;n.loaded=!0;n.version='2.0';n.queue=[];t=b.createElement(e);t.async=!0;\n             t.src=v;s=b.getElementsByTagName(e)[0];s.parentNode.insertBefore(t,s)}(window,\n                 document,'script','https:\/\/connect.facebook.net\/en_US\/fbevents.js');\n         fbq('init', '1065890633454496');\n         fbq('track', 'PageView');\n     <\/script><br \/>\n<br \/>[ad_2]<br \/>\n<br \/><a href=\"https:\/\/www.01net.com\/actualites\/apple-les-achats-universels-d-applications-incluent-maintenant-aussi-macos-1881124.html\">Source link <\/a><\/p>\n","protected":false},"excerpt":{"rendered":"<p>[ad_1] Les achats universels d\u00e9barquent sur macOS. Apple vient d\u2019informer les d\u00e9veloppeurs qu\u2019ils pourront vendre leur application de mani\u00e8re unifi\u00e9e &hellip; <a href=\"http:\/\/www.affinite.fr\/index.php\/2020\/03\/25\/les-achats-universels-dapplications-incluent-maintenant-aussi-macos\/\" class=\"more-link\">Plus <span class=\"screen-reader-text\">les achats universels d\u2019applications incluent maintenant aussi macOS<\/span> <span class=\"meta-nav\">&rarr;<\/span><\/a><\/p>\n","protected":false},"author":1,"featured_media":1134,"comment_status":"open","ping_status":"open","sticky":false,"template":"","format":"standard","meta":{"_sitemap_exclude":false,"_sitemap_priority":"","_sitemap_frequency":"","footnotes":""},"categories":[1],"tags":[],"class_list":["post-1133","post","type-post","status-publish","format-standard","has-post-thumbnail","hentry","category-tous"],"_links":{"self":[{"href":"http:\/\/www.affinite.fr\/index.php\/wp-json\/wp\/v2\/posts\/1133"}],"collection":[{"href":"http:\/\/www.affinite.fr\/index.php\/wp-json\/wp\/v2\/posts"}],"about":[{"href":"http:\/\/www.affinite.fr\/index.php\/wp-json\/wp\/v2\/types\/post"}],"author":[{"embeddable":true,"href":"http:\/\/www.affinite.fr\/index.php\/wp-json\/wp\/v2\/users\/1"}],"replies":[{"embeddable":true,"href":"http:\/\/www.affinite.fr\/index.php\/wp-json\/wp\/v2\/comments?post=1133"}],"version-history":[{"count":0,"href":"http:\/\/www.affinite.fr\/index.php\/wp-json\/wp\/v2\/posts\/1133\/revisions"}],"wp:featuredmedia":[{"embeddable":true,"href":"http:\/\/www.affinite.fr\/index.php\/wp-json\/wp\/v2\/media\/1134"}],"wp:attachment":[{"href":"http:\/\/www.affinite.fr\/index.php\/wp-json\/wp\/v2\/media?parent=1133"}],"wp:term":[{"taxonomy":"category","embeddable":true,"href":"http:\/\/www.affinite.fr\/index.php\/wp-json\/wp\/v2\/categories?post=1133"},{"taxonomy":"post_tag","embeddable":true,"href":"http:\/\/www.affinite.fr\/index.php\/wp-json\/wp\/v2\/tags?post=1133"}],"curies":[{"name":"wp","href":"https:\/\/api.w.org\/{rel}","templated":true}]}}