{"id":11313,"date":"2025-02-18T14:01:42","date_gmt":"2025-02-18T14:01:42","guid":{"rendered":"https:\/\/www.affinite.fr\/index.php\/2025\/02\/18\/les-indemnites-vont-baisser-ces-salaries-vont-perdre-plus-de-10-euros-par-jour\/"},"modified":"2025-02-18T14:01:42","modified_gmt":"2025-02-18T14:01:42","slug":"les-indemnites-vont-baisser-ces-salaries-vont-perdre-plus-de-10-euros-par-jour","status":"publish","type":"post","link":"http:\/\/www.affinite.fr\/index.php\/2025\/02\/18\/les-indemnites-vont-baisser-ces-salaries-vont-perdre-plus-de-10-euros-par-jour\/","title":{"rendered":"les indemnit\u00e9s vont baisser, ces salari\u00e9s vont perdre plus de 10\u00a0euros par jour"},"content":{"rendered":"<p> [ad_1]<br \/>\n<br \/><img decoding=\"async\" src=\"https:\/\/img-3.journaldesfemmes.fr\/0gp_dRxRImCh2YcJUY9EtOnSzX8=\/1280x\/smart\/f52ca4c62b254e4ea2649f028d65a385\/ccmcms-jdf\/40017444.jpg\" \/><\/p>\n<p>\n                Le S\u00e9nat a d\u00e9finitivement adopt\u00e9 le projet de loi de financement de la s\u00e9curit\u00e9 sociale pour 2025. Celui-ci comprend un changement important concernant les arr\u00eats maladie.            <\/p>\n<div>\n<p>Nouveau coup de rabot dans la prise en charge des arr\u00eats maladie.\u00a0Lundi 17\u00a0f\u00e9vrier 2025, le <a href=\"https:\/\/www.senat.fr\/travaux-parlementaires\/textes-legislatifs\/la-loi-en-clair\/projet-de-loi-de-financement-de-la-securite-sociale-pour-2025.html\" target=\"_blank\" rel=\"noopener\">S\u00e9nat<\/a> a d\u00e9finitivement adopt\u00e9 le projet de loi de financement de la s\u00e9curit\u00e9 sociale pour 2025 aussi appel\u00e9 \u00ab\u00a0PLFSS 2025\u00a0\u00bb. Ce\u00a0texte\u00a0se traduit par une nouvelle augmentation du d\u00e9ficit de la <a href=\"https:\/\/sante.journaldesfemmes.fr\/fiches-sante-du-quotidien\/2795483-securite-sociale-numero-attestation-infos-pratiques-remboursement\/\" title=\"S\u00e9curit\u00e9 sociale\">s\u00e9curit\u00e9 sociale<\/a>, d\u00e9sormais estim\u00e9 par le Gouvernement \u00e0 22\u00a0milliards d&rsquo;euros en 2025\u00a0et 24\u00a0milliards d&rsquo;euros en 2028 (il \u00e9tait de 18 milliards en 2024). Parmi les mesures adopt\u00e9es par le S\u00e9nat pour r\u00e9duire le d\u00e9ficit, la baisse des indemnit\u00e9s en cas d&rsquo;<a href=\"https:\/\/sante.journaldesfemmes.fr\/fiches-sante-du-quotidien\/2934079-arret-de-travail-demarches-maladie-salaire-employeur\/\" title=\"Arr\u00eat maladie\">arr\u00eat maladie<\/a>.<\/p>\n<p>Ces indemnit\u00e9s permettent de soutenir financi\u00e8rement les salari\u00e9s en p\u00e9riode de maladie, en assurant une partie de leur revenu lorsqu&rsquo;ils ne peuvent pas aller travailler. En France, ces indemnit\u00e9s journali\u00e8res\u00a0sont vers\u00e9es par l&rsquo;<a href=\"https:\/\/sante.journaldesfemmes.fr\/fiches-sante-du-quotidien\/2915241-assurance-maladie-ameli-contact-pour-qui-a-quoi-ca-sert\/\" title=\"Ameli\">Assurance maladie<\/a>. Les indemnit\u00e9s journali\u00e8res sont calcul\u00e9es \u00e0 partir du salaire journalier de base, qui est d\u00e9termin\u00e9 \u00e0 partir des salaires des trois derniers mois pr\u00e9c\u00e9dant l&rsquo;arr\u00eat ou, pour les salari\u00e9s dont la r\u00e9mun\u00e9ration varie (comme les int\u00e9rimaires ou les saisonniers), \u00e0 partir des 12\u00a0derniers mois. L&rsquo;indemnit\u00e9 correspond \u00e0 50% de ce salaire journalier de base et elle est plafonn\u00e9e.<\/p>\n<p>Le montant du plafond est fix\u00e9 par\u00a0la S\u00e9curit\u00e9 sociale. Avant la nouvelle loi du PLFSS 2025, le montant maximal de l&rsquo;indemnit\u00e9 pouvait atteindre 1,8\u00a0fois le Smic journalier (52 euros par jour). Il passe d\u00e9sormais \u00e0 1,4\u00a0fois le Smic journalier soit 40 euros par jour donc 12 euros de moins, pour un gain estim\u00e9 \u00e0 400\u00a0millions d&rsquo;euros.\u00a0En plafonnant les indemnit\u00e9s \u00e0 1,4\u00a0Smic au lieu de 1,8, le montant maximal que les salari\u00e9s pourront\u00a0recevoir en arr\u00eat de travail sera donc plus bas. Les travailleurs ayant des salaires sup\u00e9rieurs \u00e0 1,4\u00a0Smic (2522,52 \u20ac bruts) mais inf\u00e9rieurs \u00e0 1,8\u00a0Smic (3243,24\u00a0\u20ac bruts sur la base du Smic en vigueur au 1er f\u00e9vrier 2025) seront les plus affect\u00e9s.<\/p>\n<p>Les indemnit\u00e9s peuvent \u00eatre vers\u00e9es jusqu&rsquo;\u00e0 360\u00a0jours pour une p\u00e9riode de trois ans en cas de maladies courantes, ou plus longtemps pour des affections de longue dur\u00e9e ou des cas particuliers.\u00a0Il existe un d\u00e9lai de carence de 3\u00a0jours pour les salari\u00e9s du secteur priv\u00e9, ce qui signifie que les indemnit\u00e9s sont vers\u00e9es \u00e0 partir du 4\u00e8me jour d&rsquo;arr\u00eat. Le d\u00e9lai de carence est de 1 jour pour les salari\u00e9s du secteur public. Le passage de 1 \u00e0 3 jours de carence pour les fonctionnaires a \u00e9t\u00e9 propos\u00e9 par l&rsquo;ex-gouvernement Barnier mais abandonn\u00e9 par celui de l&rsquo;actuel Premier ministre, Fran\u00e7ois Bayrou.<\/p>\n<\/p><\/div>\n<p>[ad_2]<br \/>\n<br \/><a href=\"https:\/\/sante.journaldesfemmes.fr\/quotidien\/3217896-article-arret-maladie-2025\/\">Source link <\/a><\/p>\n","protected":false},"excerpt":{"rendered":"<p>[ad_1] Le S\u00e9nat a d\u00e9finitivement adopt\u00e9 le projet de loi de financement de la s\u00e9curit\u00e9 sociale pour 2025. Celui-ci comprend &hellip; <a href=\"http:\/\/www.affinite.fr\/index.php\/2025\/02\/18\/les-indemnites-vont-baisser-ces-salaries-vont-perdre-plus-de-10-euros-par-jour\/\" class=\"more-link\">Plus <span class=\"screen-reader-text\">les indemnit\u00e9s vont baisser, ces salari\u00e9s vont perdre plus de 10\u00a0euros par jour<\/span> <span class=\"meta-nav\">&rarr;<\/span><\/a><\/p>\n","protected":false},"author":1,"featured_media":11314,"comment_status":"","ping_status":"open","sticky":false,"template":"","format":"standard","meta":{"_sitemap_exclude":false,"_sitemap_priority":"","_sitemap_frequency":"","footnotes":""},"categories":[1],"tags":[],"class_list":["post-11313","post","type-post","status-publish","format-standard","has-post-thumbnail","hentry","category-tous"],"_links":{"self":[{"href":"http:\/\/www.affinite.fr\/index.php\/wp-json\/wp\/v2\/posts\/11313"}],"collection":[{"href":"http:\/\/www.affinite.fr\/index.php\/wp-json\/wp\/v2\/posts"}],"about":[{"href":"http:\/\/www.affinite.fr\/index.php\/wp-json\/wp\/v2\/types\/post"}],"author":[{"embeddable":true,"href":"http:\/\/www.affinite.fr\/index.php\/wp-json\/wp\/v2\/users\/1"}],"replies":[{"embeddable":true,"href":"http:\/\/www.affinite.fr\/index.php\/wp-json\/wp\/v2\/comments?post=11313"}],"version-history":[{"count":0,"href":"http:\/\/www.affinite.fr\/index.php\/wp-json\/wp\/v2\/posts\/11313\/revisions"}],"wp:featuredmedia":[{"embeddable":true,"href":"http:\/\/www.affinite.fr\/index.php\/wp-json\/wp\/v2\/media\/11314"}],"wp:attachment":[{"href":"http:\/\/www.affinite.fr\/index.php\/wp-json\/wp\/v2\/media?parent=11313"}],"wp:term":[{"taxonomy":"category","embeddable":true,"href":"http:\/\/www.affinite.fr\/index.php\/wp-json\/wp\/v2\/categories?post=11313"},{"taxonomy":"post_tag","embeddable":true,"href":"http:\/\/www.affinite.fr\/index.php\/wp-json\/wp\/v2\/tags?post=11313"}],"curies":[{"name":"wp","href":"https:\/\/api.w.org\/{rel}","templated":true}]}}