{"id":11266,"date":"2025-02-08T13:51:39","date_gmt":"2025-02-08T13:51:39","guid":{"rendered":"http:\/\/www.affinite.fr\/index.php\/2025\/02\/08\/mylene-farmer-un-brin-sauvage-je-mexpose-peu-afin-de\/"},"modified":"2025-02-08T13:51:39","modified_gmt":"2025-02-08T13:51:39","slug":"mylene-farmer-un-brin-sauvage-je-mexpose-peu-afin-de","status":"publish","type":"post","link":"http:\/\/www.affinite.fr\/index.php\/2025\/02\/08\/mylene-farmer-un-brin-sauvage-je-mexpose-peu-afin-de\/","title":{"rendered":"Myl\u00e8ne Farmer \u00ab\u00a0un brin sauvage\u00a0\u00bb\u00a0? \u00ab\u00a0Je m&rsquo;expose peu, afin de&#8230;\u00a0\u00bb"},"content":{"rendered":"<p> [ad_1]<br \/>\n<br \/><img decoding=\"async\" src=\"https:\/\/img-3.journaldesfemmes.fr\/qNtOXZF9UjgcHPxcYYHKQA5E04Q=\/1280x\/smart\/cc4a4931382b461a84212288e680adb6\/ccmcms-jdf\/40015408.jpg\" \/><\/p>\n<p>\n                Alors que les t\u00e9l\u00e9spectateurs peuvent retrouver Myl\u00e8ne Farmer sur M6, gr\u00e2ce \u00e0 la diffusion de \u00ab\u00a0Nevermore\u00a0\u00bb, la captation de sa derni\u00e8re tourn\u00e9e des stades, ses apparitions m\u00e9diatiques restent rares. La chanteuse assume.            <\/p>\n<div>\n<p>Ce 8 f\u00e9vrier, les fans de <a href=\"https:\/\/www.journaldesfemmes.fr\/people\/personnalites\/2741989-mylene-farmer-age-homme-mari-amour-couple-vie\/\" title=\"Myl\u00e8ne Gautier\">Myl\u00e8ne Farmer<\/a> ont rendez-vous devant M6 pour la diffusion de <em>Nevermore<\/em> ; la tourn\u00e9e des stades de la c\u00e9l\u00e8bre chanteuse rousse effectu\u00e9e entre 2023 et 2024, qui a r\u00e9uni 700 000 spectateurs. L&rsquo;interpr\u00e8te des tubes <em>Libertine<\/em>, <em>Sans contrefa\u00e7on<\/em> et <em>D\u00e9senchant\u00e9e<\/em> reviendra-t-elle prochainement sous les projecteurs ? Elle cultive sa discr\u00e9tion et assume.<\/p>\n<h2>Myl\u00e8ne Farmer \u00ab\u00a0<em>r\u00e9serv\u00e9e<\/em>\u00a0\u00bb mais pas \u00ab\u00a0<em>sauvage<\/em>\u00a0\u00bb : sa mise au point<\/h2>\n<p>Interrog\u00e9e par <em>Gala<\/em> l&rsquo;an dernier, Myl\u00e8ne Farmer a \u00e9t\u00e9 questionn\u00e9e sur son style \u00ab\u00a0<em>un brin sauvage<\/em>\u00ab\u00a0, elle dont les apparitions se font au compte-gouttes. \u00ab\u00a0<em>Je me prot\u00e8ge, vous le savez. Je ne fr\u00e9quente pas les soir\u00e9es. J&rsquo;assiste rarement \u00e0 des premi\u00e8res. La c\u00e9l\u00e9brit\u00e9 fait partie de ma vie, je m&rsquo;y suis habitu\u00e9e. Mais je m&rsquo;expose peu, afin de ne rien subir et de ne vivre pleinement que des moments choisis. Tout est en question de dosage, en fait<\/em>\u00ab\u00a0, disait-elle alors.<\/p>\n<p>Il faut dire que la\u00a0mort du\u00a0r\u00e9ceptionniste de la maison de disque Polydor,\u00a0abattu en 1991 par un d\u00e9s\u00e9quilibr\u00e9 mental qui voulait rencontrer son idole, a in\u00e9vitablement marqu\u00e9 son esprit pour toujours&#8230; Par ailleurs, certains fans n&rsquo;h\u00e9sitaient pas \u00e0 camper \u00e0 quelques m\u00e8tres de son domicile parisien dans l&rsquo;espoir d&rsquo;un mot, d&rsquo;un geste, d&rsquo;une photo. Et Myl\u00e8ne Farmer d&rsquo;ajouter, sur son image entour\u00e9e d&rsquo;un voile de myst\u00e8re : \u00ab\u00a0<em>Je suis de nature r\u00e9serv\u00e9e, mais je peux convier l&rsquo;intime sur sc\u00e8ne. Je suis aussi extravertie que pudique, aussi joyeuse que sombre. C&rsquo;est un m\u00e9lange, un tout. Et c&rsquo;est moi<\/em>.\u00a0\u00bb<\/p>\n<h2>La retraite pour Myl\u00e8ne Farmer ?\u00a0<\/h2>\n<p>La chanteuse, d\u00e9sormais \u00e2g\u00e9e de 63 ans, a-t-elle envie de poursuivre sa carri\u00e8re ? \u00ab\u00a0<em>J&rsquo;ai l&rsquo;amour de la sc\u00e8ne en moi\u2026 maintenant je suis incapable de vous r\u00e9pondre. Je laisse le d\u00e9sir guider ma vie<\/em>\u00ab\u00a0, avait-elle r\u00e9pondu en interview \u00e0 <em>Paris Match<\/em>. De quoi laisser une porte ouverte pour le plus grand plaisir de son fid\u00e8le public&#8230;<\/p>\n<p>La sc\u00e8ne, pour celle qui a bluff\u00e9 tout le monde avec l&rsquo;incroyable show\u00a0<em>Avant que l&rsquo;ombre\u2026 \u00c0 Bercy<\/em>, c&rsquo;est vraiment son oxyg\u00e8ne : \u00ab\u00a0<em>La sc\u00e8ne, le lieu o\u00f9 l&rsquo;on ne triche pas. On s&rsquo;y retrouve r\u00e9guli\u00e8rement depuis des d\u00e9cennies. J&rsquo;ai le sentiment de leur donner tout et ils me le rendent au centuple. C&rsquo;est une vraie histoire d&rsquo;amour\u2026 qui dure<\/em>.\u00a0\u00bb<\/p>\n<\/p><\/div>\n<p>[ad_2]<br \/>\n<br \/><a href=\"https:\/\/www.journaldesfemmes.fr\/people\/actus\/3216130-mylene-farmer-un-brin-sauvage-je-m-expose-peu-afin-de\/\">Source link <\/a><\/p>\n","protected":false},"excerpt":{"rendered":"<p>[ad_1] Alors que les t\u00e9l\u00e9spectateurs peuvent retrouver Myl\u00e8ne Farmer sur M6, gr\u00e2ce \u00e0 la diffusion de \u00ab\u00a0Nevermore\u00a0\u00bb, la captation de &hellip; <a href=\"http:\/\/www.affinite.fr\/index.php\/2025\/02\/08\/mylene-farmer-un-brin-sauvage-je-mexpose-peu-afin-de\/\" class=\"more-link\">Plus <span class=\"screen-reader-text\">Myl\u00e8ne Farmer \u00ab\u00a0un brin sauvage\u00a0\u00bb\u00a0? \u00ab\u00a0Je m&rsquo;expose peu, afin de&#8230;\u00a0\u00bb<\/span> <span class=\"meta-nav\">&rarr;<\/span><\/a><\/p>\n","protected":false},"author":1,"featured_media":0,"comment_status":"","ping_status":"open","sticky":false,"template":"","format":"standard","meta":{"_sitemap_exclude":false,"_sitemap_priority":"","_sitemap_frequency":"","footnotes":""},"categories":[1],"tags":[],"class_list":["post-11266","post","type-post","status-publish","format-standard","hentry","category-tous"],"_links":{"self":[{"href":"http:\/\/www.affinite.fr\/index.php\/wp-json\/wp\/v2\/posts\/11266"}],"collection":[{"href":"http:\/\/www.affinite.fr\/index.php\/wp-json\/wp\/v2\/posts"}],"about":[{"href":"http:\/\/www.affinite.fr\/index.php\/wp-json\/wp\/v2\/types\/post"}],"author":[{"embeddable":true,"href":"http:\/\/www.affinite.fr\/index.php\/wp-json\/wp\/v2\/users\/1"}],"replies":[{"embeddable":true,"href":"http:\/\/www.affinite.fr\/index.php\/wp-json\/wp\/v2\/comments?post=11266"}],"version-history":[{"count":0,"href":"http:\/\/www.affinite.fr\/index.php\/wp-json\/wp\/v2\/posts\/11266\/revisions"}],"wp:attachment":[{"href":"http:\/\/www.affinite.fr\/index.php\/wp-json\/wp\/v2\/media?parent=11266"}],"wp:term":[{"taxonomy":"category","embeddable":true,"href":"http:\/\/www.affinite.fr\/index.php\/wp-json\/wp\/v2\/categories?post=11266"},{"taxonomy":"post_tag","embeddable":true,"href":"http:\/\/www.affinite.fr\/index.php\/wp-json\/wp\/v2\/tags?post=11266"}],"curies":[{"name":"wp","href":"https:\/\/api.w.org\/{rel}","templated":true}]}}