{"id":11227,"date":"2025-01-30T13:32:00","date_gmt":"2025-01-30T13:32:00","guid":{"rendered":"https:\/\/www.affinite.fr\/index.php\/2025\/01\/30\/anne-elisabeth-lemoine-soffre-une-sequence-improbable-dans-c-a-vous-oh-le-kiff-video\/"},"modified":"2025-01-30T13:32:00","modified_gmt":"2025-01-30T13:32:00","slug":"anne-elisabeth-lemoine-soffre-une-sequence-improbable-dans-c-a-vous-oh-le-kiff-video","status":"publish","type":"post","link":"http:\/\/www.affinite.fr\/index.php\/2025\/01\/30\/anne-elisabeth-lemoine-soffre-une-sequence-improbable-dans-c-a-vous-oh-le-kiff-video\/","title":{"rendered":"Anne-Elisabeth Lemoine s&rsquo;offre une s\u00e9quence improbable dans \u00ab\u00a0C \u00e0 Vous\u00a0\u00bb\u00a0: \u00ab\u00a0Oh le kiff\u00a0!\u00a0\u00bb [Vid\u00e9o]"},"content":{"rendered":"<p> [ad_1]<br \/>\n<br \/><img decoding=\"async\" src=\"https:\/\/img-3.journaldesfemmes.fr\/bHhcF-VaegoaJUDizGyLLpJioNE=\/1280x\/smart\/d2c4c321c6ba4a68be0b07753e403986\/ccmcms-jdf\/40014597.jpg\" \/><\/p>\n<p>\n                Fid\u00e8le \u00e0 sa nature, Anne-Elisabeth Lemoine a surpris un de ses invit\u00e9s sur le plateau de \u00ab\u00a0C \u00e0 Vous\u00a0\u00bb par une demande absolument improbable. La preuve en vid\u00e9o\u00a0!            <\/p>\n<div>\n<p>Ce mardi 28\u00a0janvier, le judoka fran\u00e7ais et multi m\u00e9daill\u00e9 olympique\u00a0Teddy Riner \u00e9tait l&rsquo;invit\u00e9 de <em>C \u00e0 vous<\/em> sur France 5.\u00a0Alors qu&rsquo;il \u00e9tait venu pour parler de l&rsquo;\u00e9mission du <em>Gala des pi\u00e8ces jaunes\u00a0<\/em>qu&rsquo;il pr\u00e9sentait le soir m\u00eame,\u00a0<a href=\"https:\/\/www.journaldesfemmes.fr\/people\/personnalites\/2652311-anne-elisabeth-lemoine-mari-enfants-couple-secret-age-homme-femme-de-l-annee\/\" title=\"Anne-Elisabeth Lemoine\">Anne-Elisabeth Lemoine<\/a> s&rsquo;est laiss\u00e9e aller \u00e0 une dr\u00f4le de demande&#8230;<\/p>\n<h2>Anne-Elisabeth Lemoine surprend son invit\u00e9 qui se plie \u00e0 sa requ\u00eate<\/h2>\n<p>Alors que l&rsquo;impressionnant judoka, qui mesure tout de m\u00eame 2,04 m\u00e8tres, faisait\u00a0son arriv\u00e9e sur le plateau de l&rsquo;\u00e9mission, la pr\u00e9sentatrice s&rsquo;est spontan\u00e9ment\u00a0lanc\u00e9e\u00a0vers lui pour lui faire une accolade.\u00a0Mais, visiblement tr\u00e8s en joie de recevoir le m\u00e9daill\u00e9 d&rsquo;or des Jeux Olympiques de Paris 2024,\u00a0la journaliste de 54 ans ne s&rsquo;est pas\u00a0arr\u00eat\u00e9e\u00a0l\u00e0 et a\u00a0annonc\u00e9\u00a0tout de suite son souhait \u00e0 Teddy Riner :\u00a0\u00ab\u00a0<em>J&rsquo;ai envie que vous me portiez !<\/em>\u00ab\u00a0<\/p>\n<p>Ni une, ni deux, le champion de 35 ans originaire de Pointe-\u00e0-Pitre\u00a0a alors soulev\u00e9 avec aisance et rapidit\u00e9 Anne-Elisabeth Lemoine, ravie ! La complice de <a href=\"https:\/\/www.journaldesfemmes.fr\/people\/personnalites\/3154792-bertrand-chameroy-a-35-ans\/\" title=\"Bertrand Chameroy\">Bertrand Chameroy<\/a>, actuellement absent de l&rsquo;\u00e9mission jusqu&rsquo;\u00e0 nouvel ordre, a\u00a0l\u00e2ch\u00e9\u00a0: \u00ab\u00a0<em>Oh le kiff !<\/em>\u00a0<em>Alors l\u00e0, ma journ\u00e9e peut commencer !<\/em>\u00ab\u00a0<\/p>\n<h2><em>\u00ab\u00a0\u00c0 part mes adversaires\u00a0?\u00a0\u00bb<\/em><\/h2>\n<p>Alors que la bonne humeur s&rsquo;\u00e9tait install\u00e9e sur le plateau, l&rsquo;animatrice a questionn\u00e9 Teddy Riner :\u00a0\u00ab\u00a0<em>Il n&rsquo;y a pas beaucoup de gens qui vous demandent de les porter ?<\/em>\u00a0\u00bb\u00a0Le sportif, plus habitu\u00e9 des tatamis, a r\u00e9torqu\u00e9 du tac au tac :\u00a0\u00ab\u00a0<em>\u00c0 part mes adversaires ? Non pas beaucoup effectivement, \u00e0 part mes enfants.<\/em>\u00ab\u00a0<\/p>\n<p>Cette s\u00e9quence hilarante n&rsquo;a pas manqu\u00e9 de faire r\u00e9agir une autre\u00a0personnalit\u00e9 pr\u00e9sente \u00e0 la table de <em>C \u00e0 Vous<\/em> : le cr\u00e9ateur\u00a0<a href=\"https:\/\/www.journaldesfemmes.fr\/mode\/conseils-mode\/2740225-les-jardins-du-chateau-de-versailles-ont-accueilli-un-defile-jacquemus-absolument-royal\/\" title=\"Jacquemus\">Simon Porte Jacquemus<\/a>. \u00ab\u00a0<em>Je vous ai pas demand\u00e9 de me porter&#8230;<\/em>\u00ab\u00a0, a alors soudainement pens\u00e9 l&rsquo;animatrice.\u00a0Toujours dans le registre de la plaisanterie, le styliste et jeune papa\u00a0lui a alors r\u00e9pondu\u00a0: \u00ab\u00a0<em>Non, j&rsquo;ai vu&#8230; je suis un peu \u00e9nerv\u00e9<\/em>\u00a0\u00bb en adoptant une mine faussement toute triste. Une s\u00e9quence qui devrait donner des id\u00e9es \u00e0 <a href=\"https:\/\/www.journaldesfemmes.fr\/people\/personnalites\/2911519-jerome-commandeur-age-vie-privee-films-infos\/\" title=\"J\u00e9r\u00f4me Commandeur\">J\u00e9r\u00f4me Commandeur<\/a>, qui n&rsquo;a pas h\u00e9sit\u00e9 \u00e0 parodier avec beaucoup d&rsquo;humour l&rsquo;\u00e9mission dans son programme humoristique sur Canal + avec l&rsquo;aide de Marina Fo\u00efs !<\/p>\n<\/p><\/div>\n<p>[ad_2]<br \/>\n<br \/><a href=\"https:\/\/www.journaldesfemmes.fr\/people\/actus\/3215488-anne-elisabeth-lemoine-s-offre-une-sequence-improbable-dans-c-a-vous-oh-le-kiff-video\/\">Source link <\/a><\/p>\n","protected":false},"excerpt":{"rendered":"<p>[ad_1] Fid\u00e8le \u00e0 sa nature, Anne-Elisabeth Lemoine a surpris un de ses invit\u00e9s sur le plateau de \u00ab\u00a0C \u00e0 Vous\u00a0\u00bb &hellip; <a href=\"http:\/\/www.affinite.fr\/index.php\/2025\/01\/30\/anne-elisabeth-lemoine-soffre-une-sequence-improbable-dans-c-a-vous-oh-le-kiff-video\/\" class=\"more-link\">Plus <span class=\"screen-reader-text\">Anne-Elisabeth Lemoine s&rsquo;offre une s\u00e9quence improbable dans \u00ab\u00a0C \u00e0 Vous\u00a0\u00bb\u00a0: \u00ab\u00a0Oh le kiff\u00a0!\u00a0\u00bb [Vid\u00e9o]<\/span> <span class=\"meta-nav\">&rarr;<\/span><\/a><\/p>\n","protected":false},"author":1,"featured_media":11228,"comment_status":"","ping_status":"open","sticky":false,"template":"","format":"standard","meta":{"_sitemap_exclude":false,"_sitemap_priority":"","_sitemap_frequency":"","footnotes":""},"categories":[1],"tags":[],"class_list":["post-11227","post","type-post","status-publish","format-standard","has-post-thumbnail","hentry","category-tous"],"_links":{"self":[{"href":"http:\/\/www.affinite.fr\/index.php\/wp-json\/wp\/v2\/posts\/11227"}],"collection":[{"href":"http:\/\/www.affinite.fr\/index.php\/wp-json\/wp\/v2\/posts"}],"about":[{"href":"http:\/\/www.affinite.fr\/index.php\/wp-json\/wp\/v2\/types\/post"}],"author":[{"embeddable":true,"href":"http:\/\/www.affinite.fr\/index.php\/wp-json\/wp\/v2\/users\/1"}],"replies":[{"embeddable":true,"href":"http:\/\/www.affinite.fr\/index.php\/wp-json\/wp\/v2\/comments?post=11227"}],"version-history":[{"count":0,"href":"http:\/\/www.affinite.fr\/index.php\/wp-json\/wp\/v2\/posts\/11227\/revisions"}],"wp:featuredmedia":[{"embeddable":true,"href":"http:\/\/www.affinite.fr\/index.php\/wp-json\/wp\/v2\/media\/11228"}],"wp:attachment":[{"href":"http:\/\/www.affinite.fr\/index.php\/wp-json\/wp\/v2\/media?parent=11227"}],"wp:term":[{"taxonomy":"category","embeddable":true,"href":"http:\/\/www.affinite.fr\/index.php\/wp-json\/wp\/v2\/categories?post=11227"},{"taxonomy":"post_tag","embeddable":true,"href":"http:\/\/www.affinite.fr\/index.php\/wp-json\/wp\/v2\/tags?post=11227"}],"curies":[{"name":"wp","href":"https:\/\/api.w.org\/{rel}","templated":true}]}}