{"id":11211,"date":"2025-01-25T13:23:53","date_gmt":"2025-01-25T13:23:53","guid":{"rendered":"https:\/\/www.affinite.fr\/index.php\/2025\/01\/25\/cetait-un-petit-peu-complique-exclu\/"},"modified":"2025-01-25T13:23:53","modified_gmt":"2025-01-25T13:23:53","slug":"cetait-un-petit-peu-complique-exclu","status":"publish","type":"post","link":"http:\/\/www.affinite.fr\/index.php\/2025\/01\/25\/cetait-un-petit-peu-complique-exclu\/","title":{"rendered":"\u00ab\u00a0C&rsquo;\u00e9tait un petit peu compliqu\u00e9&#8230;\u00a0\u00bb (exclu)"},"content":{"rendered":"<p> [ad_1]<br \/>\n<br \/><img decoding=\"async\" src=\"https:\/\/img-3.journaldesfemmes.fr\/aWrrb8Cuq0zL_3YQQHZLezspXx8=\/1280x\/smart\/c044e33cb9db45ef9017fdbd0c7ad60d\/ccmcms-jdf\/40013217.jpg\" \/><\/p>\n<p>\n                Eve Gilles, qui participe \u00e0 la nouvelle saison de \u00ab\u00a0Danse Avec Les Stars\u00a0\u00bb s&rsquo;est confi\u00e9e au \u00ab\u00a0Journal des Femmes\u00a0\u00bb sur cette folle opportunit\u00e9. Miss France 2024\u00a0appr\u00e9hende-t-elle la comp\u00e9tition\u00a0?            <\/p>\n<div>\n<p>Eve Gilles a longtemps souhait\u00e9 participer \u00e0 <em>Danse Avec Les Stars<\/em>\u2026 et son r\u00eave devient r\u00e9alit\u00e9 cette ann\u00e9e puisqu&rsquo;elle rejoint le casting de la\u00a0 nouvelle saison de l&rsquo;\u00e9mission, diffus\u00e9e d\u00e8s le 7 f\u00e9vrier sur TF1, aux c\u00f4t\u00e9s de <a href=\"https:\/\/www.journaldesfemmes.fr\/people\/personnalites\/2869345-charlotte-de-turckheim-sa-bio-son-titre-de-noblesse-coluche-son-mari-ses-filles\/\" title=\"Charlotte de Turckheim\">Charlotte de Turckheim<\/a>, Florent Manaudou, Julie Zenatti, Nelson Monfort\u00a0et bien d&rsquo;autres. Mais Miss France 2024 est-elle r\u00e9ellement emball\u00e9e \u00e0 l&rsquo;id\u00e9e d&rsquo;y participer ?<\/p>\n<h2>Eve Gilles, pr\u00eate pour <em>Danse Avec Les Stars <\/em>? \u00ab\u00a0<em>Pas grand chose pour me motiver\u2026<\/em>\u00ab\u00a0<\/h2>\n<p>La reine de beaut\u00e9 de seulement 21 ans, qui a c\u00e9d\u00e9 son \u00e9charpe \u00e0\u00a0Ang\u00e9lique Angarni-Filopon, n&rsquo;a pas mis longtemps avant d&rsquo;accepter de rejoindre la comp\u00e9tition. L&rsquo;ancienne \u00e9tudiante en math\u00e9matiques, qui se destinait \u00e0 devenir\u00a0statisticienne,\u00a0a r\u00e9v\u00e9l\u00e9 en <a href=\"https:\/\/www.instagram.com\/p\/DFDjoncidxL\/\" target=\"_blank\" rel=\"noopener\">interview vid\u00e9o<\/a> au\u00a0<em>Journal des Femmes\u00a0<\/em>qu&rsquo;elle attendait cette opportunit\u00e9 depuis longtemps\u00a0: \u00ab\u00a0<em>Il n&rsquo;y a pas eu grand chose pour me motiver.\u00a0Ca fait tr\u00e8s longtemps que je voulais participer, mais je n&rsquo;\u00e9tais pas connue, donc c&rsquo;\u00e9tait un petit peu compliqu\u00e9. Une fois que je suis devenue Miss France, d\u00e8s que je pouvais parler de Danse Avec Les Stars, je l&rsquo;ai fait, et visiblement, le message est bien pass\u00e9<\/em>\u00ab\u00a0.<\/p>\n<h2>Eve Gilles, face \u00e0 la comp\u00e9tition : \u00ab\u00a0<em>Cela ne me fait pas peur<\/em>\u00ab\u00a0<\/h2>\n<p>Passionn\u00e9e de danse, la ravissante brune donnait m\u00eame des cours \u00e0 des petites filles\u00a0avant de devenir Miss France. \u00ab\u00a0<em>J&rsquo;ai toujours ador\u00e9 la danse et plus particuli\u00e8rement la danse de couple. Mon film pr\u00e9f\u00e9r\u00e9, c&rsquo;est Dirty Dancing, donc je pense que \u00e7a en dit long<\/em>\u00ab\u00a0, a-t-elle expliqu\u00e9.<\/p>\n<p>Eve Gilles a pratiqu\u00e9 du modern jazz, mais n&rsquo;a jamais pu prendre de cours de danse de salon, \u00e0 son grand regret : \u00ab\u00a0<em>Parce que je n&rsquo;ai jamais eu de partenaire de danse. On voulait en faire avec ma m\u00e8re, mais on n&rsquo;a pas trouv\u00e9 de club proche de chez moi <\/em>[elle vient de Qua\u00ebdypre, dans le Nord, ndlr]<em>\u00a0alors maintenant, c&rsquo;est l&rsquo;occasion ou jamais de participer<\/em>\u00ab\u00a0. <a href=\"https:\/\/www.journaldesfemmes.fr\/people\/personnalites\/2955127-eve-gilles-miss-france-2024-cheveux-corps-critiques-reaction\/\" title=\"Eve Gilles\">Miss France 2024<\/a> a surtout h\u00e2te de danser \u00ab\u00a0<em>tout ce qui est tango, paso doble, c&rsquo;est peut-\u00eatre un peu plus sensuel, plus femme<\/em>\u00ab\u00a0.<\/p>\n<p>Est-elle stress\u00e9e par la comp\u00e9tition ? Que nenni ! \u00ab\u00a0<em>Au contraire, \u00e7a ne me fait pas peur parce que je me dis que c&rsquo;est une fa\u00e7on de me faire conna\u00eetre autrement, de faire d\u00e9couvrir ma personnalit\u00e9, qui je suis. Donc, j&rsquo;ai plut\u00f4t h\u00e2te que les Fran\u00e7ais puissent me conna\u00eetre\u00a0\u00bb. <\/em>Cette fois, elle compte bien faire parler d&rsquo;elle pour ses capacit\u00e9s de danseuse et pas que pour sa coupe de cheveux.<\/p>\n<\/p><\/div>\n<p><script async defer src=\"https:\/\/platform.instagram.com\/en_US\/embeds.js\"><\/script><br \/>\n<br \/>[ad_2]<br \/>\n<br \/><a href=\"https:\/\/www.journaldesfemmes.fr\/people\/actus\/3214346-eve-gilles-se-livre-sur-sa-participation-a-dals-c-etait-un-petit-peu-complique-exclu\/\">Source link <\/a><\/p>\n","protected":false},"excerpt":{"rendered":"<p>[ad_1] Eve Gilles, qui participe \u00e0 la nouvelle saison de \u00ab\u00a0Danse Avec Les Stars\u00a0\u00bb s&rsquo;est confi\u00e9e au \u00ab\u00a0Journal des Femmes\u00a0\u00bb &hellip; <a href=\"http:\/\/www.affinite.fr\/index.php\/2025\/01\/25\/cetait-un-petit-peu-complique-exclu\/\" class=\"more-link\">Plus <span class=\"screen-reader-text\">\u00ab\u00a0C&rsquo;\u00e9tait un petit peu compliqu\u00e9&#8230;\u00a0\u00bb (exclu)<\/span> <span class=\"meta-nav\">&rarr;<\/span><\/a><\/p>\n","protected":false},"author":1,"featured_media":11212,"comment_status":"","ping_status":"open","sticky":false,"template":"","format":"standard","meta":{"_sitemap_exclude":false,"_sitemap_priority":"","_sitemap_frequency":"","footnotes":""},"categories":[1],"tags":[],"class_list":["post-11211","post","type-post","status-publish","format-standard","has-post-thumbnail","hentry","category-tous"],"_links":{"self":[{"href":"http:\/\/www.affinite.fr\/index.php\/wp-json\/wp\/v2\/posts\/11211"}],"collection":[{"href":"http:\/\/www.affinite.fr\/index.php\/wp-json\/wp\/v2\/posts"}],"about":[{"href":"http:\/\/www.affinite.fr\/index.php\/wp-json\/wp\/v2\/types\/post"}],"author":[{"embeddable":true,"href":"http:\/\/www.affinite.fr\/index.php\/wp-json\/wp\/v2\/users\/1"}],"replies":[{"embeddable":true,"href":"http:\/\/www.affinite.fr\/index.php\/wp-json\/wp\/v2\/comments?post=11211"}],"version-history":[{"count":0,"href":"http:\/\/www.affinite.fr\/index.php\/wp-json\/wp\/v2\/posts\/11211\/revisions"}],"wp:featuredmedia":[{"embeddable":true,"href":"http:\/\/www.affinite.fr\/index.php\/wp-json\/wp\/v2\/media\/11212"}],"wp:attachment":[{"href":"http:\/\/www.affinite.fr\/index.php\/wp-json\/wp\/v2\/media?parent=11211"}],"wp:term":[{"taxonomy":"category","embeddable":true,"href":"http:\/\/www.affinite.fr\/index.php\/wp-json\/wp\/v2\/categories?post=11211"},{"taxonomy":"post_tag","embeddable":true,"href":"http:\/\/www.affinite.fr\/index.php\/wp-json\/wp\/v2\/tags?post=11211"}],"curies":[{"name":"wp","href":"https:\/\/api.w.org\/{rel}","templated":true}]}}