{"id":11209,"date":"2025-01-24T13:20:30","date_gmt":"2025-01-24T13:20:30","guid":{"rendered":"https:\/\/www.affinite.fr\/index.php\/2025\/01\/24\/je-ne-te-paye-plus-rien\/"},"modified":"2025-01-24T13:20:30","modified_gmt":"2025-01-24T13:20:30","slug":"je-ne-te-paye-plus-rien","status":"publish","type":"post","link":"http:\/\/www.affinite.fr\/index.php\/2025\/01\/24\/je-ne-te-paye-plus-rien\/","title":{"rendered":"\u00ab\u00a0Je ne te paye plus rien\u00a0\u00bb"},"content":{"rendered":"<p> [ad_1]<br \/>\n<br \/><img decoding=\"async\" src=\"https:\/\/img-3.journaldesfemmes.fr\/NYUYIisDodqrvoBwhRARrB5wAdc=\/1280x\/smart\/10dfec056c2b471fb7920eeadfb2bcce\/ccmcms-jdf\/40013756.jpg\" \/><\/p>\n<p>\n                Nathalie Marquay-Pernaut a \u00e9t\u00e9 re\u00e7ue dans l&rsquo;\u00e9mission \u00ab\u00a0Souvenirs d&rsquo;\u00e9colier\u00a0\u00bb et l&rsquo;ancienne reine de beaut\u00e9 en a profit\u00e9 pour se confier sur le choix de carri\u00e8re de sa fille, Lou Pernaut, qu&rsquo;elle a eu du mal \u00e0 accepter&#8230;            <\/p>\n<div>\n<p>Nathalie Marquay \u00e9tait r\u00e9cemment l&rsquo;invit\u00e9e de Malika M\u00e9nard dans l&rsquo;\u00e9mission <em>Souvenirs d&rsquo;\u00e9colier<\/em> sur <em>Sqool TV<\/em>. L&rsquo;occasion pour <a href=\"https:\/\/www.journaldesfemmes.fr\/people\/rendez-vous\/2586346-miss-france-2024-votes-public-et-jury-cadeaux-argent-infos\/\" title=\"C\u00e9r\u00e9monie de Miss France\">Miss France<\/a> 1987\u00a0de donner des nouvelles de ses deux enfants Tom et Lou.\u00a0Le premier, \u00e2g\u00e9 de 21\u00a0ans, poursuit ses \u00e9tudes.\u00a0Mais sa fille, \u00e2g\u00e9e de 22 ans, a d\u00e9cid\u00e9 de suivre un chemin \u00e9loign\u00e9 des bancs de l&rsquo;\u00e9cole.<\/p>\n<h2>Nathalie Marquay-Pernaut, cash avec sa fille\u00a0: \u00ab\u00a0Je ne te paye plus rien\u00a0\u00bb<\/h2>\n<p>Dans une interview d\u00e9voil\u00e9e par Malika M\u00e9nard, Nathalie Marquay-Pernaut s&rsquo;est confi\u00e9e sans filtre sur l&rsquo;orientation de sa fille Lou. Lorsque la journaliste lui a demand\u00e9 si ses enfants \u00e9taient toujours \u00e0 l&rsquo;\u00e9cole, l&rsquo;ex-reine de beaut\u00e9 a r\u00e9pondu sans d\u00e9tour :\u00a0\u00ab\u00a0<em>Ma fille suivait des \u00e9tudes d&rsquo;architecture en troisi\u00e8me ann\u00e9e, elle a vu qu&rsquo;influenceuse c&rsquo;\u00e9tait beaucoup plus facile et qu&rsquo;on gagnait bien sa vie et elle a arr\u00eat\u00e9<\/em>\u00ab\u00a0.<\/p>\n<p>Lorsqu&rsquo;elle a appris que sa fille abandonnait ses \u00e9tudes \u00e0 seulement deux ans de l&rsquo;obtention de son dipl\u00f4me, la quinquag\u00e9naire\u00a0a pris une d\u00e9cision radicale\u00a0: \u00ab\u00a0<em>Je lui ai dit &lsquo;\u00c9coute, si tu arr\u00eates tes \u00e9tudes, je ne te paye plus l&rsquo;appart, je ne te paye plus rien, tu te d\u00e9brouilles toute seule&rsquo;<\/em>.\u00a0\u00bb En effet, celle qui a jou\u00e9 l&rsquo;aventuri\u00e8re\u00a0dans l&rsquo;\u00e9mission <em>The Island, l&rsquo;\u00eele au bagne<\/em> sur <em>M6 <\/em>aurait souhait\u00e9 que Lou poursuive son apprentissage dans le domaine de\u00a0l&rsquo;architecture.\u00a0<\/p>\n<h2>Nathalie Marquay-Pernaut, face au d\u00e9part de sa fille : \u00ab\u00a0Ca m&rsquo;a fait tr\u00e8s mal\u00a0\u00bb<\/h2>\n<p>Le fait que sa fille fasse le choix d&rsquo;abandonner ses \u00e9tudes a \u00e9t\u00e9 un choc pour Nathalie Marquay-Pernaut. \u00ab\u00a0<i>\u00c7a m&rsquo;a fait tr\u00e8s, tr\u00e8s mal\u00a0\u00bb <\/i>avoue-t-elle.\u00a0Mais avec le recul, elle reconna\u00eet aujourd&rsquo;hui que cette d\u00e9cision radicale a finalement port\u00e9 ses fruits. \u00ab\u00a0<em>Elle est heureuse, \u00e7a fonctionne bien pour elle<\/em>\u00ab\u00a0, l\u00e2che-t-elle avec fiert\u00e9. D&rsquo;ailleurs, la maman est toujours pr\u00eate \u00e0 soutenir sa fille dont la popularit\u00e9 apporte du positif comme du n\u00e9gatif&#8230;<\/p>\n<p>Malheureusement, Lou Pernaut, suivie par un peu de plus de 1,3\u00a0million de personnes sur TikTok, est la cible d&rsquo;un harc\u00e8lement prenant la forme de critiques sur son corps et son d\u00e9funt p\u00e8re, <a href=\"https:\/\/www.journaldesfemmes.fr\/people\/personnalites\/2898181-jean-pierre-pernaut-mort-age-sante\/\" title=\"Jean-Pierre Pernaut\">Jean-Pierre Pernaut<\/a>.\u00a0\u00ab\u00a0<em>Elle est \u00e9norm\u00e9ment harcel\u00e9e par rapport \u00e0 son poids, on lui dit des choses m\u00e9chantes aussi sur son p\u00e8re, que c&rsquo;est gr\u00e2ce \u00e0 lui qu&rsquo;elle est connue<\/em>\u00ab\u00a0.\u00a0<\/p>\n<\/p><\/div>\n<p>[ad_2]<br \/>\n<br \/><a href=\"https:\/\/www.journaldesfemmes.fr\/people\/actus\/3214704-nathalie-marquay\/\">Source link <\/a><\/p>\n","protected":false},"excerpt":{"rendered":"<p>[ad_1] Nathalie Marquay-Pernaut a \u00e9t\u00e9 re\u00e7ue dans l&rsquo;\u00e9mission \u00ab\u00a0Souvenirs d&rsquo;\u00e9colier\u00a0\u00bb et l&rsquo;ancienne reine de beaut\u00e9 en a profit\u00e9 pour se &hellip; <a href=\"http:\/\/www.affinite.fr\/index.php\/2025\/01\/24\/je-ne-te-paye-plus-rien\/\" class=\"more-link\">Plus <span class=\"screen-reader-text\">\u00ab\u00a0Je ne te paye plus rien\u00a0\u00bb<\/span> <span class=\"meta-nav\">&rarr;<\/span><\/a><\/p>\n","protected":false},"author":1,"featured_media":11210,"comment_status":"","ping_status":"open","sticky":false,"template":"","format":"standard","meta":{"_sitemap_exclude":false,"_sitemap_priority":"","_sitemap_frequency":"","footnotes":""},"categories":[1],"tags":[],"class_list":["post-11209","post","type-post","status-publish","format-standard","has-post-thumbnail","hentry","category-tous"],"_links":{"self":[{"href":"http:\/\/www.affinite.fr\/index.php\/wp-json\/wp\/v2\/posts\/11209"}],"collection":[{"href":"http:\/\/www.affinite.fr\/index.php\/wp-json\/wp\/v2\/posts"}],"about":[{"href":"http:\/\/www.affinite.fr\/index.php\/wp-json\/wp\/v2\/types\/post"}],"author":[{"embeddable":true,"href":"http:\/\/www.affinite.fr\/index.php\/wp-json\/wp\/v2\/users\/1"}],"replies":[{"embeddable":true,"href":"http:\/\/www.affinite.fr\/index.php\/wp-json\/wp\/v2\/comments?post=11209"}],"version-history":[{"count":0,"href":"http:\/\/www.affinite.fr\/index.php\/wp-json\/wp\/v2\/posts\/11209\/revisions"}],"wp:featuredmedia":[{"embeddable":true,"href":"http:\/\/www.affinite.fr\/index.php\/wp-json\/wp\/v2\/media\/11210"}],"wp:attachment":[{"href":"http:\/\/www.affinite.fr\/index.php\/wp-json\/wp\/v2\/media?parent=11209"}],"wp:term":[{"taxonomy":"category","embeddable":true,"href":"http:\/\/www.affinite.fr\/index.php\/wp-json\/wp\/v2\/categories?post=11209"},{"taxonomy":"post_tag","embeddable":true,"href":"http:\/\/www.affinite.fr\/index.php\/wp-json\/wp\/v2\/tags?post=11209"}],"curies":[{"name":"wp","href":"https:\/\/api.w.org\/{rel}","templated":true}]}}