{"id":11207,"date":"2025-01-23T13:19:32","date_gmt":"2025-01-23T13:19:32","guid":{"rendered":"http:\/\/www.affinite.fr\/index.php\/2025\/01\/23\/les-oiseaux-de-votre-jardin-sont-particulierement-importants-ce-week-end-la\/"},"modified":"2025-01-23T13:19:32","modified_gmt":"2025-01-23T13:19:32","slug":"les-oiseaux-de-votre-jardin-sont-particulierement-importants-ce-week-end-la","status":"publish","type":"post","link":"http:\/\/www.affinite.fr\/index.php\/2025\/01\/23\/les-oiseaux-de-votre-jardin-sont-particulierement-importants-ce-week-end-la\/","title":{"rendered":"Les oiseaux de votre jardin sont particuli\u00e8rement importants ce week-end l\u00e0"},"content":{"rendered":"<p> [ad_1]<br \/>\n<\/p>\n<p>\n                Amoureux des oiseaux, le Comptage national des oiseaux des parcs et jardins\u00a0est fait pour vous\u00a0! Un week-end est consacr\u00e9 \u00e0 cette mission mais vous pouvez aussi compter toute l&rsquo;ann\u00e9e pour permettre d&rsquo;en apprendre davantage sur les oiseaux communs. Comment faire pour participer \u00e0 l&rsquo;op\u00e9ration\u00a0? On vous dit tout\u00a0!            <\/p>\n<div>\n<p>Amis de la nature et plus particuli\u00e8rement des oiseaux,\u00a0La Ligue pour la Protection des Oiseaux (LPO) et le Mus\u00e9um national d&rsquo;Histoire naturelle (MNHN) ont besoin de vous pour le <strong>Comptage national des oiseaux des jardins<\/strong>.\u00a0Comme chaque ann\u00e9e depuis 12 ans, tous les citoyens sont invit\u00e9s \u00e0 participer \u00e0 cette op\u00e9ration d&rsquo;observation qui permet de collecter de nouvelles donn\u00e9es pour mieux conna\u00eetre les oiseaux qui nous entourent.\u00a0Une sorte de recensement des oiseaux fa\u00e7on <strong>op\u00e9ration de science participative<\/strong> ! La bonne nouvelle, c&rsquo;est que tout le monde peut participer pendant <strong>un week-end\u00a0dans l&rsquo;ann\u00e9e et plus encore<\/strong>.\u00a0Alors si vous avez envie de prendre le temps d&rsquo;observer la nature ou de faire une activit\u00e9 originale en famille, c&rsquo;est \u00e0 vous !<\/p>\n<p>Sachez que les donn\u00e9es collect\u00e9es permettront d&rsquo;ajouter de nouveaux \u00e9l\u00e9ments \u00e0 ceux d\u00e9j\u00e0 collect\u00e9s et d&rsquo;\u00e9tudier l&rsquo;\u00e9volution de la biodiversit\u00e9.\u00a0Les derni\u00e8res conclusions ont par exemple mis en avant la disparition de certaines esp\u00e8ces dans nos jardins et la multiplication d&rsquo;autres.\u00a0Un constat : les oiseaux ont de plus en plus de difficult\u00e9 \u00e0 trouver de la nourriture dans leur habitat naturel et se r\u00e9fugient alors dans les jardins.\u00a0<\/p>\n<h2 id=\"quelles-sont-les-dates-ducomptage-national-des-oiseaux-des-jardins-\">Les dates du\u00a0comptage national des oiseaux des jardins<\/h2>\n<p>Chaque ann\u00e9e, le comptage national des oiseaux des jardins se d\u00e9roule\u00a0le dernier week-end de janvier pour les oiseaux hivernants et le dernier week-end de mai pour les oiseaux nicheurs.\u00a0En 2025, l&rsquo;op\u00e9ration a eu lieu les samedi 25 et dimanche 26 janvier pour l&rsquo;hiver et se tiendra les 24 et 25 mai au printemps. Il n&rsquo;est pas n\u00e9cessaire d&rsquo;\u00eatre disponible pendant tout le week-end, car le comptage se fait sur une dur\u00e9e d&rsquo;une heure seulement.\u00a0Vous pouvez donc choisir votre cr\u00e9neau, mais sachez qu&rsquo;il est recommand\u00e9 de r\u00e9aliser le comptage en fin de matin\u00e9e ou en d\u00e9but d&rsquo;apr\u00e8s-midi afin que les temp\u00e9ratures soient un peu plus chaudes et donc les oiseaux plus actifs.<\/p>\n<p>Si l&rsquo;op\u00e9ration vous tente, il vous suffit dans un premier temps d&rsquo;\u00eatre disponible pendant une heure sur un des jours du week-end.\u00a0Ensuite :<\/p>\n<ol>\n<li>Trouvez un <strong>lieu d&rsquo;observation<\/strong> : cela peut \u00eatre votre jardin, un balcon, mais \u00e9galement un parc public.\u00a0Et peu importe si vous \u00eates en ville ou \u00e0 la campagne.<\/li>\n<li><strong>Comptez les oiseaux<\/strong> que vous pouvez voir pendant une heure.\u00a0Rien de plus simple, vous n&rsquo;avez m\u00eame pas \u00e0 \u00eatre un expert gr\u00e2ce \u00e0 une <a href=\"https:\/\/cdnfiles2.biolovision.net\/www.oiseauxdesjardins.fr\/userfiles\/FichesODJoiseaux_1.pdf\" target=\"_blank\" rel=\"noopener\">fiche d&rsquo;aide<\/a> qui vous permettra d&rsquo;identifier les oiseaux. Il suffit juste d&rsquo;observer.<\/li>\n<li>\u00a0<strong>Transmettez vos donn\u00e9es<\/strong> sur le site de l&rsquo;Observatoire des oiseaux des jardins :\u00a0<a href=\"https:\/\/www.oiseauxdesjardins.fr\/\" target=\"_blank\" rel=\"noopener\">www.oiseauxdesjardins.fr<\/a>.<\/li>\n<\/ol>\n<p>L&rsquo;objectif\u00a0?\u00a0Battre le record de l&rsquo;ann\u00e9e derni\u00e8re de 17\u00a0033 jardins recens\u00e9s sur janvier 2024.\u00a0\u00c0 vous de jouer !<\/p>\n<h2 id=\"le-formulaire-pour-le-comptage-des-oiseaux\">Le formulaire pour le comptage des oiseaux<\/h2>\n<div style=\"text-align:center\">\n<figure class=\"image\" style=\"display:inline-block\"><img decoding=\"async\" alt=\"fiche-aide-comptage-oiseaux-du-jardin\" src=\"https:\/\/img-3.journaldesfemmes.fr\/g9KZNTuk0vKi744USa3d25WKcqY=\/1080x\/smart\/75fae77ff0934b6f944b06066f5c8ce4\/ccmcms-jdf\/39471131.png\"\/><figcaption data-credit=\"LPO\"><small>\u00a9\u00a0LPO<\/small><\/figcaption><\/figure>\n<\/div>\n<p>Besoin d&rsquo;aide pour compter les oiseaux sans vous tromper ?\u00a0Pas de probl\u00e8me, La Ligue pour la Protection des Oiseaux (LPO) et le Mus\u00e9um national d&rsquo;Histoire naturelle (MNHN) proposent un <strong>formulaire<\/strong> \u00e0 remplir pendant votre observation.\u00a0Vous pouvez donc simplement t\u00e9l\u00e9charger la\u00a0<a href=\"https:\/\/cdnfiles2.biolovision.net\/www.oiseauxdesjardins.fr\/userfiles\/FichesODJoiseaux_1.pdf\" target=\"_blank\" rel=\"noopener\">fiche d&rsquo;aide en cliquant ici<\/a>. \u00c0 noter que cette <strong>fiche avec les noms et les photos des oiseaux<\/strong> n&rsquo;est pas \u00e0 transmettre sur le site de l&rsquo;Observatoire des oiseaux des jardins, elle sert seulement de support d&rsquo;aide pendant votre session de comptage.<\/p>\n<h2 id=\"peut-on-compter-les-oiseaux-le-reste-de-lannee-\">Compter les oiseaux le reste de l&rsquo;ann\u00e9e<\/h2>\n<p>Vous avez envie de participer, mais vous avez manqu\u00e9 le grand week-end national ou vous souhaitez vous impliquer davantage ?\u00a0Pas de probl\u00e8me, vous pouvez aussi <strong>participer toute l&rsquo;ann\u00e9e<\/strong>, tous les jours, tous les mois ou ponctuellement : c&rsquo;est comme bon vous semble.\u00a0Il suffit pour cela de s&rsquo;inscrire sur le site d\u00e9di\u00e9\u00a0<a href=\"https:\/\/www.oiseauxdesjardins.fr\/index.php?m_id=1127&amp;item=18\" target=\"_blank\" rel=\"noopener\">www.oiseauxdesjardins.fr<\/a> et de consacrer 10 minutes \u00e0 la t\u00e2che avant de transmettre ses informations.<\/p>\n<\/p><\/div>\n<p>[ad_2]<br \/>\n<br \/><a href=\"https:\/\/www.journaldesfemmes.fr\/jardin\/jardinage\/2884023-observez-les-oiseaux-dans-votre-jardin-ces-deux-week-ends-sont-particulierement-importants\/\">Source link <\/a><\/p>\n","protected":false},"excerpt":{"rendered":"<p>[ad_1] Amoureux des oiseaux, le Comptage national des oiseaux des parcs et jardins\u00a0est fait pour vous\u00a0! Un week-end est consacr\u00e9 &hellip; <a href=\"http:\/\/www.affinite.fr\/index.php\/2025\/01\/23\/les-oiseaux-de-votre-jardin-sont-particulierement-importants-ce-week-end-la\/\" class=\"more-link\">Plus <span class=\"screen-reader-text\">Les oiseaux de votre jardin sont particuli\u00e8rement importants ce week-end l\u00e0<\/span> <span class=\"meta-nav\">&rarr;<\/span><\/a><\/p>\n","protected":false},"author":1,"featured_media":11208,"comment_status":"","ping_status":"open","sticky":false,"template":"","format":"standard","meta":{"_sitemap_exclude":false,"_sitemap_priority":"","_sitemap_frequency":"","footnotes":""},"categories":[1],"tags":[],"class_list":["post-11207","post","type-post","status-publish","format-standard","has-post-thumbnail","hentry","category-tous"],"_links":{"self":[{"href":"http:\/\/www.affinite.fr\/index.php\/wp-json\/wp\/v2\/posts\/11207"}],"collection":[{"href":"http:\/\/www.affinite.fr\/index.php\/wp-json\/wp\/v2\/posts"}],"about":[{"href":"http:\/\/www.affinite.fr\/index.php\/wp-json\/wp\/v2\/types\/post"}],"author":[{"embeddable":true,"href":"http:\/\/www.affinite.fr\/index.php\/wp-json\/wp\/v2\/users\/1"}],"replies":[{"embeddable":true,"href":"http:\/\/www.affinite.fr\/index.php\/wp-json\/wp\/v2\/comments?post=11207"}],"version-history":[{"count":0,"href":"http:\/\/www.affinite.fr\/index.php\/wp-json\/wp\/v2\/posts\/11207\/revisions"}],"wp:featuredmedia":[{"embeddable":true,"href":"http:\/\/www.affinite.fr\/index.php\/wp-json\/wp\/v2\/media\/11208"}],"wp:attachment":[{"href":"http:\/\/www.affinite.fr\/index.php\/wp-json\/wp\/v2\/media?parent=11207"}],"wp:term":[{"taxonomy":"category","embeddable":true,"href":"http:\/\/www.affinite.fr\/index.php\/wp-json\/wp\/v2\/categories?post=11207"},{"taxonomy":"post_tag","embeddable":true,"href":"http:\/\/www.affinite.fr\/index.php\/wp-json\/wp\/v2\/tags?post=11207"}],"curies":[{"name":"wp","href":"https:\/\/api.w.org\/{rel}","templated":true}]}}