{"id":11201,"date":"2025-01-20T13:15:01","date_gmt":"2025-01-20T13:15:01","guid":{"rendered":"http:\/\/www.affinite.fr\/index.php\/2025\/01\/20\/au-salon-maison-objet-la-decoration-change-de-cap-et-en-met-plein-les-yeux\/"},"modified":"2025-01-20T13:15:01","modified_gmt":"2025-01-20T13:15:01","slug":"au-salon-maison-objet-la-decoration-change-de-cap-et-en-met-plein-les-yeux","status":"publish","type":"post","link":"http:\/\/www.affinite.fr\/index.php\/2025\/01\/20\/au-salon-maison-objet-la-decoration-change-de-cap-et-en-met-plein-les-yeux\/","title":{"rendered":"Au salon Maison &#038; Objet, la d\u00e9coration change de cap et en met plein les yeux"},"content":{"rendered":"<p> [ad_1]<br \/>\n<\/p>\n<p>\n                Deux fois par an, le salon Maison &amp; Objet r\u00e9unit les acteurs de l&rsquo;univers de la maison et d\u00e9finit ce que vous trouverez dans les boutiques de d\u00e9coration pour la saison \u00e0 venir.            <\/p>\n<div>\n<p>C&rsquo;est l&rsquo;\u00e9v\u00e9nement incontournable de ce d\u00e9but d&rsquo;ann\u00e9e\u00a0! La presse sp\u00e9cialis\u00e9e et les acheteurs des boutiques de d\u00e9coration de France et d&rsquo;ailleurs se pressent \u00e0 Villepinte pour d\u00e9couvrir les nouveaut\u00e9s des marques de meubles et d&rsquo;objets d\u00e9co. C&rsquo;est l&rsquo;occasion id\u00e9ale de prendre le pouls des tendances en mati\u00e8re de style, de couleur et de mat\u00e9riau, et d&rsquo;imaginer les int\u00e9rieurs de demain. Si le d\u00e9cryptage des modes \u00e9tait encore simple il y a quelques ann\u00e9es, les tendances se font aujourd&rsquo;hui plus subtiles, et plusieurs styles cohabitent d\u00e9sormais. Une chose est s\u00fbre\u00a0: un changement de taille s&rsquo;op\u00e8re dans nos int\u00e9rieurs&#8230; Certains vont adorer, d&rsquo;autres d\u00e9tester.<\/p>\n<p>Pour cette \u00e9dition de janvier 2025, le salon Maison &amp; Objet avait pour th\u00e9matique\u00a0\u00a0\u00bbSur\/Reality\u00a0\u00bb, une version revisit\u00e9e du Surr\u00e9alisme. Sur les sc\u00e9nographies du salon, les objets s\u00e9lectionn\u00e9s par les pros de la d\u00e9co se trouvaient alors \u00e0 mi-chemin entre r\u00eave et r\u00e9alit\u00e9,\u00a0avec des propositions parfois tr\u00e8s originales.\u00a0Et c&rsquo;est bien ce qui tranche avec les tendances pr\u00e9c\u00e9dentes o\u00f9 la d\u00e9co faisait plut\u00f4t l&rsquo;apologie des mat\u00e9riaux naturels, de l&rsquo;artisanat brut et d&rsquo;une certaine simplicit\u00e9.\u00a0Finis les int\u00e9rieurs lisses o\u00f9 rien ne d\u00e9passent, place \u00e0 un style affirm\u00e9 avec des couleurs vives, des lignes aussi graphiques qu&rsquo;oniriques et des accessoires d\u00e9co audacieux et d\u00e9cal\u00e9s qui interrogent celui qui les regarde.<\/p>\n<div style=\"text-align:center\">\n<figure class=\"image\" style=\"display:inline-block\"><img decoding=\"async\" alt=\"maison-et-objet\" src=\"https:\/\/img-3.journaldesfemmes.fr\/X_7lTY-JKt1XuVgVrgDKmd3Ex2Q=\/600x\/smart\/53c87bbe60404ce5b505c4a25c78355d\/ccmcms-jdf\/40013019.jpg\"\/><figcaption data-credit=\"Anne-Emmanuelle Thion\"><small>\u00a9\u00a0Anne-Emmanuelle Thion<\/small><\/figcaption><\/figure>\n<\/div>\n<p>C\u00f4t\u00e9 marques, la tendance est moins marqu\u00e9e, mais le changement fait son bout de chemin.\u00a0Si les lignes \u00e9pur\u00e9es, les couleurs neutres et le bois restent sur le devant de la sc\u00e8ne, des objets au caract\u00e8re bien tremp\u00e9s font leur apparition, fa\u00e7on cabinet de curiosit\u00e9 revisit\u00e9.\u00a0Il est alors question d&rsquo;apporter un peu plus d&rsquo;audace \u00e0 son int\u00e9rieur et de montrer sa personnalit\u00e9.\u00a0D&rsquo;ailleurs, la couleur rouge revient en force et souligne les d\u00e9cors les plus sages d&rsquo;un peu de pep&rsquo;s.\u00a0Rayures et carreaux viennent aussi dynamiser les ambiances sans faire de vagues et redonnent un peu de g\u00e9om\u00e9trie aux int\u00e9rieurs aux formes tr\u00e8s organiques. Le bois et la pierre ne sont plus les seuls \u00e0 r\u00e9gner c\u00f4t\u00e9 mobilier puisque le m\u00e9tal et les meubles laqu\u00e9s sont d\u00e9sormais en bonne place dans les all\u00e9es du salon. En bref, moins de M\u00e9diterran\u00e9e, plus de cr\u00e9ativit\u00e9.\u00a0Pr\u00e9parez-vous, le changement ne fait que commencer&#8230;<\/p>\n<\/p><\/div>\n<p>[ad_2]<br \/>\n<br \/><a href=\"https:\/\/deco.journaldesfemmes.fr\/styles-et-tendances\/3214154-au-salon-maison-objet-la-decoration-change-de-cap-et-en-met-plein-les-yeux\/\">Source link <\/a><\/p>\n","protected":false},"excerpt":{"rendered":"<p>[ad_1] Deux fois par an, le salon Maison &amp; Objet r\u00e9unit les acteurs de l&rsquo;univers de la maison et d\u00e9finit &hellip; <a href=\"http:\/\/www.affinite.fr\/index.php\/2025\/01\/20\/au-salon-maison-objet-la-decoration-change-de-cap-et-en-met-plein-les-yeux\/\" class=\"more-link\">Plus <span class=\"screen-reader-text\">Au salon Maison &#038; Objet, la d\u00e9coration change de cap et en met plein les yeux<\/span> <span class=\"meta-nav\">&rarr;<\/span><\/a><\/p>\n","protected":false},"author":1,"featured_media":11202,"comment_status":"","ping_status":"open","sticky":false,"template":"","format":"standard","meta":{"_sitemap_exclude":false,"_sitemap_priority":"","_sitemap_frequency":"","footnotes":""},"categories":[1],"tags":[],"class_list":["post-11201","post","type-post","status-publish","format-standard","has-post-thumbnail","hentry","category-tous"],"_links":{"self":[{"href":"http:\/\/www.affinite.fr\/index.php\/wp-json\/wp\/v2\/posts\/11201"}],"collection":[{"href":"http:\/\/www.affinite.fr\/index.php\/wp-json\/wp\/v2\/posts"}],"about":[{"href":"http:\/\/www.affinite.fr\/index.php\/wp-json\/wp\/v2\/types\/post"}],"author":[{"embeddable":true,"href":"http:\/\/www.affinite.fr\/index.php\/wp-json\/wp\/v2\/users\/1"}],"replies":[{"embeddable":true,"href":"http:\/\/www.affinite.fr\/index.php\/wp-json\/wp\/v2\/comments?post=11201"}],"version-history":[{"count":0,"href":"http:\/\/www.affinite.fr\/index.php\/wp-json\/wp\/v2\/posts\/11201\/revisions"}],"wp:featuredmedia":[{"embeddable":true,"href":"http:\/\/www.affinite.fr\/index.php\/wp-json\/wp\/v2\/media\/11202"}],"wp:attachment":[{"href":"http:\/\/www.affinite.fr\/index.php\/wp-json\/wp\/v2\/media?parent=11201"}],"wp:term":[{"taxonomy":"category","embeddable":true,"href":"http:\/\/www.affinite.fr\/index.php\/wp-json\/wp\/v2\/categories?post=11201"},{"taxonomy":"post_tag","embeddable":true,"href":"http:\/\/www.affinite.fr\/index.php\/wp-json\/wp\/v2\/tags?post=11201"}],"curies":[{"name":"wp","href":"https:\/\/api.w.org\/{rel}","templated":true}]}}