{"id":11177,"date":"2025-01-12T13:05:55","date_gmt":"2025-01-12T13:05:55","guid":{"rendered":"http:\/\/www.affinite.fr\/index.php\/2025\/01\/12\/ces-arbres-et-arbustes-a-baies-qui-vont-nous-rechauffer-cet-hiver-au-jardin\/"},"modified":"2025-01-12T13:05:55","modified_gmt":"2025-01-12T13:05:55","slug":"ces-arbres-et-arbustes-a-baies-qui-vont-nous-rechauffer-cet-hiver-au-jardin","status":"publish","type":"post","link":"http:\/\/www.affinite.fr\/index.php\/2025\/01\/12\/ces-arbres-et-arbustes-a-baies-qui-vont-nous-rechauffer-cet-hiver-au-jardin\/","title":{"rendered":"Ces arbres et arbustes \u00e0 baies qui vont nous r\u00e9chauffer cet hiver au jardin"},"content":{"rendered":"<p> [ad_1]<br \/>\n<\/p>\n<p>\n                Agr\u00e9ment\u00e9es de fruits d\u00e9coratifs, les branches de ces arbres et arbustes \u00e0 baie donnent des couleurs \u00e0 votre jardin. Pr\u00e9sentation de ceux qui n&rsquo;attendent que d&rsquo;\u00eatre plant\u00e9s chez vous cet hiver\u00a0!            <\/p>\n<div>\n<p>Si l&rsquo;on connait bien le <a href=\"https:\/\/www.journaldesfemmes.fr\/jardin\/encyclopedie-des-plantes\/1548948-houx-commun-plantation-taille-entretien\/\" title=\"Houx\">houx<\/a> (Ilex) et ses jolies baies rouges qui pointent le bout de leur nez pendant toute la saison hivernale, sachez qu&rsquo;il ne s&rsquo;agit pas du seul arbuste dont les fruits r\u00e9sistent bien au froid. Plusieurs vari\u00e9t\u00e9s peuvent aussi dynamiser le jardin gr\u00e2ce \u00e0 des petits fruits, color\u00e9s ou non. Voici cinq\u00a0arbres et <a href=\"https:\/\/www.journaldesfemmes.fr\/jardin\/encyclopedie-des-plantes\/2562250-arbustes\/\" title=\"Arbuste\">arbustes<\/a> que vous pourrez consid\u00e9rer pour \u00e9gayer vos ext\u00e9rieurs.<\/p>\n<h2>Aucuba japonica<\/h2>\n<div style=\"text-align:center\">\n<figure class=\"image\" style=\"display:inline-block\"><img decoding=\"async\" alt=\"Aucuba japonica\" src=\"https:\/\/img-3.journaldesfemmes.fr\/hVEBV4tzKicj7HrLMKg07JN4B98=\/1080x\/smart\/fd591e99f5b34f0aa0b8b037b42af43c\/ccmcms-jdf\/13013880.jpg\"\/><figcaption data-credit=\"PAVEL IARUNICHEV - 123RF\"><small>\u00a9\u00a0PAVEL IARUNICHEV &#8211; 123RF<\/small><\/figcaption><\/figure>\n<\/div>\n<p>Cet arbuste apportera de jolis fruits rouges de belle taille qui appara\u00eetront d\u00e8s l&rsquo;automne et persisteront durant une partie de l&rsquo;hiver. Il faut savoir que ce sont les plantes femelles qui portent les fruits, et il faudra donc qu&rsquo;un m\u00e2le se trouve dans les environs. Ces buissons appr\u00e9cient l&rsquo;ombre et les sols calcaires. Pour des feuilles originales, on choisira un clone \u00ab\u00a0Variegata\u00a0\u00bb.<\/p>\n<h2>Gaultheria mucronata<\/h2>\n<div style=\"text-align:center\">\n<figure class=\"image\" style=\"display:inline-block\"><img decoding=\"async\" alt=\"Gaultheria mucronata\" src=\"https:\/\/img-3.journaldesfemmes.fr\/OlNbYaKdRa99NElggK8T44y1kRE=\/1080x\/smart\/cd5c5238f8ac48a9af26dbadd23ab7c6\/ccmcms-jdf\/13013926.jpg\"\/><figcaption data-credit=\"Mihtiander - 123RF\"><small>\u00a9\u00a0Mihtiander &#8211; 123RF<\/small><\/figcaption><\/figure>\n<\/div>\n<p>Les sous-arbrisseaux femelles du Gaultheria mucronata ou Pernettya mucronata vous gratifieront de beaux fruits de couleur rose \u00e0 rouge. Les fruits r\u00e9sistent bien au gel et tiendront souvent jusqu&rsquo;\u00e0 la prochaine floraison en mai. Ornementaux, ils sont aussi appr\u00e9ci\u00e9s pour leur pousse facile \u00e0 l&rsquo;ombre \u00e0 condition que le sol ne soit pas calcaire.<\/p>\n<h2>Nandina domestica<\/h2>\n<p>Tr\u00e8s d\u00e9coratif, le Nandina domestica, aussi appel\u00e9 <a href=\"https:\/\/www.journaldesfemmes.fr\/jardin\/encyclopedie-des-plantes\/2651403-nandina-domestica-bambou-sacre\/\" title=\"Nandina domestica\">bambou sacr\u00e9<\/a>, est un buisson au feuillage persistant dont la couleur \u00e9volue au fil des saisons. Ses fruits sont abondants et restent g\u00e9n\u00e9ralement jusqu&rsquo;\u00e0 la floraison suivante en juillet. Attention tout de m\u00eame \u00e0 ne pas choisir une vari\u00e9t\u00e9 naine, car elles ne fructifient que tr\u00e8s peu. Pr\u00e9f\u00e9rez le planter dans un endroit abrit\u00e9 du vent, au soleil ou \u00e0 la mi-ombre.<\/p>\n<h2>Margousier<\/h2>\n<div style=\"text-align:center\">\n<figure class=\"image\" style=\"display:inline-block\"><img decoding=\"async\" alt=\"Margousier\" src=\"https:\/\/img-3.journaldesfemmes.fr\/c23KTauc_bK6CXD10Hx0xtZEz_k=\/1080x\/smart\/d0f4a8e03907467f9d5567e1ef5f3e5b\/ccmcms-jdf\/13014054.jpg\"\/><figcaption data-credit=\"Simona Pavan - 123RF\"><small>\u00a9\u00a0Simona Pavan &#8211; 123RF<\/small><\/figcaption><\/figure>\n<\/div>\n<p>Spectaculaire en hiver, le Melia azedarach ou margousier est un des rares arbres \u00e0 offrir des fruits blancs \u00e0 jaunes. De belles tailles, les boules persisteront du mois de mai jusqu&rsquo;\u00e0 la prochaine floraison. Les noyaux des fruits sont perc\u00e9s d&rsquo;un trou et ils pourront \u00eatre utilis\u00e9s comme des perles, ce qui lui vaut le surnom d'\u00a0\u00bbarbre \u00e0 chapelet\u00a0\u00bb. Il devra \u00eatre plant\u00e9 en plein soleil pour s&rsquo;\u00e9panouir.<\/p>\n<h2>Iris foetidissima<\/h2>\n<div style=\"text-align:center\">\n<figure class=\"image\" style=\"display:inline-block\"><img decoding=\"async\" alt=\"Iris foetidissima\" src=\"https:\/\/img-3.journaldesfemmes.fr\/jMmfh6-St3I2VX0UVARF8VsGtbk=\/1080x\/smart\/ee11a537f54b4536a956b92f62f1d755\/ccmcms-jdf\/13014185.jpg\"\/><figcaption data-credit=\"whiskybottle - 123RF\"><small>\u00a9\u00a0whiskybottle &#8211; 123RF<\/small><\/figcaption><\/figure>\n<\/div>\n<p>L&rsquo;<a href=\"https:\/\/www.journaldesfemmes.fr\/jardin\/encyclopedie-des-plantes\/2405192-iris\/\" title=\"Iris\">Iris<\/a> foetidissima ou iris gigot offre des fruits originaux qui \u00e9clatent et laissent apercevoir de\u00a0gros fruits orang\u00e9s qui persistent jusqu&rsquo;au milieu de l&rsquo;hiver. Il faudra planter l&rsquo;iris \u00e0 l&rsquo;ombre des arbustes pour qu&rsquo;il se d\u00e9veloppe \u00e0 son aise. Sachez qu&rsquo;il existe \u00e9galement des vari\u00e9t\u00e9s qui offrent des fruits blancs ou d&rsquo;autres noirs.\u00a0<\/p>\n<\/p><\/div>\n<p>[ad_2]<br \/>\n<br \/><a href=\"https:\/\/www.journaldesfemmes.fr\/jardin\/conseils-jardinage\/2604845-ces-arbres-et-arbustes-a-baies-qui-vont-nous-rechauffer-cet-hiver\/\">Source link <\/a><\/p>\n","protected":false},"excerpt":{"rendered":"<p>[ad_1] Agr\u00e9ment\u00e9es de fruits d\u00e9coratifs, les branches de ces arbres et arbustes \u00e0 baie donnent des couleurs \u00e0 votre jardin. &hellip; <a href=\"http:\/\/www.affinite.fr\/index.php\/2025\/01\/12\/ces-arbres-et-arbustes-a-baies-qui-vont-nous-rechauffer-cet-hiver-au-jardin\/\" class=\"more-link\">Plus <span class=\"screen-reader-text\">Ces arbres et arbustes \u00e0 baies qui vont nous r\u00e9chauffer cet hiver au jardin<\/span> <span class=\"meta-nav\">&rarr;<\/span><\/a><\/p>\n","protected":false},"author":1,"featured_media":11178,"comment_status":"","ping_status":"open","sticky":false,"template":"","format":"standard","meta":{"_sitemap_exclude":false,"_sitemap_priority":"","_sitemap_frequency":"","footnotes":""},"categories":[1],"tags":[],"class_list":["post-11177","post","type-post","status-publish","format-standard","has-post-thumbnail","hentry","category-tous"],"_links":{"self":[{"href":"http:\/\/www.affinite.fr\/index.php\/wp-json\/wp\/v2\/posts\/11177"}],"collection":[{"href":"http:\/\/www.affinite.fr\/index.php\/wp-json\/wp\/v2\/posts"}],"about":[{"href":"http:\/\/www.affinite.fr\/index.php\/wp-json\/wp\/v2\/types\/post"}],"author":[{"embeddable":true,"href":"http:\/\/www.affinite.fr\/index.php\/wp-json\/wp\/v2\/users\/1"}],"replies":[{"embeddable":true,"href":"http:\/\/www.affinite.fr\/index.php\/wp-json\/wp\/v2\/comments?post=11177"}],"version-history":[{"count":0,"href":"http:\/\/www.affinite.fr\/index.php\/wp-json\/wp\/v2\/posts\/11177\/revisions"}],"wp:featuredmedia":[{"embeddable":true,"href":"http:\/\/www.affinite.fr\/index.php\/wp-json\/wp\/v2\/media\/11178"}],"wp:attachment":[{"href":"http:\/\/www.affinite.fr\/index.php\/wp-json\/wp\/v2\/media?parent=11177"}],"wp:term":[{"taxonomy":"category","embeddable":true,"href":"http:\/\/www.affinite.fr\/index.php\/wp-json\/wp\/v2\/categories?post=11177"},{"taxonomy":"post_tag","embeddable":true,"href":"http:\/\/www.affinite.fr\/index.php\/wp-json\/wp\/v2\/tags?post=11177"}],"curies":[{"name":"wp","href":"https:\/\/api.w.org\/{rel}","templated":true}]}}