{"id":11157,"date":"2025-01-08T12:56:01","date_gmt":"2025-01-08T12:56:01","guid":{"rendered":"https:\/\/www.affinite.fr\/index.php\/2025\/01\/08\/jusqua-quel-age-vit-on-en-bonne-sante-en-france\/"},"modified":"2025-01-08T12:56:01","modified_gmt":"2025-01-08T12:56:01","slug":"jusqua-quel-age-vit-on-en-bonne-sante-en-france","status":"publish","type":"post","link":"http:\/\/www.affinite.fr\/index.php\/2025\/01\/08\/jusqua-quel-age-vit-on-en-bonne-sante-en-france\/","title":{"rendered":"Jusqu&rsquo;\u00e0 quel \u00e2ge vit-on en bonne sant\u00e9 en France\u00a0?"},"content":{"rendered":"<p> [ad_1]<br \/>\n<\/p>\n<p>\n                L&rsquo;esp\u00e9rance de vie en bonne sant\u00e9 augmente \u00e0 nouveau.            <\/p>\n<div>\n<aside class=\"ccmsummary marqueur_module ccmcss_cms_summary ccmcss_cms_summary--right\">\n<p>Sommaire<\/p>\n<\/aside>\n<p>En France, l&rsquo;<a href=\"https:\/\/sante.journaldesfemmes.fr\/fiches-sante-du-quotidien\/2881727-esperance-de-vie-en-france-les-nouveaux-chiffres-2024\/\" title=\"Esp\u00e9rance de vie\">esp\u00e9rance de vie<\/a> \u00e0 la naissance s&rsquo;allonge r\u00e9guli\u00e8rement. Mais ce n&rsquo;est pas le seul param\u00e8tre important, il y a aussi (et surtout) l&rsquo;esp\u00e9rance de vie en bonne sant\u00e9. Jusqu&rsquo;\u00e0 quel \u00e2ge on peut esp\u00e9rer vivre sans incapacit\u00e9 quand on nait en France ? Par rapport \u00e0 un autre pays europ\u00e9en ? Quand on est retrait\u00e9 ? Ces chiffres ont \u00e9t\u00e9 d\u00e9voil\u00e9s fin d\u00e9cembre 2024\u00a0par <a href=\"https:\/\/drees.solidarites-sante.gouv.fr\/publications-communique-de-presse\/etudes-et-resultats\/241231_ER_esperance-de-vie-sans-incapacite-65\" target=\"_blank\" rel=\"noopener\">l&rsquo;Institut national de la Statistique et des \u00e9tudes \u00e9conomiques<\/a> (INSEE) et\u00a0la Direction de la recherche, des \u00e9tudes, de l&rsquo;\u00e9valuation et des statistiques (DREES) qui d\u00e9pend du minist\u00e8re de la Sant\u00e9.\u00a0<\/p>\n<h2 id=\"definition--cest-quoi-lesperance-de-vie-en-bonne-sante-\">C&rsquo;est quoi l&rsquo;esp\u00e9rance de vie en bonne sant\u00e9 ?<\/h2>\n<p>Depuis les ann\u00e9es 1960, l'\u00a0\u00bbesp\u00e9rance de vie\u00a0\u00bb en bonne sant\u00e9 (\u00ab\u00a0l&rsquo;esp\u00e9rance de vie sans incapacit\u00e9\u00a0\u00bb ou \u00ab\u00a0esp\u00e9rance de sant\u00e9\u00a0\u00bb) est un indicateur social qui concerne\u00a0le bien-\u00eatre de la nation. Il correspond au\u00a0nombre d&rsquo;ann\u00e9es qu&rsquo;une personne peut compter vivre sans souffrir d&rsquo;incapacit\u00e9 dans les gestes de la vie quotidienne, d\u00e9finit la DRESS. Cet indicateur\u00a0est notamment pris\u00a0en compte dans l&rsquo;\u00e9valuation des politiques publiques.\u00a0Il fait partie des indicateurs retenus pour suivre la mise en \u0153uvre et l&rsquo;atteinte des objectifs de d\u00e9veloppement durable de l&rsquo;Agenda 2030\u00a0de l&rsquo;ONU. Le Directeur g\u00e9n\u00e9ral de l&rsquo;OMS en 1997 (lorsque l&rsquo;esp\u00e9rance de vie \u00ab\u00a0sans incapacit\u00e9\u00a0\u00bb a \u00e9t\u00e9 int\u00e9gr\u00e9e aux travaux de la Commission europ\u00e9enne et de l&rsquo;OCDE), le Dr Hiroshi Nakajima, indiquait que \u00ab\u00a0<em>l&rsquo;esp\u00e9rance de vie en bonne sant\u00e9 est plus importante que l&rsquo;esp\u00e9rance de vie [car] sans qualit\u00e9 de la vie, une long\u00e9vit\u00e9\u00a0accrue ne pr\u00e9sente gu\u00e8re d&rsquo;int\u00e9r\u00eat<\/em>\u00ab\u00a0, peut-on lire sur le site de l&rsquo;INSEE.<\/p>\n<h2 id=\"quel-est-lage-de-lesperance-de-vie-en-bonne-sante-chez-lhomme-en-france-\">Quel est l&rsquo;\u00e2ge d&rsquo;esp\u00e9rance de vie en bonne sant\u00e9 de l&rsquo;homme en France ?<\/h2>\n<p><span style=\"font-size: 16px;\">A<\/span><span style=\"font-size: 1rem;\">\u00a0la naissance, en France, les hommes peuvent esp\u00e9rer vivre 63,6\u00a0ans sans incapacit\u00e9 c&rsquo;est-\u00e0-dire en bonne sant\u00e9.\u00a0 L&rsquo;esp\u00e9rance de vie sans incapacit\u00e9 \u00e0 la naissance a augment\u00e9 depuis 2008, de 1 an et 10 mois pour les hommes.<\/span><\/p>\n<h2 id=\"quel-est-lage-de-lesperance-de-vie-en-bonne-sante-chez-la-femme-en-france\">Quel est l&rsquo;\u00e2ge d&rsquo;esp\u00e9rance de vie en bonne sant\u00e9 de la femme en France\u00a0?<\/h2>\n<p><span style=\"font-size: 16px;\">A<\/span><span style=\"font-size: 1rem;\">\u00a0la naissance, en France, les femmes peuvent esp\u00e9rer vivre <\/span>64.2 ans\u00a0<span style=\"font-size: 1rem;\">sans incapacit\u00e9 c&rsquo;est-\u00e0-dire en bonne sant\u00e9.\u00a0 L&rsquo;esp\u00e9rance de vie sans incapacit\u00e9 \u00e0 la naissance a augment\u00e9 depuis 2008, de 1 an et 11 mois pour les femmes.<\/span><\/p>\n<div style=\"text-align:center\">\n<figure class=\"image\" style=\"display:inline-block\"><a class=\"fancy\" href=\"https:\/\/img-3.journaldesfemmes.fr\/mKgNct4hJFzXzUQgxjc1FnW2Suo=\/1080x\/smart\/51c1d3a5ffe34915a8a91a3a6a51814a\/ccmcms-jdf\/40011478.png\"><img decoding=\"async\" alt=\"esperance-de-vie-france\" src=\"https:\/\/img-3.journaldesfemmes.fr\/2djj5xZgkxGhy_beBvwg51W2Lrw=\/600x\/smart\/51c1d3a5ffe34915a8a91a3a6a51814a\/ccmcms-jdf\/40011478.png\"\/><\/a><figcaption data-credit=\"DRESS\" data-legend=\"Esp\u00e9rance de vie de 2008 \u00e0 2023 en France\">Esp\u00e9rance de vie de 2008 \u00e0 2023 en France <small>\u00a9\u00a0DRESS<\/small><\/figcaption><\/figure>\n<\/div>\n<h2 id=\"quel-est-lage-desperance-de-vie-en-bonne-sante-a-60-ans-\">Quelle est\u00a0l&rsquo;esp\u00e9rance de vie en bonne sant\u00e9 \u00e0 65 ans ?<\/h2>\n<p>Selon les derni\u00e8res donn\u00e9es calcul\u00e9es sur 2023, \u00e0 65\u00a0ans, les femmes peuvent esp\u00e9rer vivre 12\u00a0ans sans incapacit\u00e9 (donc jusqu&rsquo;\u00e0 77 ans) et les hommes, 10,5\u00a0ans (75 ans et demi). Aussi, parmi les ann\u00e9es restant \u00e0 vivre \u00e0 65\u00a0ans, la part de celles qui seront v\u00e9cues sans incapacit\u00e9 cro\u00eet depuis 2008\u00a0: elle est pass\u00e9e entre 2008\u00a0et 2023, de 44,7\u00a0% \u00e0 50,8\u00a0% pour les femmes, et de 47,7\u00a0% \u00e0 52,9\u00a0% pour les hommes.<\/p>\n<h2 id=\"quelle-est-lesperance-de-vie-en-bonne-sante-en-europe-\">Quelle est l&rsquo;esp\u00e9rance de vie en bonne sant\u00e9 en Europe ?<\/h2>\n<p>En 2022 (ann\u00e9e la plus r\u00e9cente pour laquelle les donn\u00e9es sont disponibles), la France \u00e9tait le 5\u00e8me pays de l&rsquo;Union europ\u00e9enne\u00a0pour l&rsquo;esp\u00e9rance de vie sans incapacit\u00e9 des femmes \u00e0 65\u00a0ans, sup\u00e9rieure de 2\u00a0ans et 6\u00a0mois \u00e0 la moyenne europ\u00e9enne. Pour les hommes, la France se situe au 7eme rang de l&rsquo;UE, au-dessus de la moyenne europ\u00e9enne mais avec un \u00e9cart moindre (+1\u00a0an et 4\u00a0mois).\u00a0La France se situe \u00e9galement au-dessus de la moyenne europ\u00e9enne pour les esp\u00e9rances de vie sans incapacit\u00e9 \u00e0 la naissance des femmes (+2\u00a0ans et 5\u00a0mois) et des hommes (+1\u00a0an et 4\u00a0mois). Elle se situe respectivement au 9e et 10e rang dans l&rsquo;UE.<\/p>\n<p>L&rsquo;esp\u00e9rance de vie en bonne sant\u00e9 est calcul\u00e9e \u00e0 partir des donn\u00e9es\u00a0exhaustives de mortalit\u00e9 d&rsquo;un pays, par sexe et par \u00e2ge. Ces donn\u00e9es sont ensuite crois\u00e9es avec un autre param\u00e8tre, celui de l&rsquo;existence ou pas d&rsquo;une pathologie per\u00e7ue comme handicapante dans la dur\u00e9e par la personne atteinte, via une enqu\u00eate d\u00e9clarative qui consiste \u00e0 r\u00e9pondre \u00ab\u00a0Non\u00a0\u00bb, \u00ab\u00a0Un peu\u00a0\u00bb ou \u00ab\u00a0Fortement\u00a0\u00bb \u00e0 la question\u00a0<em>\u00ab\u00a0Etes-vous limit\u00e9(e), depuis au moins six mois, \u00e0 cause d&rsquo;un probl\u00e8me de sant\u00e9, dans les activit\u00e9s que les gens font habituellement\u00a0?\u00a0\u00bb. <\/em>De ce fait, l&rsquo;esp\u00e9rance de vie en bonne sant\u00e9 pr\u00e9sente des limites puisqu&rsquo;elle est li\u00e9e \u00e0 une appr\u00e9ciation en partie subjective.\u00a0<\/p>\n<\/p><\/div>\n<p>[ad_2]<br \/>\n<br \/><a href=\"https:\/\/sante.journaldesfemmes.fr\/fiches-sante-du-quotidien\/2879427-esperance-de-vie-en-bonne-sante-age-france-retraite\/\">Source link <\/a><\/p>\n","protected":false},"excerpt":{"rendered":"<p>[ad_1] L&rsquo;esp\u00e9rance de vie en bonne sant\u00e9 augmente \u00e0 nouveau. Sommaire En France, l&rsquo;esp\u00e9rance de vie \u00e0 la naissance s&rsquo;allonge &hellip; <a href=\"http:\/\/www.affinite.fr\/index.php\/2025\/01\/08\/jusqua-quel-age-vit-on-en-bonne-sante-en-france\/\" class=\"more-link\">Plus <span class=\"screen-reader-text\">Jusqu&rsquo;\u00e0 quel \u00e2ge vit-on en bonne sant\u00e9 en France\u00a0?<\/span> <span class=\"meta-nav\">&rarr;<\/span><\/a><\/p>\n","protected":false},"author":1,"featured_media":11158,"comment_status":"","ping_status":"open","sticky":false,"template":"","format":"standard","meta":{"_sitemap_exclude":false,"_sitemap_priority":"","_sitemap_frequency":"","footnotes":""},"categories":[1],"tags":[],"class_list":["post-11157","post","type-post","status-publish","format-standard","has-post-thumbnail","hentry","category-tous"],"_links":{"self":[{"href":"http:\/\/www.affinite.fr\/index.php\/wp-json\/wp\/v2\/posts\/11157"}],"collection":[{"href":"http:\/\/www.affinite.fr\/index.php\/wp-json\/wp\/v2\/posts"}],"about":[{"href":"http:\/\/www.affinite.fr\/index.php\/wp-json\/wp\/v2\/types\/post"}],"author":[{"embeddable":true,"href":"http:\/\/www.affinite.fr\/index.php\/wp-json\/wp\/v2\/users\/1"}],"replies":[{"embeddable":true,"href":"http:\/\/www.affinite.fr\/index.php\/wp-json\/wp\/v2\/comments?post=11157"}],"version-history":[{"count":0,"href":"http:\/\/www.affinite.fr\/index.php\/wp-json\/wp\/v2\/posts\/11157\/revisions"}],"wp:featuredmedia":[{"embeddable":true,"href":"http:\/\/www.affinite.fr\/index.php\/wp-json\/wp\/v2\/media\/11158"}],"wp:attachment":[{"href":"http:\/\/www.affinite.fr\/index.php\/wp-json\/wp\/v2\/media?parent=11157"}],"wp:term":[{"taxonomy":"category","embeddable":true,"href":"http:\/\/www.affinite.fr\/index.php\/wp-json\/wp\/v2\/categories?post=11157"},{"taxonomy":"post_tag","embeddable":true,"href":"http:\/\/www.affinite.fr\/index.php\/wp-json\/wp\/v2\/tags?post=11157"}],"curies":[{"name":"wp","href":"https:\/\/api.w.org\/{rel}","templated":true}]}}