{"id":11147,"date":"2025-01-05T12:53:25","date_gmt":"2025-01-05T12:53:25","guid":{"rendered":"http:\/\/www.affinite.fr\/index.php\/2025\/01\/05\/ils-vous-aident-a-mieux-jardiner-en-ce-premier-mois-de-lannee\/"},"modified":"2025-01-05T12:53:25","modified_gmt":"2025-01-05T12:53:25","slug":"ils-vous-aident-a-mieux-jardiner-en-ce-premier-mois-de-lannee","status":"publish","type":"post","link":"http:\/\/www.affinite.fr\/index.php\/2025\/01\/05\/ils-vous-aident-a-mieux-jardiner-en-ce-premier-mois-de-lannee\/","title":{"rendered":"ils vous aident \u00e0 mieux jardiner en ce premier mois de l&rsquo;ann\u00e9e"},"content":{"rendered":"<p> [ad_1]<br \/>\n<br \/><img decoding=\"async\" src=\"https:\/\/img-3.journaldesfemmes.fr\/sJmbqxk5b8tuX7RW-IfqE6nNlXM=\/1280x\/smart\/2372769435bc428dbbcad64325a6a024\/ccmcms-jdf\/12848603.jpg\" \/><\/p>\n<p>\n                Les dictons sont de pr\u00e9cieux alli\u00e9s pour planifier les gestes \u00e0 effectuer au jardin. M\u00eame si janvier n&rsquo;est pas le mois le plus anim\u00e9 \u00e0 l&rsquo;ext\u00e9rieur, ces proverbes traditionnels peuvent vous guider et vous donner un aper\u00e7u des caprices de la m\u00e9t\u00e9o \u00e0 venir.            <\/p>\n<div>\n<p>Les proverbes et dictons\u00a0des a\u00efeux peuvent vous apprendre bien plus que ce que vous croyez\u00a0sur notre environnement.\u00a0Au jardin, ils peuvent facilement donner le ton des gestes \u00e0 r\u00e9aliser ou non en fonction de la m\u00e9t\u00e9o.\u00a0Pas toujours \u00e0 prendre au pied de la lettre, ils vous\u00a0donneront n\u00e9anmoins mati\u00e8re \u00e0 r\u00e9flexion et vous laisseront tout le loisir d&rsquo;observer s&rsquo;ils se v\u00e9rifient ou non.\u00a0Les dictons ne sont pas seulement po\u00e9tiques, ils s&rsquo;appuient souvent sur des observations m\u00e9t\u00e9orologiques et agricoles transmises de g\u00e9n\u00e9ration en g\u00e9n\u00e9ration. Leur sagesse est un rappel que la nature suit ses cycles et qu&rsquo;il est important de respecter le rythme des saisons.<\/p>\n<p>En janvier, tous les dictons ou presque sont d&rsquo;accord : mieux vaut un mois de janvier rigoureux o\u00f9 la neige et le gel s&rsquo;invitent dans le jardin qu&rsquo;un mois doux et ensoleill\u00e9 ! Un v\u00e9ritable temps hivernal serait la garantie d&rsquo;un bel \u00e9t\u00e9 et de cultures abondantes,\u00a0comme en t\u00e9moignent ces maximes :<\/p>\n<ul>\n<li>\u00c0 janvier de neige et d&rsquo;eau succ\u00e8de un \u00e9t\u00e9 bon et beau.<\/li>\n<li>Janvier de givre, ann\u00e9e de fruits.<\/li>\n<li>Mieux vaut chien enrag\u00e9 que soleil en janvier.<\/li>\n<li>Gel\u00e9es en janvier, bl\u00e9 au grenier.<\/li>\n<\/ul>\n<p>Sachez \u00e9galement que selon le dicton, les douze premiers jours de janvier indiquent le temps qu&rsquo;il fera les douze mois de l&rsquo;ann\u00e9e.\u00a0Souvenez-vous donc bien de ce d\u00e9but d&rsquo;ann\u00e9e !<\/p>\n<p>Les dictons de janvier nous en disent aussi plus sur ce que l&rsquo;on peut faire au jardin en cette p\u00e9riode. Le conseil n\u00b01 ?\u00a0Mois de janvier laisse la terre se reposer.\u00a0Vous pouvez donc lever le pied sur les petits travaux et attendre de meilleurs jours. Ne vous reposez pas pour autant sur vos <a href=\"https:\/\/www.journaldesfemmes.fr\/jardin\/encyclopedie-des-plantes\/2406046-laurier\/\" title=\"Laurier commun\">lauriers<\/a>, car les dictons disent Pr\u00e9pare pour saint Marcel, tes graines nouvelles (16 janvier) et Mauvaise\u00a0herbe cro\u00eet toujours, m\u00eame en hiver.\u00a0Toujours selon le proverbe, Apr\u00e8s sainte Ang\u00e8le, le jardinier ne craint plus le gel (27 janvier) mais surveillez tout de m\u00eame la m\u00e9t\u00e9o !<\/p>\n<p>Observez votre jardin et ajustez vos gestes aux besoins sp\u00e9cifiques de vos plantes. Les dictons offrent une base int\u00e9ressante, mais rien ne remplace l&rsquo;exp\u00e9rience et l&rsquo;observation.<\/p>\n<\/p><\/div>\n<p>[ad_2]<br \/>\n<br \/><a href=\"https:\/\/www.journaldesfemmes.fr\/jardin\/jardinage\/2602362-ces-dictons-de-janvier-vont-vous-aider-a-mieux-jardiner\/\">Source link <\/a><\/p>\n","protected":false},"excerpt":{"rendered":"<p>[ad_1] Les dictons sont de pr\u00e9cieux alli\u00e9s pour planifier les gestes \u00e0 effectuer au jardin. M\u00eame si janvier n&rsquo;est pas &hellip; <a href=\"http:\/\/www.affinite.fr\/index.php\/2025\/01\/05\/ils-vous-aident-a-mieux-jardiner-en-ce-premier-mois-de-lannee\/\" class=\"more-link\">Plus <span class=\"screen-reader-text\">ils vous aident \u00e0 mieux jardiner en ce premier mois de l&rsquo;ann\u00e9e<\/span> <span class=\"meta-nav\">&rarr;<\/span><\/a><\/p>\n","protected":false},"author":1,"featured_media":11148,"comment_status":"","ping_status":"open","sticky":false,"template":"","format":"standard","meta":{"_sitemap_exclude":false,"_sitemap_priority":"","_sitemap_frequency":"","footnotes":""},"categories":[1],"tags":[],"class_list":["post-11147","post","type-post","status-publish","format-standard","has-post-thumbnail","hentry","category-tous"],"_links":{"self":[{"href":"http:\/\/www.affinite.fr\/index.php\/wp-json\/wp\/v2\/posts\/11147"}],"collection":[{"href":"http:\/\/www.affinite.fr\/index.php\/wp-json\/wp\/v2\/posts"}],"about":[{"href":"http:\/\/www.affinite.fr\/index.php\/wp-json\/wp\/v2\/types\/post"}],"author":[{"embeddable":true,"href":"http:\/\/www.affinite.fr\/index.php\/wp-json\/wp\/v2\/users\/1"}],"replies":[{"embeddable":true,"href":"http:\/\/www.affinite.fr\/index.php\/wp-json\/wp\/v2\/comments?post=11147"}],"version-history":[{"count":0,"href":"http:\/\/www.affinite.fr\/index.php\/wp-json\/wp\/v2\/posts\/11147\/revisions"}],"wp:featuredmedia":[{"embeddable":true,"href":"http:\/\/www.affinite.fr\/index.php\/wp-json\/wp\/v2\/media\/11148"}],"wp:attachment":[{"href":"http:\/\/www.affinite.fr\/index.php\/wp-json\/wp\/v2\/media?parent=11147"}],"wp:term":[{"taxonomy":"category","embeddable":true,"href":"http:\/\/www.affinite.fr\/index.php\/wp-json\/wp\/v2\/categories?post=11147"},{"taxonomy":"post_tag","embeddable":true,"href":"http:\/\/www.affinite.fr\/index.php\/wp-json\/wp\/v2\/tags?post=11147"}],"curies":[{"name":"wp","href":"https:\/\/api.w.org\/{rel}","templated":true}]}}