{"id":11143,"date":"2025-01-04T12:52:29","date_gmt":"2025-01-04T12:52:29","guid":{"rendered":"https:\/\/www.affinite.fr\/index.php\/2025\/01\/04\/vu-toutes-les-fois-ou-on-ma-faite-cocue\/"},"modified":"2025-01-04T12:52:29","modified_gmt":"2025-01-04T12:52:29","slug":"vu-toutes-les-fois-ou-on-ma-faite-cocue","status":"publish","type":"post","link":"http:\/\/www.affinite.fr\/index.php\/2025\/01\/04\/vu-toutes-les-fois-ou-on-ma-faite-cocue\/","title":{"rendered":"\u00ab\u00a0Vu toutes les fois o\u00f9 on m&rsquo;a faite cocue&#8230;\u00a0\u00bb"},"content":{"rendered":"<p> [ad_1]<br \/>\n<br \/><img decoding=\"async\" src=\"https:\/\/img-3.journaldesfemmes.fr\/VYPFdeNTRXk-l1rhwz9t0EdQsoU=\/1280x\/smart\/96f75e4e399244f3b32f2c65a91a0a47\/ccmcms-jdf\/40010799.jpg\" \/><\/p>\n<p>\n                No\u00e9mie Lenoir a r\u00e9v\u00e9l\u00e9 qu&rsquo;elle n&rsquo;avait jamais v\u00e9cu sous le m\u00eame toit avec un homme. Mais pourquoi l&rsquo;actrice de \u00ab\u00a0Ast\u00e9rix et Ob\u00e9lix\u00a0: Mission Cl\u00e9op\u00e2tre\u00a0\u00bb a-t-elle toujours habit\u00e9 seule\u00a0?            <\/p>\n<div>\n<p>No\u00e9mie Lenoir a beau avoir v\u00e9cu plusieurs longues relations, elle n&rsquo;a jamais habit\u00e9 avec un homme ! L&rsquo;actrice et mannequin, d\u00e9sormais \u00e2g\u00e9e de 45 ans, s&rsquo;est confi\u00e9e sans filtre sur sa vie intime sur le plateau de l&rsquo;\u00e9mission <em>Piquantes !<\/em> sur T\u00e9va.\u00a0<\/p>\n<h2>No\u00e9mie Lenoir n&rsquo;a jamais \u00ab\u00a0v\u00e9cu avec un homme\u00a0\u00bb !<\/h2>\n<p>\u00ab\u00a0<em>Je n&rsquo;ai jamais v\u00e9cu avec un homme. J&rsquo;ai toujours voulu habiter seule<\/em>\u00ab\u00a0, a-t-elle d&rsquo;abord l\u00e2ch\u00e9. La com\u00e9dienne n&rsquo;a m\u00eame jamais partag\u00e9 son quotidien avec les p\u00e8res de ses enfants, l&rsquo;ancien footballeur Claude Mak\u00e9l\u00e9l\u00e9 avec qui elle a eu son fils Kelyan, en 2005, et un autre homme dont elle tait le nom, p\u00e8re de sa fille de 9 ans, Tosca.\u00a0\u00ab\u00a0<em>Les seuls \u00eatres que je supporte 24 heures sur 24, 7 jours sur 7, ce sont mes enfants<\/em>\u00ab\u00a0, a-t-elle pr\u00e9cis\u00e9.<\/p>\n<p>Il faut dire que l&rsquo;actrice est tr\u00e8s \u00ab\u00a0<em>maniaque<\/em>\u00a0\u00bb et appr\u00e9cie que son espace soit rang\u00e9 d&rsquo;une certaine mani\u00e8re. En outre, elle ne supporterait pas de se \u00ab\u00a0<em>r\u00e9veiller tous les jours avec la m\u00eame t\u00eate d&rsquo;un homme ou une femme<\/em>\u00a0\u00bb et de ne pas \u00ab\u00a0<em>avoir de l&rsquo;espace la nuit<\/em>\u00ab\u00a0. Mais comment a-t-elle fait pour \u00ab\u00a0<em>g\u00e9rer ses enfants<\/em>\u00a0\u00bb lorsqu&rsquo;ils \u00e9taient plus jeunes et qu&rsquo;ils ne \u00ab\u00a0<em>faisaient pas leur nuit<\/em>\u00a0\u00bb ? \u00ab\u00a0<em>Je g\u00e8re toute seule<\/em>\u00ab\u00a0, a-t-elle simplement r\u00e9pondu.<\/p>\n<h2>No\u00e9mie Lenoir \u00ab\u00a0ne sait pas aimer\u00a0\u00bb : \u00ab\u00a0Je peux ne pas voir mon mec pendant six mois\u00a0\u00bb<\/h2>\n<p>Malgr\u00e9 tout, No\u00e9mie Lenoir assure qu&rsquo;elle n&rsquo;accepte que\u00a0les\u00a0relations exclusives.\u00a0\u00ab\u00a0<em>Enfin moi, oui, l&rsquo;autre, non. Vu toutes les fois o\u00f9 on m&rsquo;a faite cocue, je crois que je ne suis pas trop exclusive. Justement, c&rsquo;est peut-\u00eatre pour \u00e7a aussi, parce que j&rsquo;aime la distance\u00a0\u00bb,\u00a0<\/em>a-t-elle d\u00e9taill\u00e9.\u00a0Claude Mak\u00e9l\u00e9l\u00e9 avait d&rsquo;ailleurs r\u00e9v\u00e9l\u00e9 \u00e0 <em>Gala <\/em>qu&rsquo;il n&rsquo;avait \u00ab\u00a0<em>pas donn\u00e9<\/em>\u00a0\u00bb \u00e0 No\u00e9mie Lenoir \u00ab\u00a0<em>le grand amour qu&rsquo;elle m\u00e9ritait<\/em>\u00ab\u00a0.<\/p>\n<p>La com\u00e9dienne de 45 ans, avide d&rsquo;ind\u00e9pendance, a assur\u00e9 que la distance ne la d\u00e9rangeait pas : \u00ab\u00a0<em>Parfois, je ne peux pas voir mon mec pendant trois mois. Quand j&rsquo;habitais \u00e0 New-York, il habitait \u00e0 Londres, et parfois je ne le voyais pas pendant six mois\u00a0\u00bb.\u00a0\u00a0<\/em><\/p>\n<p>No\u00e9mie Lenoir avait d\u00e9j\u00e0 r\u00e9v\u00e9l\u00e9 dans le podcast de <a href=\"https:\/\/www.journaldesfemmes.fr\/people\/personnalites\/2722233-sophie-davant\/\" title=\"Sophie Davant\">Sophie Davant<\/a>, <em>Ravie de vous rencontrer<\/em>, qu&rsquo;elle ne \u00ab\u00a0<em>savait pas aimer<\/em>\u00ab\u00a0. Et de pr\u00e9ciser :\u00a0\u00ab\u00a0<em>Je sais aimer mes enfants, ma famille, je sais aimer mes amis mais j&rsquo;ai toujours eu ce probl\u00e8me de montrer (mon) amour pour un homme et donc de \u00ab\u00a0garder un homme\u00a0\u00bb.<\/em><\/p>\n<\/p><\/div>\n<p>[ad_2]<br \/>\n<br \/><a href=\"https:\/\/www.journaldesfemmes.fr\/people\/actus\/3212386-noemie-lenoir-vie-privee-couple\/\">Source link <\/a><\/p>\n","protected":false},"excerpt":{"rendered":"<p>[ad_1] No\u00e9mie Lenoir a r\u00e9v\u00e9l\u00e9 qu&rsquo;elle n&rsquo;avait jamais v\u00e9cu sous le m\u00eame toit avec un homme. Mais pourquoi l&rsquo;actrice de &hellip; <a href=\"http:\/\/www.affinite.fr\/index.php\/2025\/01\/04\/vu-toutes-les-fois-ou-on-ma-faite-cocue\/\" class=\"more-link\">Plus <span class=\"screen-reader-text\">\u00ab\u00a0Vu toutes les fois o\u00f9 on m&rsquo;a faite cocue&#8230;\u00a0\u00bb<\/span> <span class=\"meta-nav\">&rarr;<\/span><\/a><\/p>\n","protected":false},"author":1,"featured_media":11144,"comment_status":"","ping_status":"open","sticky":false,"template":"","format":"standard","meta":{"_sitemap_exclude":false,"_sitemap_priority":"","_sitemap_frequency":"","footnotes":""},"categories":[1],"tags":[],"class_list":["post-11143","post","type-post","status-publish","format-standard","has-post-thumbnail","hentry","category-tous"],"_links":{"self":[{"href":"http:\/\/www.affinite.fr\/index.php\/wp-json\/wp\/v2\/posts\/11143"}],"collection":[{"href":"http:\/\/www.affinite.fr\/index.php\/wp-json\/wp\/v2\/posts"}],"about":[{"href":"http:\/\/www.affinite.fr\/index.php\/wp-json\/wp\/v2\/types\/post"}],"author":[{"embeddable":true,"href":"http:\/\/www.affinite.fr\/index.php\/wp-json\/wp\/v2\/users\/1"}],"replies":[{"embeddable":true,"href":"http:\/\/www.affinite.fr\/index.php\/wp-json\/wp\/v2\/comments?post=11143"}],"version-history":[{"count":0,"href":"http:\/\/www.affinite.fr\/index.php\/wp-json\/wp\/v2\/posts\/11143\/revisions"}],"wp:featuredmedia":[{"embeddable":true,"href":"http:\/\/www.affinite.fr\/index.php\/wp-json\/wp\/v2\/media\/11144"}],"wp:attachment":[{"href":"http:\/\/www.affinite.fr\/index.php\/wp-json\/wp\/v2\/media?parent=11143"}],"wp:term":[{"taxonomy":"category","embeddable":true,"href":"http:\/\/www.affinite.fr\/index.php\/wp-json\/wp\/v2\/categories?post=11143"},{"taxonomy":"post_tag","embeddable":true,"href":"http:\/\/www.affinite.fr\/index.php\/wp-json\/wp\/v2\/tags?post=11143"}],"curies":[{"name":"wp","href":"https:\/\/api.w.org\/{rel}","templated":true}]}}