{"id":11125,"date":"2024-12-29T12:44:14","date_gmt":"2024-12-29T12:44:14","guid":{"rendered":"http:\/\/www.affinite.fr\/index.php\/2024\/12\/29\/ma-mere-na-pas-pu-dormir-pendant-une-semaine\/"},"modified":"2024-12-29T12:44:14","modified_gmt":"2024-12-29T12:44:14","slug":"ma-mere-na-pas-pu-dormir-pendant-une-semaine","status":"publish","type":"post","link":"http:\/\/www.affinite.fr\/index.php\/2024\/12\/29\/ma-mere-na-pas-pu-dormir-pendant-une-semaine\/","title":{"rendered":"\u00ab\u00a0Ma m\u00e8re n&rsquo;a pas pu dormir pendant une semaine\u00a0\u00bb"},"content":{"rendered":"<p> [ad_1]<br \/>\n<br \/><img decoding=\"async\" src=\"https:\/\/img-3.journaldesfemmes.fr\/YXzjhZ8L6Lep_T6JSEGeJfy5kTc=\/1280x\/smart\/b47f5f9aee4844d882094714c8b5ee69\/ccmcms-jdf\/40010087.jpg\" \/><\/p>\n<p>\n                Jean-Luc Reichmann a, sans le vouloir, traumatis\u00e9 sa m\u00e8re \u00e0 la t\u00e9l\u00e9vision. L&rsquo;animateur de 64\u00a0ans avait feint sa mort pour les besoins d&rsquo;une c\u00e9l\u00e8bre s\u00e9rie&#8230;            <\/p>\n<div>\n<p><a href=\"https:\/\/www.journaldesfemmes.fr\/people\/personnalites\/2717395-jean-luc-reichmann\/\" title=\"Jean-Luc Reichmann\">Jean-Luc Reichmann<\/a> est un animateur hors-pair depuis ses d\u00e9buts \u00e0 la radio dans les ann\u00e9es 80. Mais il a \u00e9galement prouv\u00e9 ses talents de com\u00e9dien \u00e0 de nombreuses reprises, notamment dans la s\u00e9rie <em>L\u00e9o Matte\u00ef, la brigade des mineurs\u00a0<\/em>dont la 11e saison a \u00e9t\u00e9 diffus\u00e9e r\u00e9cemment sur TF1. Le pr\u00e9sentateur des <em>Douze Coups de Midi\u00a0<\/em>avait \u00e9galement jou\u00e9 dans un \u00e9pisode d&rsquo;un c\u00e9l\u00e8bre feuilleton des ann\u00e9es 90. Mais son r\u00f4le avait, \u00e0 l&rsquo;\u00e9poque, traumatis\u00e9 sa m\u00e8re.<\/p>\n<h2>Jean-Luc Reichmann \u00ab\u00a0mort \u00e0 la t\u00e9l\u00e9\u00a0\u00bb : cet \u00e9pisode qui a traumatis\u00e9 sa m\u00e8re<\/h2>\n<p>En 1992, Jean-Luc Reichmann faisait sa \u00ab\u00a0<em>premi\u00e8re apparition en tant que com\u00e9dien<\/em>\u00a0\u00bb dans un \u00e9pisode de la s\u00e9rie <em>Navarro<\/em>, aux c\u00f4t\u00e9s de Roger Hanin. Si ce r\u00f4le \u00e9tait une v\u00e9ritable opportunit\u00e9 pour lui, l&rsquo;exp\u00e9rience n&rsquo;a pas forc\u00e9ment \u00e9t\u00e9 simple \u00e0 vivre.\u00a0Et pour cause, dans la s\u00e9rie, celui-ci campait un meurtrier\u2026 qui se retrouvait lui-m\u00eame tu\u00e9 par balles ! \u00ab\u00a0<em>Ma m\u00e8re n&rsquo;avait pas pu dormir pendant une semaine en me voyant mort \u00e0 la t\u00e9l\u00e9<\/em>\u00ab\u00a0, s&rsquo;est-il r\u00e9cemment rem\u00e9mor\u00e9 sur son compte Twitter, en postant un extrait de l&rsquo;\u00e9pisode.<\/p>\n<div class=\"ccminsert\">\n<div class=\"jEmbedTagPlaceholder twitter-placeholder\"><template data-type=\"embedtag\" data-tagname=\"twitter\"><\/p>\n<blockquote class=\"twitter-tweet\" data-media-max-width=\"560\">\n<p dir=\"ltr\" lang=\"fr\">Ma premi\u00e8re apparition en tant que com\u00e9dien en 1992 aux c\u00f4t\u00e9s de Roger Hanin dans Navaro<br \/>Ma m\u00e8re navait pas pu dormir pendant une semaine en me voyant mort \u00e0 la t\u00e9l\u00e9 . <a href=\"https:\/\/twitter.com\/TF1?ref_src=twsrc%5Etfw\">@TF1<\/a> <a href=\"https:\/\/twitter.com\/hashtag\/navaro?src=hash&amp;ref_src=twsrc%5Etfw\">#navaro<\/a> <a href=\"https:\/\/t.co\/2K1yHae1sm\">pic.twitter.com\/2K1yHae1sm<\/a><\/p>\n<p>\u2014 Jean-Luc Reichmann (@JL_Reichmann) <a href=\"https:\/\/twitter.com\/JL_Reichmann\/status\/1868348222676303936?ref_src=twsrc%5Etfw\">December 15, 2024<\/a><\/p><\/blockquote>\n<p><\/template><\/div>\n<\/div>\n<p>Sa m\u00e8re a mis du temps pour se remettre du choc de voir son fils feindre la mort \u00e0 la t\u00e9l\u00e9vision. \u00ab\u00a0<em>\u00c7a a \u00e9t\u00e9 une prise de panique pour maman \u00e0 l&rsquo;\u00e9poque. C&rsquo;\u00e9tait mon premier r\u00f4le et elle m&rsquo;a dit\u00a0: &lsquo;Mais je t&rsquo;ai vu mort\u00a0!&rsquo; <\/em>(\u2026) <em>Je lui ai dit\u00a0: &lsquo;Mais maman, c&rsquo;est de la fiction.&rsquo; C&rsquo;\u00e9tait \u00e9tonnant<\/em>\u00ab\u00a0, avait-il \u00e9galement confi\u00e9 sur le plateau de l&rsquo;\u00e9mission<em> C l&rsquo;hebdo.<\/em><\/p>\n<h2>Jean-Luc Reichmann, pr\u00eat \u00e0 tirer un trait sur le m\u00e9tier d&rsquo;acteur ?<\/h2>\n<p>Si Jean-Luc Reichmann endosse avec brio l&rsquo;habit d&rsquo;animateur des <em>Douze Coups de Midi<\/em>, qui cartonne sur TF1, il ne compte pas pour autant renoncer \u00e0 son m\u00e9tier d&rsquo;acteur.\u00a0<em>\u00ab\u00a0J&rsquo;aime dire que la vie est une grande f\u00eate foraine, autant essayer tous les man\u00e8ges. Que ce soit au Scrabble, au backgammon ou \u00e0 l&rsquo;\u00e9cran, j&rsquo;aime jouer\u00a0\u00bb<\/em>, avait-il confi\u00e9 \u00e0 <em>T\u00e9l\u00e9 7 Jours.<\/em><\/p>\n<p>L&rsquo;animateur vient d&rsquo;ailleurs de tourner six \u00e9pisodes \u00e0 Marseille de la s\u00e9rie L\u00e9o Matte\u00ef, \u00ab\u00a0<em>pour d\u00e9fendre \u00e9videmment la cause des enfants et pour faire de la pr\u00e9vention sur tous ces pr\u00e9dateurs<\/em>\u00ab\u00a0, avait-il expliqu\u00e9 dans <em>C L&rsquo;hebdo<\/em>. Pour cette 12e saison, il a d&rsquo;ailleurs r\u00e9v\u00e9l\u00e9 que <a href=\"https:\/\/www.journaldesfemmes.fr\/people\/mareva-galanter\/\" title=\"Mareva Galanter\">Mareva Galanter<\/a> et Karine Ferri seraient au casting&#8230;<\/p>\n<\/p><\/div>\n<p><script async src=\"http:\/\/platform.twitter.com\/widgets.js\" charset=\"utf-8\"><\/script><br \/>\n<br \/>[ad_2]<br \/>\n<br \/><a href=\"https:\/\/www.journaldesfemmes.fr\/people\/actus\/3211916-jean-luc-reichmann-mort-tele\/\">Source link <\/a><\/p>\n","protected":false},"excerpt":{"rendered":"<p>[ad_1] Jean-Luc Reichmann a, sans le vouloir, traumatis\u00e9 sa m\u00e8re \u00e0 la t\u00e9l\u00e9vision. L&rsquo;animateur de 64\u00a0ans avait feint sa mort &hellip; <a href=\"http:\/\/www.affinite.fr\/index.php\/2024\/12\/29\/ma-mere-na-pas-pu-dormir-pendant-une-semaine\/\" class=\"more-link\">Plus <span class=\"screen-reader-text\">\u00ab\u00a0Ma m\u00e8re n&rsquo;a pas pu dormir pendant une semaine\u00a0\u00bb<\/span> <span class=\"meta-nav\">&rarr;<\/span><\/a><\/p>\n","protected":false},"author":1,"featured_media":11126,"comment_status":"","ping_status":"open","sticky":false,"template":"","format":"standard","meta":{"_sitemap_exclude":false,"_sitemap_priority":"","_sitemap_frequency":"","footnotes":""},"categories":[1],"tags":[],"class_list":["post-11125","post","type-post","status-publish","format-standard","has-post-thumbnail","hentry","category-tous"],"_links":{"self":[{"href":"http:\/\/www.affinite.fr\/index.php\/wp-json\/wp\/v2\/posts\/11125"}],"collection":[{"href":"http:\/\/www.affinite.fr\/index.php\/wp-json\/wp\/v2\/posts"}],"about":[{"href":"http:\/\/www.affinite.fr\/index.php\/wp-json\/wp\/v2\/types\/post"}],"author":[{"embeddable":true,"href":"http:\/\/www.affinite.fr\/index.php\/wp-json\/wp\/v2\/users\/1"}],"replies":[{"embeddable":true,"href":"http:\/\/www.affinite.fr\/index.php\/wp-json\/wp\/v2\/comments?post=11125"}],"version-history":[{"count":0,"href":"http:\/\/www.affinite.fr\/index.php\/wp-json\/wp\/v2\/posts\/11125\/revisions"}],"wp:featuredmedia":[{"embeddable":true,"href":"http:\/\/www.affinite.fr\/index.php\/wp-json\/wp\/v2\/media\/11126"}],"wp:attachment":[{"href":"http:\/\/www.affinite.fr\/index.php\/wp-json\/wp\/v2\/media?parent=11125"}],"wp:term":[{"taxonomy":"category","embeddable":true,"href":"http:\/\/www.affinite.fr\/index.php\/wp-json\/wp\/v2\/categories?post=11125"},{"taxonomy":"post_tag","embeddable":true,"href":"http:\/\/www.affinite.fr\/index.php\/wp-json\/wp\/v2\/tags?post=11125"}],"curies":[{"name":"wp","href":"https:\/\/api.w.org\/{rel}","templated":true}]}}