{"id":11121,"date":"2024-12-28T12:43:03","date_gmt":"2024-12-28T12:43:03","guid":{"rendered":"https:\/\/www.affinite.fr\/index.php\/2024\/12\/28\/cyril-feraud-la-grosse-tete-exigeant-ou-agace-parfois-mais\/"},"modified":"2024-12-28T12:43:03","modified_gmt":"2024-12-28T12:43:03","slug":"cyril-feraud-la-grosse-tete-exigeant-ou-agace-parfois-mais","status":"publish","type":"post","link":"http:\/\/www.affinite.fr\/index.php\/2024\/12\/28\/cyril-feraud-la-grosse-tete-exigeant-ou-agace-parfois-mais\/","title":{"rendered":"Cyril F\u00e9raud, la grosse t\u00eate\u00a0? \u00ab\u00a0Exigeant ou agac\u00e9 parfois mais&#8230;\u00a0\u00bb"},"content":{"rendered":"<p> [ad_1]<br \/>\n<br \/><img decoding=\"async\" src=\"https:\/\/img-3.journaldesfemmes.fr\/RiXyoQEQgEHYWdE8sgibUXnt5t8=\/1280x\/smart\/e16eb75261904cdcab9bc5cba647c7b1\/ccmcms-jdf\/40009934.jpg\" \/><\/p>\n<p>\n                Il est devenu l&rsquo;incontournable du PAF mais ce succ\u00e8s est-il mont\u00e9 \u00e0 la t\u00eate de Cyril F\u00e9raud\u00a0? L&rsquo;animateur de \u00ab\u00a0The Floor\u00a0\u00bb \u00e9voque sans mentir comment il g\u00e8re la notori\u00e9t\u00e9.            <\/p>\n<div>\n<p>Les t\u00e9l\u00e9spectateurs\u00a0le retrouvent d\u00e9sormais tous les midis aux commandes du jeu <em>Tout le monde veut prendre sa place <\/em>mais <a href=\"https:\/\/www.journaldesfemmes.fr\/people\/personnalites\/2902949-cyril-feraud-salaire-couple-emissions-biographie-dimanche-a-la-campagne\/\" title=\"Cyril F\u00e9raud\">Cyril F\u00e9raud<\/a> continue en parall\u00e8le d&rsquo;animer plusieurs \u00e9missions de <em>prime time<\/em>. Ce samedi 28 d\u00e9cembre, c&rsquo;est dans<em> The Floor <\/em>qu&rsquo;on peut le voir sur France 2.<\/p>\n<h2>Cyril F\u00e9raud face \u00e0 la notori\u00e9t\u00e9 : comment il g\u00e8re<\/h2>\n<p>Depuis ses d\u00e9buts \u00e0 la t\u00e9l\u00e9vision il y a d\u00e9j\u00e0 20 ans, sur Disney Channel, Cyril F\u00e9raud a fait du chemin ! L&rsquo;animateur aujourd&rsquo;hui \u00e2g\u00e9 de 39 ans affiche sur son CV une liste d&rsquo;\u00e9missions longue comme un bras : <em>Slam<\/em>, <em>Duels en familles<\/em>, <em>La Carte aux tr\u00e9sors<\/em> ou encore <em>100% logique<\/em>&#8230;\u00a0Il est donc aujourd&rsquo;hui une vedette du PAF et le grand public l&rsquo;adore ; il a d\u00e9croch\u00e9 l&rsquo;an dernier la 10e place du classement des animateurs pr\u00e9f\u00e9r\u00e9s des Fran\u00e7ais de <em>TV Mag<\/em>.\u00a0Au point que cela impacte sa vie quotidienne ?\u00a0<\/p>\n<p>Aupr\u00e8s de <a href=\"https:\/\/www.closermag.fr\/culture\/interview-cyril-feraud-je-ne-lache-pas-beaucoup-prise-mais-je-lutte-contre-ce-besoin-de-tout-controler-3358515\" target=\"_blank\" rel=\"noopener\"><em>Closer<\/em><\/a>, il a \u00e9voqu\u00e9 le revers de la notori\u00e9t\u00e9 :\u00a0\u00ab\u00a0<em>C&rsquo;est de ne pas vraiment pouvoir acheter son pain le week-end, visiter un mus\u00e9e ou aller au cin\u00e9ma sans avoir une casquette viss\u00e9e sur la t\u00eate. Mais je ne vais certainement pas me plaindre car 99,9\u00a0% du temps, je ne re\u00e7ois que des remarques positives<\/em>.\u00a0\u00bb Mais, aujourd&rsquo;hui qu&rsquo;il est devenu papa d&rsquo;un petit gar\u00e7on pr\u00e9nomm\u00e9 Tim, on imagine qu&rsquo;il fait encore plus attention dans la rue \u00e0 ne pas \u00eatre victime de photos vol\u00e9es.<\/p>\n<h2>Cyril F\u00e9raud a-t-il pris la grosse t\u00eate ?<\/h2>\n<p>Animateur mais aussi producteur &#8211; il a fond\u00e9 la soci\u00e9t\u00e9 de production audiovisuelle CyrilProd &#8211; il traverse\u00a0une extraordinaire p\u00e9riode professionnelle. Et bien d&rsquo;autres \u00e0 la t\u00e9l\u00e9 auraient pris le melon&#8230; Et lui ? \u00ab\u00a0<em>Non, parce que j&rsquo;ai toujours les m\u00eames potes depuis l&rsquo;enfance et qu&rsquo;ils ne sont pas du tout dans le milieu de la t\u00e9l\u00e9. Et puis je viens d&rsquo;une famille qui n&rsquo;a rien \u00e0 voir non plus avec ce milieu. Ma m\u00e8re ne me laisserait jamais mal parler \u00e0 quelqu&rsquo;un<\/em>\u00ab\u00a0, dit-il.<\/p>\n<p>Cyril F\u00e9raud, qui continue d&rsquo;entretenir le myst\u00e8re sur sa vie amoureuse, ajoute aupr\u00e8s de <em>Closer <\/em>:\u00a0\u00ab\u00a0<em>Je pense qu&rsquo;aucune personne qui gravite autour de moi dans le boulot ne pourra dire que je lui ai d\u00e9j\u00e0 manqu\u00e9 de respect. Ce qui ne m&#8217;emp\u00eache pas d&rsquo;\u00eatre exigeant ou agac\u00e9 parfois. Mais \u00e7a reste un m\u00e9tier de plaisir<\/em>.\u00a0\u00bb<\/p>\n<\/p><\/div>\n<p>[ad_2]<br \/>\n<br \/><a href=\"https:\/\/www.journaldesfemmes.fr\/people\/actus\/3211810-cyril-feraud-la-grosse-tete-exigeant-ou-agace-parfois-mais\/\">Source link <\/a><\/p>\n","protected":false},"excerpt":{"rendered":"<p>[ad_1] Il est devenu l&rsquo;incontournable du PAF mais ce succ\u00e8s est-il mont\u00e9 \u00e0 la t\u00eate de Cyril F\u00e9raud\u00a0? L&rsquo;animateur de &hellip; <a href=\"http:\/\/www.affinite.fr\/index.php\/2024\/12\/28\/cyril-feraud-la-grosse-tete-exigeant-ou-agace-parfois-mais\/\" class=\"more-link\">Plus <span class=\"screen-reader-text\">Cyril F\u00e9raud, la grosse t\u00eate\u00a0? \u00ab\u00a0Exigeant ou agac\u00e9 parfois mais&#8230;\u00a0\u00bb<\/span> <span class=\"meta-nav\">&rarr;<\/span><\/a><\/p>\n","protected":false},"author":1,"featured_media":11122,"comment_status":"","ping_status":"open","sticky":false,"template":"","format":"standard","meta":{"_sitemap_exclude":false,"_sitemap_priority":"","_sitemap_frequency":"","footnotes":""},"categories":[1],"tags":[],"class_list":["post-11121","post","type-post","status-publish","format-standard","has-post-thumbnail","hentry","category-tous"],"_links":{"self":[{"href":"http:\/\/www.affinite.fr\/index.php\/wp-json\/wp\/v2\/posts\/11121"}],"collection":[{"href":"http:\/\/www.affinite.fr\/index.php\/wp-json\/wp\/v2\/posts"}],"about":[{"href":"http:\/\/www.affinite.fr\/index.php\/wp-json\/wp\/v2\/types\/post"}],"author":[{"embeddable":true,"href":"http:\/\/www.affinite.fr\/index.php\/wp-json\/wp\/v2\/users\/1"}],"replies":[{"embeddable":true,"href":"http:\/\/www.affinite.fr\/index.php\/wp-json\/wp\/v2\/comments?post=11121"}],"version-history":[{"count":0,"href":"http:\/\/www.affinite.fr\/index.php\/wp-json\/wp\/v2\/posts\/11121\/revisions"}],"wp:featuredmedia":[{"embeddable":true,"href":"http:\/\/www.affinite.fr\/index.php\/wp-json\/wp\/v2\/media\/11122"}],"wp:attachment":[{"href":"http:\/\/www.affinite.fr\/index.php\/wp-json\/wp\/v2\/media?parent=11121"}],"wp:term":[{"taxonomy":"category","embeddable":true,"href":"http:\/\/www.affinite.fr\/index.php\/wp-json\/wp\/v2\/categories?post=11121"},{"taxonomy":"post_tag","embeddable":true,"href":"http:\/\/www.affinite.fr\/index.php\/wp-json\/wp\/v2\/tags?post=11121"}],"curies":[{"name":"wp","href":"https:\/\/api.w.org\/{rel}","templated":true}]}}