{"id":11113,"date":"2024-12-24T12:34:14","date_gmt":"2024-12-24T12:34:14","guid":{"rendered":"https:\/\/www.affinite.fr\/index.php\/2024\/12\/24\/renaud-entoure-de-lolita-et-malone-pour-loccasion\/"},"modified":"2024-12-24T12:34:14","modified_gmt":"2024-12-24T12:34:14","slug":"renaud-entoure-de-lolita-et-malone-pour-loccasion","status":"publish","type":"post","link":"http:\/\/www.affinite.fr\/index.php\/2024\/12\/24\/renaud-entoure-de-lolita-et-malone-pour-loccasion\/","title":{"rendered":"Renaud, entour\u00e9 de Lolita et Malone pour l&rsquo;occasion\u00a0?"},"content":{"rendered":"<p> [ad_1]<br \/>\n<br \/><img decoding=\"async\" src=\"https:\/\/img-3.journaldesfemmes.fr\/Jf9nlW1mHRJWKPSvgT0JtlS5W4I=\/1280x\/smart\/1297e384abab4cd5befd95ade9256ea1\/ccmcms-jdf\/40009857.jpg\" \/><\/p>\n<p>\n                Alors qu&rsquo;il a donn\u00e9 la derni\u00e8re date de sa d\u00e9cri\u00e9e tourn\u00e9e, Renaud va pouvoir souffler un peu. Et, pour No\u00ebl, le chanteur a d\u00e9j\u00e0 tout pr\u00e9vu.            <\/p>\n<div>\n<p>Malgr\u00e9 les critiques et les moqueries sur sa voix presque inaudible, <a href=\"https:\/\/www.journaldesfemmes.fr\/people\/personnalites\/2813331-renaud-age-compagne-sante-alcool\/\" title=\"Renaud Pierre Manuel S\u00e9chan\">Renaud<\/a> a donn\u00e9 131 concerts pour sa tourn\u00e9e\u00a0<em>Dans mes cordes<\/em>, laquelle a pris fin le 21 d\u00e9cembre, \u00e0 Deauville. D\u00e9sormais, le chanteur aujourd&rsquo;hui \u00e2g\u00e9 de 72 ans va pouvoir se reposer. En famille ? Il r\u00e9pond.<\/p>\n<h2>Comment Renaud va f\u00eater No\u00ebl ?\u00a0<\/h2>\n<p>Interrog\u00e9 par le journal <a href=\"https:\/\/www.leparisien.fr\/culture-loisirs\/son-public-sa-sante-son-prochain-album-renaud-se-confie-apres-sa-tournee-de-131-concerts-22-12-2024-HNTVHREFCBADTETPHM62ZOOL6M.php\" target=\"_blank\" rel=\"noopener\"><em>Le Parisien<\/em><\/a> en marge de son ultime repr\u00e9sentation, Renaud a \u00e9voqu\u00e9 l&rsquo;apr\u00e8s tourn\u00e9e. \u00ab\u00a0<em>Malone n&rsquo;est pas l\u00e0 ce soir, h\u00e9las. Mais on va f\u00eater No\u00ebl en famille, avec Cerise <\/em>[sa nouvelle femme qu&rsquo;il a \u00e9pous\u00e9e en mai dernier, ndlr]<em>, Dominique mon ex-femme, Lolita, mon fils Malone le lendemain. Apr\u00e8s, repos<\/em>\u00ab\u00a0, a fait savoir l&rsquo;interpr\u00e8te de <em>Mistral gagnant<\/em>. Alors que sa fille a\u00een\u00e9e n&rsquo;avait pas assist\u00e9 \u00e0 son remariage, sa pr\u00e9sence \u00e0 ses c\u00f4t\u00e9s pour les f\u00eates de fin d&rsquo;ann\u00e9e vient tordre le cou aux rumeurs de brouille entre eux.<\/p>\n<p>Quant \u00e0 son fils Malone, d\u00e9sormais \u00e2g\u00e9 de 18 ans, sans doute passera-t-il le r\u00e9veillon aupr\u00e8s de sa maman, Romane Serda, avant de retrouver Renaud. Le chanteur et son ex ne sont pas pr\u00e8s de f\u00eater No\u00ebl ensemble au vu de leur clash m\u00e9diatique survenu en 2023 au sujet de la pension alimentaire qu&rsquo;il lui verse pour leur fils.\u00a0\u00ab\u00a0<em>Suite aux propos tenus par mon ex-\u00e9pouse, j&rsquo;aurai l&rsquo;\u00e9l\u00e9gance de ne pas faire \u00e9tat du montant r\u00e9el de la pension alimentaire vers\u00e9e pour l&rsquo;\u00e9ducation et le confort de mon fils. Cependant, je r\u00e9fute fermement la sous-\u00e9valuation sugg\u00e9r\u00e9e lors de cette \u00e9mission<\/em> [aupr\u00e8s de Jordan de Luxe, ndlr]\u00a0\u00bb, avait fait savoir l&rsquo;artiste par son avocat.<\/p>\n<h2>Quel est l&rsquo;\u00e9tat de sant\u00e9 actuel de Renaud ?\u00a0<\/h2>\n<p>Le chanteur, qui peut compter au quotidien sur l&rsquo;aide de deux assistants pr\u00e9nomm\u00e9s\u00a0Bloodi et Pierre, assure se lever tous les jours \u00e0 6 heures du matin ; ce dernier habite entre Trentemoult avec sa femme Cerise, Paris et\u00a0L&rsquo;Isle-sur-la-Sorgue.\u00a0\u00ab\u00a0<em>J&rsquo;ai d\u00e9croch\u00e9 de l&rsquo;alcool il y a trois ans et demi et de la cigarette il y a un an et neuf mois. Je fume une clope par mois. La prochaine, c&rsquo;est le 10\u00a0janvier<\/em>\u00ab\u00a0, a pr\u00e9cis\u00e9 Renaud au quotidien.<\/p>\n<p>L&rsquo;interpr\u00e8te de <em>Laisse b\u00e9ton<\/em> et <em>Toujours debout<\/em> a \u00e9t\u00e9 victime d&rsquo;un AVC il y a 10 ans mais garde tant bien que mal la forme et veut continuer \u00e0 chanter. \u00ab\u00a0<em>Je vais faire mon prochain disque avec les violons, le piano et l&rsquo;accord\u00e9on. J&rsquo;y travaille, mais j&rsquo;ai un peu de mal, c&rsquo;est difficile \u00e0 sortir. Manque d&rsquo;inspiration. Ce sera mon 17e album\u00a0! J&rsquo;aimerais le publier d\u00e9but 2026\u2026 On y croit<\/em>\u00ab\u00a0, a-t-il ajout\u00e9.<\/p>\n<\/p><\/div>\n<p>[ad_2]<br \/>\n<br \/><a href=\"https:\/\/www.journaldesfemmes.fr\/people\/actus\/3211758-on-va-feter-noel-en-famille-renaud-entoure-de-lolita-et-malone-pour-l-occasion\/\">Source link <\/a><\/p>\n","protected":false},"excerpt":{"rendered":"<p>[ad_1] Alors qu&rsquo;il a donn\u00e9 la derni\u00e8re date de sa d\u00e9cri\u00e9e tourn\u00e9e, Renaud va pouvoir souffler un peu. Et, pour &hellip; <a href=\"http:\/\/www.affinite.fr\/index.php\/2024\/12\/24\/renaud-entoure-de-lolita-et-malone-pour-loccasion\/\" class=\"more-link\">Plus <span class=\"screen-reader-text\">Renaud, entour\u00e9 de Lolita et Malone pour l&rsquo;occasion\u00a0?<\/span> <span class=\"meta-nav\">&rarr;<\/span><\/a><\/p>\n","protected":false},"author":1,"featured_media":11114,"comment_status":"","ping_status":"open","sticky":false,"template":"","format":"standard","meta":{"_sitemap_exclude":false,"_sitemap_priority":"","_sitemap_frequency":"","footnotes":""},"categories":[1],"tags":[],"class_list":["post-11113","post","type-post","status-publish","format-standard","has-post-thumbnail","hentry","category-tous"],"_links":{"self":[{"href":"http:\/\/www.affinite.fr\/index.php\/wp-json\/wp\/v2\/posts\/11113"}],"collection":[{"href":"http:\/\/www.affinite.fr\/index.php\/wp-json\/wp\/v2\/posts"}],"about":[{"href":"http:\/\/www.affinite.fr\/index.php\/wp-json\/wp\/v2\/types\/post"}],"author":[{"embeddable":true,"href":"http:\/\/www.affinite.fr\/index.php\/wp-json\/wp\/v2\/users\/1"}],"replies":[{"embeddable":true,"href":"http:\/\/www.affinite.fr\/index.php\/wp-json\/wp\/v2\/comments?post=11113"}],"version-history":[{"count":0,"href":"http:\/\/www.affinite.fr\/index.php\/wp-json\/wp\/v2\/posts\/11113\/revisions"}],"wp:featuredmedia":[{"embeddable":true,"href":"http:\/\/www.affinite.fr\/index.php\/wp-json\/wp\/v2\/media\/11114"}],"wp:attachment":[{"href":"http:\/\/www.affinite.fr\/index.php\/wp-json\/wp\/v2\/media?parent=11113"}],"wp:term":[{"taxonomy":"category","embeddable":true,"href":"http:\/\/www.affinite.fr\/index.php\/wp-json\/wp\/v2\/categories?post=11113"},{"taxonomy":"post_tag","embeddable":true,"href":"http:\/\/www.affinite.fr\/index.php\/wp-json\/wp\/v2\/tags?post=11113"}],"curies":[{"name":"wp","href":"https:\/\/api.w.org\/{rel}","templated":true}]}}