{"id":11085,"date":"2024-12-14T12:21:42","date_gmt":"2024-12-14T12:21:42","guid":{"rendered":"https:\/\/www.affinite.fr\/index.php\/2024\/12\/14\/ce-manteau-symbole-de-richesse-fait-son-retour-cet-hiver\/"},"modified":"2024-12-14T12:21:42","modified_gmt":"2024-12-14T12:21:42","slug":"ce-manteau-symbole-de-richesse-fait-son-retour-cet-hiver","status":"publish","type":"post","link":"http:\/\/www.affinite.fr\/index.php\/2024\/12\/14\/ce-manteau-symbole-de-richesse-fait-son-retour-cet-hiver\/","title":{"rendered":"Ce manteau, symbole de richesse, fait son retour cet hiver"},"content":{"rendered":"<p> [ad_1]<br \/>\n<\/p>\n<p>\n                Manteau \u00e9charpe, cape, trench, veste barbour\u2026 Dans quelle pi\u00e8ce investir cet hiver\u00a0? Fran\u00e7oise Hardy avait la r\u00e9ponse\u00a0!            <\/p>\n<div>\n<p>La saison des <a href=\"https:\/\/www.journaldesfemmes.fr\/mode\/shopping\/2577459-manteau-veste\/\" title=\"Manteau\">manteaux<\/a> a enfin commenc\u00e9 ! En mode, ils\u00a0ne servent pas seulement \u00e0 nous tenir au chaud, mais\u00a0apportent aussi style et \u00e9l\u00e9gance. Surtout lorsqu&rsquo;il s&rsquo;agit de sortir de son lit et d&rsquo;acheter une baguette\u00a0: une fois que l&rsquo;on a un manteau \u00e9l\u00e9gant, il suffit de l&rsquo;enfiler, sans se soucier de ce qu&rsquo;on porte en dessous\u00a0!\u00a0<\/p>\n<p>Le plus important est toutefois de savoir dans lequel investir\u00a0! Aujourd&rsquo;hui la tendance est aux manteaux \u00e9charpe, trenchs et autres capes. Mais il y a une autre pi\u00e8ce que l&rsquo;on voit partout, surtout dans la rue\u00a0! Il s&rsquo;agit d&rsquo;un des manteaux pr\u00e9f\u00e9r\u00e9s de <a href=\"https:\/\/www.journaldesfemmes.fr\/people\/personnalites\/2706899-francoise-hardy-age-sante-couple-dutronc-deces\/\" title=\"Fran\u00e7oise Hardy\">Fran\u00e7oise Hardy<\/a>, qui l&rsquo;avait d&rsquo;ailleurs port\u00e9 lors de son s\u00e9jour \u00e0 Amsterdam en 1969.\u00a0<\/p>\n<div style=\"text-align:center\">\n<figure class=\"image\" style=\"display:inline-block\"><img decoding=\"async\" alt=\"\" src=\"https:\/\/img-3.journaldesfemmes.fr\/n-zOmuDYecT_co1Ud7dQtg2gK94=\/300x\/smart\/91bc48683c654d61b486908d0920f118\/ccmcms-jdf\/40007509.png\"\/><figcaption data-credit=\"BNA Photographic \/ Alamy \/ Abaca\" data-legend=\"Fran\u00e7oise Hardy devant l'h\u00f4tel Hilton \u00e0 Amsterdam le 16 d\u00e9cembre 1969\">Fran\u00e7oise Hardy devant l&rsquo;h\u00f4tel Hilton \u00e0 Amsterdam le 16 d\u00e9cembre 1969 <small>\u00a9\u00a0BNA Photographic \/ Alamy \/ Abaca<\/small><\/figcaption><\/figure>\n<\/div>\n<p>Longtemps \u00e0 la mode, il est aujourd&rsquo;hui l&rsquo;une des tendances \u00e0 suivre. Vous l&rsquo;aurez s\u00fbrement devin\u00e9, il s&rsquo;agit du manteau en\u00a0fausse fourrure\u00a0! Un classique que l&rsquo;on voit partout\u00a0: que ce soit sur les podiums ou dans la rue. Court ou long, total fourrure ou juste sur les manchettes\u00a0et sur le col ; noir, marron ou encore imprim\u00e9 l\u00e9opard\u2026 tous les styles sont port\u00e9s\u00a0!<\/p>\n<p>Si la fourrure v\u00e9ritable a pr\u00e9valu de l&rsquo;\u00c9gypte ancienne jusqu&rsquo;au XXe si\u00e8cle et \u00e9tait surtout associ\u00e9e \u00e0 la noblesse et \u00e0 la royaut\u00e9, ce qui en faisait un indicateur de statut social, la fausse fourrure, quant \u00e0 elle, a \u00e9t\u00e9 introduite plus tard pour r\u00e9pondre aux enjeux de l&rsquo;\u00e9poque. En effet, \u00e0 partir des ann\u00e9es 70, le manteau de fourrure est pass\u00e9 du statut de produit d\u00e9sirable \u00e0 celui de cible de l&rsquo;activisme en faveur des droits des animaux. On se souvient d&rsquo;ailleurs tous du mouvement anti-fourrure et des mannequins Naomi Campbell et Cindy Crawford qui ont pos\u00e9 nues dans la campagne de PETA\u00a0\u00ab\u00a0<em>Je pr\u00e9f\u00e8re \u00eatre nue que de porter de la fourrure<\/em>\u00ab\u00a0.<\/p>\n<p>La fausse fourrure est donc n\u00e9e de ces mouvements contestataires, mais aussi de la volont\u00e9 d&rsquo;imiter les classes sup\u00e9rieures. Qu&rsquo;il s&rsquo;agisse d&rsquo;un manteau de fourrure ou d&rsquo;un manteau de fausse fourrure, tous deux \u00e9voquent richesse et pouvoir. C&rsquo;est d&rsquo;ailleurs pour cela qu&rsquo;ils ont \u00e9t\u00e9 la pi\u00e8ce principale de l&rsquo;ancienne tendance mob wife\u00a0!\u00a0<\/p>\n<p>Aujourd&rsquo;hui, toutes les marques proposent leurs propres mod\u00e8les.\u00a0Zara, H&amp;M, Stradivarius, Bershka&#8230; vous pouvez ais\u00e9ment trouver votre prochain manteau d&rsquo;hiver favori\u00a0!<\/p>\n<\/p><\/div>\n<p>[ad_2]<br \/>\n<br \/><a href=\"https:\/\/www.journaldesfemmes.fr\/mode\/magazine-mode\/3210054-ce-manteau-symbole-de-richesse-fait-son-retour-cet-hiver-c-etait-le-prefere-de-francoise-hardy\/\">Source link <\/a><\/p>\n","protected":false},"excerpt":{"rendered":"<p>[ad_1] Manteau \u00e9charpe, cape, trench, veste barbour\u2026 Dans quelle pi\u00e8ce investir cet hiver\u00a0? Fran\u00e7oise Hardy avait la r\u00e9ponse\u00a0! La saison &hellip; <a href=\"http:\/\/www.affinite.fr\/index.php\/2024\/12\/14\/ce-manteau-symbole-de-richesse-fait-son-retour-cet-hiver\/\" class=\"more-link\">Plus <span class=\"screen-reader-text\">Ce manteau, symbole de richesse, fait son retour cet hiver<\/span> <span class=\"meta-nav\">&rarr;<\/span><\/a><\/p>\n","protected":false},"author":1,"featured_media":11086,"comment_status":"","ping_status":"open","sticky":false,"template":"","format":"standard","meta":{"_sitemap_exclude":false,"_sitemap_priority":"","_sitemap_frequency":"","footnotes":""},"categories":[1],"tags":[],"class_list":["post-11085","post","type-post","status-publish","format-standard","has-post-thumbnail","hentry","category-tous"],"_links":{"self":[{"href":"http:\/\/www.affinite.fr\/index.php\/wp-json\/wp\/v2\/posts\/11085"}],"collection":[{"href":"http:\/\/www.affinite.fr\/index.php\/wp-json\/wp\/v2\/posts"}],"about":[{"href":"http:\/\/www.affinite.fr\/index.php\/wp-json\/wp\/v2\/types\/post"}],"author":[{"embeddable":true,"href":"http:\/\/www.affinite.fr\/index.php\/wp-json\/wp\/v2\/users\/1"}],"replies":[{"embeddable":true,"href":"http:\/\/www.affinite.fr\/index.php\/wp-json\/wp\/v2\/comments?post=11085"}],"version-history":[{"count":0,"href":"http:\/\/www.affinite.fr\/index.php\/wp-json\/wp\/v2\/posts\/11085\/revisions"}],"wp:featuredmedia":[{"embeddable":true,"href":"http:\/\/www.affinite.fr\/index.php\/wp-json\/wp\/v2\/media\/11086"}],"wp:attachment":[{"href":"http:\/\/www.affinite.fr\/index.php\/wp-json\/wp\/v2\/media?parent=11085"}],"wp:term":[{"taxonomy":"category","embeddable":true,"href":"http:\/\/www.affinite.fr\/index.php\/wp-json\/wp\/v2\/categories?post=11085"},{"taxonomy":"post_tag","embeddable":true,"href":"http:\/\/www.affinite.fr\/index.php\/wp-json\/wp\/v2\/tags?post=11085"}],"curies":[{"name":"wp","href":"https:\/\/api.w.org\/{rel}","templated":true}]}}