{"id":1107,"date":"2020-03-25T09:29:52","date_gmt":"2020-03-25T09:29:52","guid":{"rendered":"https:\/\/www.affinite.fr\/index.php\/2020\/03\/25\/les-tv-samsung-pourront-diffuser-disney-des-le-7-avril\/"},"modified":"2020-03-25T09:29:52","modified_gmt":"2020-03-25T09:29:52","slug":"les-tv-samsung-pourront-diffuser-disney-des-le-7-avril","status":"publish","type":"post","link":"http:\/\/www.affinite.fr\/index.php\/2020\/03\/25\/les-tv-samsung-pourront-diffuser-disney-des-le-7-avril\/","title":{"rendered":"Les TV Samsung pourront diffuser Disney+ d\u00e8s le 7 avril"},"content":{"rendered":"<p> [ad_1]<br \/>\n<br \/><img decoding=\"async\" src=\"https:\/\/img.bfmtv.com\/i\/0\/0\/f6e\/c5bbe58c8ccc2432f6f6c21b6ddf6.jpg\" \/><\/p>\n<div itemprop=\"articleBody\">\n<p>Les propri\u00e9taires de TV Samsung n\u2019auront pas besoin de s&rsquo;\u00e9quiper\u00a0d\u2019une PS4 ou d\u2019un Chromecast pour profiter de Disney+ sur leur \u00e9cran. En effet le constructeur cor\u00e9en vient d\u2019ajouter son OS, Tizen, \u00e0 <a href=\"https:\/\/www.01net.com\/actualites\/on-connait-enfin-les-appareils-sur-lesquels-on-pourra-regarder-disney-1752189.html\" target=\"_blank\" rel=\"noopener noreferrer\">la liste des services capables de streamer la plate-forme de SVOD<\/a>.<\/p>\n<p>D\u00e8s le 7 avril, nouvelle date de lancement en France de la cha\u00eene, toutes les Smart TV Tizen vendues depuis 2016 seront en mesure de t\u00e9l\u00e9charger l\u2019application Disney + et de profiter ainsi des franchises Marvel, Pixar, Star Wars et autres National Geographic.\u00a0<\/p>\n<h3 style=\"color:#333; font-family:arial,helvetica,sans-serif; font-size:23px; font-weight:700\">Lancer Disney+ avec Bixby<\/h3>\n<p>Par ailleurs, les possesseurs de mod\u00e8les compatibles avec Bixby seront en mesure d\u2019utiliser l\u2019assistant vocal de Samsung pour lancer ou pour mettre en pause la cha\u00eene en utilisant la commande \u00ab\u00a0Bixby, lance Disney+\u00a0\u00bb.\u00a0Quant aux modalit\u00e9s d\u2019inscription et de paiement, elles restent les m\u00eames. S\u2019il sera possible de s\u2019inscrire au service directement via l\u2019application TV, le co\u00fbt, lui, ne change pas et reste de 6,99 euros par mois ou 69,99 euros par an.<\/p>\n<aside class=\"bg-color-0 padding-inside-all-s bloc border-s\">\n<h4 class=\"box-txt-normal\">\n<p><strong>\u00c0 d\u00e9couvrir aussi en vid\u00e9o :<\/strong><\/p>\n<\/h4>\n<\/aside>\n<p>Quant aux autres services compatibles, la liste est d\u00e9j\u00e0 longue et devrait encore s\u2019\u00e9tendre avec le temps :<\/p>\n<ul>\n<li>Apple TV (tvOS)<\/li>\n<li>Android mobile devices<\/li>\n<li>Android TV<\/li>\n<li>Canal +<\/li>\n<li>Chromecast<\/li>\n<li>Desktop web browsers<\/li>\n<li>iPad (iPadOS)<\/li>\n<li>iPhone (iOS)<\/li>\n<li>PlayStation 4<\/li>\n<li>Roku streaming players<\/li>\n<li>Roku TV<\/li>\n<li>Xbox One<\/li>\n<\/ul>\n<\/div>\n<p><script>\n         !function(f,b,e,v,n,t,s){if(f.fbq)return;n=f.fbq=function()\n         {n.callMethod? n.callMethod.apply(n,arguments):n.queue.push(arguments)}\n         ;if(!f._fbq)f._fbq=n;\n             n.push=n;n.loaded=!0;n.version='2.0';n.queue=[];t=b.createElement(e);t.async=!0;\n             t.src=v;s=b.getElementsByTagName(e)[0];s.parentNode.insertBefore(t,s)}(window,\n                 document,'script','https:\/\/connect.facebook.net\/en_US\/fbevents.js');\n         fbq('init', '1065890633454496');\n         fbq('track', 'PageView');\n     <\/script><br \/>\n<br \/>[ad_2]<br \/>\n<br \/><a href=\"https:\/\/www.01net.com\/actualites\/les-tv-samsung-pourront-diffuser-disney-des-le-7-avril-1881848.html\">Source link <\/a><\/p>\n","protected":false},"excerpt":{"rendered":"<p>[ad_1] Les propri\u00e9taires de TV Samsung n\u2019auront pas besoin de s&rsquo;\u00e9quiper\u00a0d\u2019une PS4 ou d\u2019un Chromecast pour profiter de Disney+ sur &hellip; <a href=\"http:\/\/www.affinite.fr\/index.php\/2020\/03\/25\/les-tv-samsung-pourront-diffuser-disney-des-le-7-avril\/\" class=\"more-link\">Plus <span class=\"screen-reader-text\">Les TV Samsung pourront diffuser Disney+ d\u00e8s le 7 avril<\/span> <span class=\"meta-nav\">&rarr;<\/span><\/a><\/p>\n","protected":false},"author":1,"featured_media":1108,"comment_status":"open","ping_status":"open","sticky":false,"template":"","format":"standard","meta":{"_sitemap_exclude":false,"_sitemap_priority":"","_sitemap_frequency":"","footnotes":""},"categories":[1],"tags":[],"class_list":["post-1107","post","type-post","status-publish","format-standard","has-post-thumbnail","hentry","category-tous"],"_links":{"self":[{"href":"http:\/\/www.affinite.fr\/index.php\/wp-json\/wp\/v2\/posts\/1107"}],"collection":[{"href":"http:\/\/www.affinite.fr\/index.php\/wp-json\/wp\/v2\/posts"}],"about":[{"href":"http:\/\/www.affinite.fr\/index.php\/wp-json\/wp\/v2\/types\/post"}],"author":[{"embeddable":true,"href":"http:\/\/www.affinite.fr\/index.php\/wp-json\/wp\/v2\/users\/1"}],"replies":[{"embeddable":true,"href":"http:\/\/www.affinite.fr\/index.php\/wp-json\/wp\/v2\/comments?post=1107"}],"version-history":[{"count":0,"href":"http:\/\/www.affinite.fr\/index.php\/wp-json\/wp\/v2\/posts\/1107\/revisions"}],"wp:featuredmedia":[{"embeddable":true,"href":"http:\/\/www.affinite.fr\/index.php\/wp-json\/wp\/v2\/media\/1108"}],"wp:attachment":[{"href":"http:\/\/www.affinite.fr\/index.php\/wp-json\/wp\/v2\/media?parent=1107"}],"wp:term":[{"taxonomy":"category","embeddable":true,"href":"http:\/\/www.affinite.fr\/index.php\/wp-json\/wp\/v2\/categories?post=1107"},{"taxonomy":"post_tag","embeddable":true,"href":"http:\/\/www.affinite.fr\/index.php\/wp-json\/wp\/v2\/tags?post=1107"}],"curies":[{"name":"wp","href":"https:\/\/api.w.org\/{rel}","templated":true}]}}