{"id":11063,"date":"2024-12-08T12:12:42","date_gmt":"2024-12-08T12:12:42","guid":{"rendered":"http:\/\/www.affinite.fr\/index.php\/2024\/12\/08\/laliment-a-consommer-tous-les-jours-selon-une-naturopathe\/"},"modified":"2024-12-08T12:12:42","modified_gmt":"2024-12-08T12:12:42","slug":"laliment-a-consommer-tous-les-jours-selon-une-naturopathe","status":"publish","type":"post","link":"http:\/\/www.affinite.fr\/index.php\/2024\/12\/08\/laliment-a-consommer-tous-les-jours-selon-une-naturopathe\/","title":{"rendered":"l&rsquo;aliment \u00e0 consommer tous les jours selon une naturopathe"},"content":{"rendered":"<p> [ad_1]<br \/>\n<br \/><img decoding=\"async\" src=\"https:\/\/img-3.journaldesfemmes.fr\/0BQzr4otas9iep8WNoV5juxPeLo=\/1280x\/smart\/f26237d3c09c4997b0766e3df83870dc\/ccmcms-jdf\/40006613.jpg\" \/><\/p>\n<p>\n                C&rsquo;est un ingr\u00e9dient pas cher et bourr\u00e9 de bienfaits\u00a0! N&rsquo;h\u00e9sitez pas \u00e0 le consommer au quotidien d\u00e8s 45\u00a0ans.            <\/p>\n<div>\n<p>La graisse du ventre est la plus difficile \u00e0 \u00e9radiquer, surtout \u00e0 partir de 45 ans quand l&rsquo;organisme se pr\u00e9pare \u00e0 la m\u00e9nopause\u00a0ou lorsque celle-ci est d\u00e9j\u00e0 install\u00e9e. La perte de poids \u00e0 ce moment-l\u00e0 peut devenir un objectif \u00e0 atteindre pour de nombreuses femmes afin de supprimer les petits kilos qui se\u00a0sont nich\u00e9s au niveau du ventre. Pour cela, il est primordial de soigner\u00a0votre alimentation et de pratiquer une activit\u00e9 physique r\u00e9guli\u00e8re. En effet,\u00a0l&rsquo;alimentation joue un r\u00f4le essentiel sur la silhouette,\u00a0privil\u00e9giez donc\u00a0des aliments sains et vari\u00e9s, riches en\u00a0prot\u00e9ines, en\u00a0fibres et en\u00a0bonnes graisses. Parmi eux, on peut compter sur un ingr\u00e9dient assez peu connu qui apporte de nombreux bienfaits minceur. Et ce n&rsquo;est pas moi qui le dit, mais une naturopathe sp\u00e9cialis\u00e9e en gestion du poids.\u00a0<\/p>\n<p>Sur TikTok, Sabrina, alias <em>@sabrinanaturocheffe<\/em>, partage r\u00e9guli\u00e8rement ses astuces en sant\u00e9 naturelle.\u00a0Pour aider celles et ceux qui souhaitent maigrir du ventre, elle recommande de consommer cette graine ol\u00e9agineuse tous les jours. De quoi\u00a0s&rsquo;agit-il ? Des graines de lin bien s\u00fbr !\u00a0Mais, sont-elles v\u00e9ritablement efficaces, et pourquoi ?\u00a0Avant toute chose, sachez que les graines de lin\u00a0sont de vrais coupes-faim. <em>\u00ab\u00a0Elles ralentissent l&rsquo;assimilation des sucres et permettent une perte au niveau abdominale\u00a0\u00bb,<\/em> pr\u00e9cise la professionnelle. Avant d&rsquo;ajouter :<em> \u00ab\u00a0Elles r\u00e9gulent le transit et\u00a0nettoient les toxines.\u00a0\u00bb\u00a0<\/em>Les graines de lin contiennent \u00e9galement des fibres solubles qui sont parfaites pour\u00a0favoriser la perte de poids. En la consommant, vous pourrez travailler sur votre sati\u00e9t\u00e9. Sa\u00a0teneur \u00e9lev\u00e9e en antioxydants, vitamines et acides gras essentiels comme les om\u00e9ga-3 en font un partenaire minceur de taille. D&rsquo;autant plus qu&rsquo;elle est aussi r\u00e9put\u00e9e pour r\u00e9duire la cellulite et \u00e9viter la formation de petits capitons.\u00a0<\/p>\n<p>Mais pour que les graines de lin soient r\u00e9ellement efficaces, il faut les consommer d&rsquo;une fa\u00e7on bien sp\u00e9ciale. Pour bien les\u00a0assimiler, il est indispensable de broyer ces petites graines, car c&rsquo;est comme cela qu&rsquo;elles lib\u00e8rent toutes leurs vertus. Il faut donc les moudre le jour m\u00eame, 2 cuill\u00e8res \u00e0 soupe de graines de lin que vous m\u00e9langerez ensuite \u00e0 un grand verre d&rsquo;eau. Buvez puis r\u00e9it\u00e9rez l&rsquo;exp\u00e9rience. Vous pouvez aussi les int\u00e9grer \u00e0 vos soupes, c\u00e9r\u00e9ales, salades, pr\u00e9parations pour pains et g\u00e2teaux&#8230; Vous avez l&#8217;embarras du choix !<\/p>\n<\/p><\/div>\n<p>[ad_2]<br \/>\n<br \/><a href=\"https:\/\/www.journaldesfemmes.fr\/beaute\/forme-et-minceur\/3209288-cet-aliment-a-consommer-tous-les-jours-a-la-menopause-vous-aidera-a-perdre-du-ventre\/\">Source link <\/a><\/p>\n","protected":false},"excerpt":{"rendered":"<p>[ad_1] C&rsquo;est un ingr\u00e9dient pas cher et bourr\u00e9 de bienfaits\u00a0! N&rsquo;h\u00e9sitez pas \u00e0 le consommer au quotidien d\u00e8s 45\u00a0ans. La &hellip; <a href=\"http:\/\/www.affinite.fr\/index.php\/2024\/12\/08\/laliment-a-consommer-tous-les-jours-selon-une-naturopathe\/\" class=\"more-link\">Plus <span class=\"screen-reader-text\">l&rsquo;aliment \u00e0 consommer tous les jours selon une naturopathe<\/span> <span class=\"meta-nav\">&rarr;<\/span><\/a><\/p>\n","protected":false},"author":1,"featured_media":11064,"comment_status":"","ping_status":"open","sticky":false,"template":"","format":"standard","meta":{"_sitemap_exclude":false,"_sitemap_priority":"","_sitemap_frequency":"","footnotes":""},"categories":[1],"tags":[],"class_list":["post-11063","post","type-post","status-publish","format-standard","has-post-thumbnail","hentry","category-tous"],"_links":{"self":[{"href":"http:\/\/www.affinite.fr\/index.php\/wp-json\/wp\/v2\/posts\/11063"}],"collection":[{"href":"http:\/\/www.affinite.fr\/index.php\/wp-json\/wp\/v2\/posts"}],"about":[{"href":"http:\/\/www.affinite.fr\/index.php\/wp-json\/wp\/v2\/types\/post"}],"author":[{"embeddable":true,"href":"http:\/\/www.affinite.fr\/index.php\/wp-json\/wp\/v2\/users\/1"}],"replies":[{"embeddable":true,"href":"http:\/\/www.affinite.fr\/index.php\/wp-json\/wp\/v2\/comments?post=11063"}],"version-history":[{"count":0,"href":"http:\/\/www.affinite.fr\/index.php\/wp-json\/wp\/v2\/posts\/11063\/revisions"}],"wp:featuredmedia":[{"embeddable":true,"href":"http:\/\/www.affinite.fr\/index.php\/wp-json\/wp\/v2\/media\/11064"}],"wp:attachment":[{"href":"http:\/\/www.affinite.fr\/index.php\/wp-json\/wp\/v2\/media?parent=11063"}],"wp:term":[{"taxonomy":"category","embeddable":true,"href":"http:\/\/www.affinite.fr\/index.php\/wp-json\/wp\/v2\/categories?post=11063"},{"taxonomy":"post_tag","embeddable":true,"href":"http:\/\/www.affinite.fr\/index.php\/wp-json\/wp\/v2\/tags?post=11063"}],"curies":[{"name":"wp","href":"https:\/\/api.w.org\/{rel}","templated":true}]}}