{"id":11061,"date":"2024-12-08T12:02:26","date_gmt":"2024-12-08T12:02:26","guid":{"rendered":"https:\/\/www.affinite.fr\/index.php\/2024\/12\/08\/buche-vanille-et-praline-ma-plus-belle-buche-de-noel-il-etait-une-fois-la-patisserie\/"},"modified":"2024-12-08T12:02:26","modified_gmt":"2024-12-08T12:02:26","slug":"buche-vanille-et-praline-ma-plus-belle-buche-de-noel-il-etait-une-fois-la-patisserie","status":"publish","type":"post","link":"http:\/\/www.affinite.fr\/index.php\/2024\/12\/08\/buche-vanille-et-praline-ma-plus-belle-buche-de-noel-il-etait-une-fois-la-patisserie\/","title":{"rendered":"B\u00fbche vanille et pralin\u00e9 &#8211; Ma plus belle b\u00fbche de No\u00ebl ! : Il \u00e9tait une fois la p\u00e2tisserie"},"content":{"rendered":"<p> [ad_1]<br \/>\n<\/p>\n<div id=\"post-body-594075720296051841\" itemprop=\"articleBody\">\n<div class=\"hrecipe\">\n<div style=\"text-align: left;\">\n<p>Attention, du lourd aujourd&rsquo;hui avec une magnifique <span style=\"font-size: large;\"><b><span class=\"fn\">B\u00fbche de No\u00ebl vanille et pralin\u00e9 !<\/span><\/b><\/span> Cette b\u00fbche est aussi d\u00e9licieuse que sublime, vous \u00eates pr\u00e9venus !<\/p>\n<div class=\"separator\" style=\"clear: both; text-align: center;\"><a href=\"https:\/\/www.iletaitunefoislapatisserie.com\/2024\/12\/buche-vanille-et-praline-ma-plus-belle.html\" style=\"margin-left: 1em; margin-right: 1em;\"><img decoding=\"async\" alt=\"buche-vanille-praline\" border=\"0\" data-original-height=\"597\" data-original-width=\"650\" loading=\"lazy\" src=\"https:\/\/blogger.googleusercontent.com\/img\/b\/R29vZ2xl\/AVvXsEhq9bawmoqKFjRwms9GpGHEL4364QZdC7seH4wj0FmGksxHyJrhySAusVhyphenhyphenhO1LsT-nCp9Smj_nUmM2sPjlpg1i2uuoccVc8NDZahJY2_SH09N-T4jakjNSNflR7TBHfqoiiOT-kxkDG8-v9LEKQkZhaOLmLtYU04v2vlSlUDMVpIAtFp2Dh25EgdkuftM\/s16000-rw\/recette-buche-vanille-praline-2.jpg\" title=\"recette de buche vanille pralin\u00e9\"\/><\/a><\/div>\n<p><\/p>\n<div dir=\"ltr\" style=\"text-align: left;\" trbidi=\"on\">\n<br \/>\n<a name=\"more\"\/><br \/>Cette <b>b\u00fbche de No\u00ebl<\/b> est compos\u00e9e d&rsquo;une ganache vanille, d&rsquo;un cr\u00e9meux vanille, d&rsquo;un pralin\u00e9 coulant et d&rsquo;un biscuit aux amandes. On est dans de la pure gourmandise, de la douceur et de la volupt\u00e9 !<\/p>\n<p>C&rsquo;est bien \u00e9videmment la d\u00e9co qui fait tout le charme de cette b\u00fbche. Je l&rsquo;ai r\u00e9alis\u00e9e avec une <span class=\"lienamazon\"><a href=\"https:\/\/amzlink.to\/az0z4Hsofzs5R\" rel=\"nofollow noopener\" target=\"_blank\">douille \u00e0 Saint Honor\u00e9<\/a><\/span>. Je ne vais pas vous mentir, j&rsquo;ai gal\u00e9r\u00e9 ! Je m&rsquo;y suis reprise \u00e0 plusieurs fois pour bien comprendre la technique. Mais vous, vous aurez la vid\u00e9o pour vous aider donc ce sera <b>plus facile<\/b>.<\/p>\n<\/div>\n<div style=\"text-align: center;\" trbidi=\"on\"><img decoding=\"async\" alt=\"Recette-buche-vanille-praline\" border=\"0\" data-original-height=\"859\" data-original-width=\"650\" loading=\"lazy\" src=\"https:\/\/blogger.googleusercontent.com\/img\/b\/R29vZ2xl\/AVvXsEhG73oiW0q2gQ2PlKbLEmWYcqbuPLlH6jcfkNJjoS-yudHI-G_CT_Phyphenhyphenfwrj_Qmg5w421OePyPgnL0q4Vk-RMq8G5qm75nFQqcNx6GNn209LFvtLCgRv9jPfcsb0Qa576aRN0z4M_QbrBSAvJTeg9CuxhPnO7UFZmVEaYtIHJCmRetPKqmZyNRj0MOjlhE\/s16000-rw\/buche-vanille-praline-recette.jpg\" title=\"recette bcuhe vanille pralin\u00e9 noel\"\/><\/div>\n<div dir=\"ltr\" style=\"text-align: left;\" trbidi=\"on\">Alors oui, d\u00e9co compliqu\u00e9e, mais, \u00e0 c\u00f4t\u00e9 de \u00e7a, pas de gla\u00e7age ni de flocage \u00e0 faire et pas de moule \u00e0 insert \u00e0 acheter car on fait tout directement dans le moule \u00e0 b\u00fbche.<br \/>Donc des avantages et des inconv\u00e9nients ! Cela dit, si on ajoute dans la balance<b> la beaut\u00e9 et le go\u00fbt merveilleux<\/b> de cette b\u00fbche, on est \u00e0 du 99% pour, alors GO !<\/p>\n<p>Vous allez vous dire, ohlala 3 gousses de vanille dans la recette, \u00e7a va me co\u00fbter une fortune. Non ! Allez voir chez <a href=\"https:\/\/bit.ly\/BlackFridayVanille\" rel=\"nofollow noopener\" target=\"\">David vanille<\/a>, il y a de la<b> super vanille pas ch\u00e8re du tout<\/b> ! Par exemple vous pouvez prendre la d\u00e9class\u00e9e qui est moche mais d\u00e9licieuse \u00e0 partir de 0,14 \u20ac avec mon code <b>CHRISTELLE10<\/b>, ou la Noire \u00c9b\u00e8ne \u00e0 partir 0,54 \u20ac la gousse. Pour du top du top, prenez la <b>Bourbon<\/b>.<\/p>\n<div class=\"separator\" style=\"clear: both; text-align: center;\"><a href=\"https:\/\/bit.ly\/BlackFridayVanille\" rel=\"nofollow\" style=\"margin-left: 1em; margin-right: 1em;\"><img decoding=\"async\" border=\"0\" data-original-height=\"419\" data-original-width=\"500\" loading=\"lazy\" src=\"https:\/\/blogger.googleusercontent.com\/img\/b\/R29vZ2xl\/AVvXsEjE9WdVVql9Pgna5byDIkInhZeL8kIn4222gECyqmaLyQ4TXV3ORWkyjAhKKoWRTSFAIMDXKAZJS93h1n0L4Pc53hoqUULTzx04i1ceEoYNxnny0tQXIWpm2NYl_LA4HtPihGdTGMg4XfPOt8SLLOY9scGviEMb8kiu13RQH7xpwsnTAJr_9edvC6Hk60c\/s16000-rw\/promo-vanille-noel.jpg\"\/><\/a><\/div>\n<p><\/p>\n<h3 style=\"text-align: left;\">Organisation (A LIRE SVP)<br \/><\/h3>\n<p>Vous pouvez pr\u00e9parer cette b\u00fbche <b>plusieurs jours \u00e0 l&rsquo;avance<\/b> et la laisser au cong\u00e9lateur. Vous pouvez m\u00eame la pr\u00e9parer plusieurs semaines \u00e0 l&rsquo;avance et la mettre au congel, laisser la d\u00e9co durcir, puis l&rsquo;envelopper de film alimentaire pour ne pas que la b\u00fbche prenne les odeurs du cong\u00e9lateur. Attention toutefois, si vous d\u00e9cidez de la faire \u00e0 l&rsquo;avance, il ne faudra pas tra\u00eener pour faire votre d\u00e9co car la b\u00fbche sera en dehors du congel et vous allez l&rsquo;y remettre ensuite.<\/p>\n<\/div>\n<p>Voici donc ce que je vous conseille, dans l&rsquo;id\u00e9al :<\/p>\n<ul style=\"text-align: left;\">\n<li>J-2 : On pr\u00e9pare la ganache (sans la monter) et on la laisse au frigo.<\/li>\n<li>J-1 : On pr\u00e9pare toute la b\u00fbche et on la laisse au congel. On garde la ganache de la d\u00e9co au r\u00e9frig\u00e9rateur (sans la monter).<\/li>\n<li>Jour J : On termine la d\u00e9co \u00e0 la poche \u00e0 douille le matin ou d\u00e9but d&rsquo;apr\u00e8s midi et on laisse la b\u00fbche d\u00e9congeler tranquillement au r\u00e9frig\u00e9rateur. Vous pouvez aussi la sortir du congel le matin et faire la d\u00e9co le soir, mais attention, aucune retouche ne sera possible car la b\u00fbche ne sera plus dure. Vous ne pourrez plus racler votre d\u00e9co et recommencer.<\/li>\n<\/ul>\n<\/div>\n<p>Vous pourrez retrouver tout le <span class=\"lienamazon\"><a href=\"https:\/\/www.iletaitunefoislapatisserie.com\/2018\/12\/mateirle-ustensiles-buche-de-noel.html\" rel=\"noopener\" target=\"_blank\">mat\u00e9riel pour faire les b\u00fbches ici<\/a><\/span>. <\/p>\n<div style=\"text-align: left;\">\n<p><span style=\"font-size: medium;\"><b> D&rsquo;autres recettes de b\u00fbches ?<\/b><\/span><\/p>\n<p>Retrouvez ici toutes mes recettes de b\u00fbches de No\u00ebl : <a href=\"https:\/\/www.iletaitunefoislapatisserie.com\/p\/tout-pour-noel.html\" target=\"_blank\" rel=\"noopener\">recettes de b\u00fbches<\/a>.<\/p>\n<div class=\"snippet2\">\n<b><u>INFOS RECETTE :<\/u><\/b><\/p>\n<p><i class=\"fas fa-user\"\/>\u00a0 Parts : <b><span class=\"yield\">10<\/span><\/b><br \/><i class=\"fas fa-utensils\"\/>\u00a0 Pr\u00e9paration : <b><span class=\"preptime\">1 heure<span class=\"value-title\" title=\"PT02H00M\"\/><\/span><\/b><br \/><i class=\"fas fa-cookie\"\/>\u00a0 Cuisson : <b><span class=\"cooktime\">20 minutes<span class=\"value-title\" title=\"PT00H20M\"\/><\/span><\/b><br \/><i class=\"far fa-clock\"\/>\u00a0 Total : <b><span class=\"duration\">2 h 30 min<span class=\"value-title\" title=\"PT02H20M\"\/><\/span><\/b><br \/><i class=\"fas fa-temperature-frigid\"\/> + 1 nuit au cong\u00e9lateur<\/p>\n<\/div>\n<div class=\"quantite\">\n<i class=\"far fa-apple-crate\"\/> <b><u>Ingr\u00e9dients pour une b\u00fbche vanille pralin\u00e9 de 10 personnes environ :<\/u><\/b><br \/><b><u>Ganache mont\u00e9e \u00e0 la vanille :<\/u><\/b><\/p>\n<ul style=\"text-align: left;\">\n<li><span class=\"ingredient\">800 ml de cr\u00e8me liquide enti\u00e8re (\u00e7a parait \u00e9norme mais il en faut beaucoup pour la d\u00e9co)<br \/><\/span><\/li>\n<li><span class=\"ingredient\">3 feuilles de g\u00e9latine (6 g)<br \/><\/span><\/li>\n<li><span class=\"ingredient\">2 <\/span><span class=\"ingredient\"><a href=\"https:\/\/www.davidvanille.com\/fr\/\" rel=\"nofollow noopener\" target=\"_blank\">gousses de vanille<\/a> (<\/span><span class=\"ingredient\">-10% avec le code <b>CHRISTELLE10<\/b>,<br \/>\n il s&rsquo;agit de vanille de tr\u00e8s bonne qualit\u00e9 mais vraiment pas ch\u00e8re. Je<br \/>\nvous conseille la Noire Eb\u00e8ne \u00e0 prix mini ou la Bourbon pour une saveur<br \/>\n maximale)<b><br \/><\/b><\/span><\/li>\n<li><span class=\"ingredient\">180 g de <a href=\"http:\/\/www.affinite.fr\/index.php\/2025\/02\/27\/le-chocolat-et-le-materiel-indispensable-pour-reussir-vos-creations-gourmandes\/\">chocolat<\/a> blanc<br \/><\/span><\/li>\n<\/ul>\n<p><b><u><span class=\"ingredient\">Pralin\u00e9<\/span> :<\/u><\/b><\/p>\n<ul style=\"text-align: left;\">\n<li><span class=\"ingredient\">125 g de noisettes enti\u00e8res<\/span><\/li>\n<li><span class=\"ingredient\">125 g d&rsquo;amandes enti\u00e8res<\/span><\/li>\n<li><span class=\"ingredient\">160 g de sucre en poudre<\/span><\/li>\n<li><span class=\"ingredient\">50 ml d&rsquo;eau<\/span><\/li>\n<\/ul>\n<p>\n<b><u>Cr\u00e9meux vanille :<\/u><\/b><\/p>\n<ul style=\"text-align: left;\">\n<li><span class=\"ingredient\">1 <a href=\"https:\/\/www.davidvanille.com\/fr\/\" rel=\"nofollow noopener\" target=\"_blank\">gousse de vanille<\/a><\/span><\/li>\n<li><span class=\"ingredient\"><span class=\"ingredient\">15 cl de cr\u00e8me liquide<\/span><\/span><\/li>\n<li><span class=\"ingredient\">1,5 feuille de g\u00e9latine (3 g)<\/span><\/li>\n<li><span class=\"ingredient\">3 jaunes d\u2019\u0153uf<\/span><span class=\"ingredient\"><br \/><\/span><\/li>\n<li><span class=\"ingredient\">35 g de sucre<\/span><\/li>\n<li><span class=\"ingredient\">70 g de mascarpone<\/span><\/li>\n<\/ul>\n<p><b><u>Biscuit amande :<\/u><\/b><\/p>\n<ul style=\"text-align: left;\">\n<li>\n  90 g de poudre d\u2019amandes\u00a0<\/li>\n<li>80 g de cassonade\u00a0<\/li>\n<li>1 blanc d\u2019\u0153uf<\/li>\n<li>2 jaunes d\u2019\u0153ufs\u00a0<\/li>\n<li>1 g de sel<\/li>\n<li>3 blancs d\u2019\u0153ufs\u00a0<\/li>\n<li>20 g de sucre semoule\u00a0<\/li>\n<li>45 g de farine T55<\/li>\n<li>1 c\u00e0c d&rsquo;extrait de vanille liquide <\/li>\n<li>2,5 g de levure chimique<\/li>\n<li>60 g d\u2019amandes hach\u00e9es<\/li>\n<\/ul>\n<p><u><b>Croustillant amande noisette :<\/b><\/u><\/p>\n<ul>\n<li><span class=\"ingredient\">120 g de pralin\u00e9 amande noisette<\/span><\/li>\n<li>\n  30 g de chocolat noir\n  <\/li>\n<li>\n  60 g de cr\u00eapes dentelles<\/li>\n<\/ul>\n<p><b><u>D\u00e9co :<\/u><\/b><\/div>\n<p><\/p>\n<div style=\"text-align: left;\">\n<i class=\"fas fa-book\"\/> Retrouvez 42 recettes de No\u00ebl mon ebook <span class=\"lienamazon\"><a href=\"https:\/\/www.iletaitunefoislapatisserie.com\/p\/boutique.html#!\/Best-of-Noel-Ebook\/p\/313574635\/category=89973794\" rel=\"noopener\" target=\"_blank\">Best of No\u00ebl<\/a><\/span> ! De quoi p\u00e2tisser tout le mois de d\u00e9cembre \ud83c\udf84 !<\/div>\n<p><\/p>\n<div style=\"text-align: center;\"><a href=\"https:\/\/www.iletaitunefoislapatisserie.com\/p\/boutique.html#!\/Best-of-Noel-Ebook\/p\/313574635\/category=89973794\" style=\"margin-left: 1em; margin-right: 1em;\" target=\"_blank\" rel=\"noopener\"><img decoding=\"async\" alt=\"best of noel\" border=\"0\" data-original-height=\"783\" data-original-width=\"619\" height=\"400\" loading=\"lazy\" src=\"https:\/\/blogger.googleusercontent.com\/img\/a\/AVvXsEjsPH22G1iv0YayqXqRn-LH2CY1ir20BopldWvvCLsiGqfL6ytOST7bWCocu_nWmTsGH3Z1vadCSwuYVByuKCMin_lHKDpkDIsvvAVTPve6W_bU-2jfjJgZaoKNKDWfCuby3JpU3bjLbKYloYStZ6lbo-EDDR58zGrG6JxQc216aNlGVufEJiXbS02a=w316-h400-rw\" title=\"recettes de noel\" width=\"316\"\/><\/a><\/div>\n<p><\/p>\n<h2 style=\"text-align: left;\">\nRecette de la b\u00fbche vanille et pralin\u00e9 :<\/h2>\n<p><i class=\"fab fa-youtube\"\/> La recette en vid\u00e9o <a href=\"https:\/\/youtu.be\/4oxhxJ2-nJQ\" target=\"_blank\" rel=\"noopener\">est ici<\/a> :<\/p>\n<h3 style=\"text-align: left;\">Ganache vanille<br \/><\/h3>\n<p><span class=\"instructions\"><\/p>\n<p>  1. Placez la g\u00e9latine dans un bol d&rsquo;eau froide. Placez aussi la g\u00e9latine du cr\u00e9meux vanille. Plus longtemps la g\u00e9latine est r\u00e9hydrat\u00e9e, mieux c&rsquo;est.<\/span><\/p>\n<p>2. Ouvrez les 2\u00a0<span class=\"ingredient\"><a href=\"https:\/\/www.davidvanille.com\/fr\/\" rel=\"nofollow noopener\" target=\"_blank\">gousses de vanille<\/a> (<\/span><span class=\"ingredient\">-10% avec le code <b>CHRISTELLE10<\/b>)<\/span><span class=\"instructions\"> en deux. Grattez les graines et placez les gousses ouvertes, les graines et la moiti\u00e9 de la cr\u00e8me liquide dans une casserole.<\/span><\/p>\n<p>3. Portez \u00e0 \u00e9bullition et retirez du feu. Couvrez et laissez infuser 1 heure.<span class=\"instructions\"\/><\/p>\n<\/div>\n<div style=\"text-align: left;\">\n<p><span class=\"instructions\">4. Retirez les gousses de vanille de la casserole et refaites chauffer. Hors du feu, ajoutez la g\u00e9latine essor\u00e9e.<\/p>\n<p>5. Versez sur le chocolat blanc et m\u00e9langez jusqu&rsquo;\u00e0 ce qu&rsquo;il fonde.<\/p>\n<p><\/span><\/p>\n<p>6. Filmez au contact et <span class=\"instructions\">gardez 4 h minimum au r\u00e9frig\u00e9rateur. Vous pouvez la faire la veille.<br \/><\/span><\/p>\n<h3 style=\"text-align: left;\">Pralin\u00e9<br \/><\/h3>\n<p><span class=\"instructions\">1. Placez l&rsquo;eau et le sucre dans une casserole.<\/span><\/p>\n<p><span class=\"instructions\">2. Faites chauffer jusqu&rsquo;\u00e0 atteindre 118\u00b0C. Vous aurez besoin d&rsquo;un <\/span><span class=\"lienamazon\"><a href=\"https:\/\/amzlink.to\/az01MaZ0yXrqg\" rel=\"nofollow noopener\" target=\"_blank\">thermom\u00e8tre de cuisine<\/a><\/span> (voir mon guide des <a href=\"https:\/\/www.iletaitunefoislapatisserie.com\/2023\/08\/les-meilleurs-thermometres-de-cuisine.html\" target=\"_blank\" rel=\"noopener\">thermom\u00e8tres de cuisine<\/a>)<span class=\"instructions\">.<\/span><br \/><span class=\"instructions\">Ajoutez alors les noisettes et les amandes. <\/span><span class=\"instructions\">Petit \u00e0 petit, elles vont se couvrir d&rsquo;une pellicule blanche. On dit que le sucre <b>sable<\/b>.<br \/><\/span><span class=\"instructions\"><br \/>3. Laissez cuire jusqu&rsquo;\u00e0 ce que le sucre refonde et caram\u00e9lise.<\/span><\/p>\n<p><span class=\"instructions\">4. Versez alors le m\u00e9lange sur une feuille de papier sulfuris\u00e9 ou un tapis de cuisson et laissez refroidir compl\u00e8tement.<\/span><\/p>\n<div class=\"separator\" style=\"clear: both; text-align: center;\">\n<a href=\"https:\/\/blogger.googleusercontent.com\/img\/b\/R29vZ2xl\/AVvXsEjITEVAxuT8dV3waVWEgpI0gDm2cC0-UUACBQddkcKPfJaIed9JbuA6Q2JLv54XrhL0LYVlB3V5oQuIGxC6oTZsmB6mM8VkSeOUsXLVAS-SGjzgRtMMFbZRhIwp2XQMnq-C__gUGSGpzIU\/s1600\/IMG_8424.jpg\" style=\"margin-left: 1em; margin-right: 1em;\"><img decoding=\"async\" border=\"0\" data-original-height=\"259\" data-original-width=\"400\" data-src=\"https:\/\/blogger.googleusercontent.com\/img\/b\/R29vZ2xl\/AVvXsEjITEVAxuT8dV3waVWEgpI0gDm2cC0-UUACBQddkcKPfJaIed9JbuA6Q2JLv54XrhL0LYVlB3V5oQuIGxC6oTZsmB6mM8VkSeOUsXLVAS-SGjzgRtMMFbZRhIwp2XQMnq-C__gUGSGpzIU\/s1600\/IMG_8424.jpg\" height=\"259\" loading=\"lazy\" src=\"https:\/\/blogger.googleusercontent.com\/img\/b\/R29vZ2xl\/AVvXsEjITEVAxuT8dV3waVWEgpI0gDm2cC0-UUACBQddkcKPfJaIed9JbuA6Q2JLv54XrhL0LYVlB3V5oQuIGxC6oTZsmB6mM8VkSeOUsXLVAS-SGjzgRtMMFbZRhIwp2XQMnq-C__gUGSGpzIU\/s1600-rw\/IMG_8424.jpg\" width=\"400\"\/><\/a><\/div>\n<p>\nEn attendant, passez au cr\u00e9meux vanille.<\/p>\n<h3 style=\"text-align: left;\">Cr\u00e9meux vanille<br \/><\/h3>\n<p><span class=\"instructions\">1. Placez la<br \/>\ng\u00e9latine dans un bol d&rsquo;eau froide (normalement c&rsquo;est d\u00e9j\u00e0 fait).<\/span><\/p>\n<p>2. Ouvrez la <span class=\"ingredient\"><a href=\"https:\/\/www.davidvanille.com\/fr\/\" rel=\"nofollow noopener\" target=\"_blank\">gousse de vanille<\/a> (<\/span><span class=\"ingredient\">-10% avec le code <b>CHRISTELLE10<\/b>)<\/span><span class=\"instructions\"> en deux. Grattez les graines et placez la gousse ouverte, les graines et la cr\u00e8me liquide dans une casserole.<\/span><\/p>\n<p>3. Portez \u00e0 \u00e9bullition et retirez du feu. Couvrez et laissez infuser 1 heure.<span class=\"instructions\"><br \/><\/span><span class=\"instructions\"><br \/><\/span><span class=\"instructions\">On en profite pour passer au biscuit aux amandes !<br \/><\/span><\/p>\n<h3 style=\"text-align: left;\">Biscuit aux amandes<\/h3>\n<p><span class=\"instructions\">1. Pr\u00e9chauffez le four \u00e0 180\u00b0C. Fouettez ensemble la poudre d&rsquo;amande, la cassonade, le blanc d&rsquo;oeuf, les jaunes et le sel. Le m\u00e9lange doit \u00eatre parfaitement homog\u00e8ne.<\/span><\/p>\n<p>2. Fouettez les blancs en neige. Quand ils commencent \u00e0 devenir mousseux, ajoutez le sucre petit \u00e0 petit sans cesser de fouetter. Vous devez obtenir une <b>meringue<\/b>.<\/p>\n<p><span class=\"instructions\"\/>3. Avec une maryse, incorporez d\u00e9licatement cette meringue \u00e0 la pr\u00e9paration pr\u00e9c\u00e9dente.<\/p>\n<p>4. <span class=\"instructions\">Ajoutez la farine et la levure tamis\u00e9es. Enfin, incorporez l&rsquo;extrait de vanille liquide, et les amandes hach\u00e9es.<\/span><\/p>\n<p>5. Pochez ou \u00e9talez en forme de rectangle d&rsquo;\u00e0 peu pr\u00e8s la taille de la base de votre moule \u00e0 b\u00fbche sur une <span class=\"lienamazon\"><a href=\"https:\/\/amzlink.to\/az0PNKKKjeDbr\" rel=\"nofollow noopener\" target=\"_blank\">plaque perfor\u00e9e<\/a><\/span> recouverte de papier cuisson. <\/p>\n<p>6. Enfournez 20 minutes. Laissez refroidir compl\u00e8tement.<\/p>\n<\/div>\n<div style=\"text-align: center;\"><img decoding=\"async\" alt=\"Recette-belle-buche-vanille\" border=\"0\" data-original-height=\"925\" data-original-width=\"650\" loading=\"lazy\" src=\"https:\/\/blogger.googleusercontent.com\/img\/b\/R29vZ2xl\/AVvXsEjHqblT0lQQ3KZ3ldXeNCVbE7B3s9u5Viq0coh1QeYTMM87LBLg93B6eFWIFXSoYdkcBRh1oi9tZ87v7niNtbL0raYtu8Yfdk_mdtTY2MRvqse58n2LDFxhoK1NOpRh-UCRJMZmZkS9c8cKxHgAVqNX_YDhNfRjZ5eGG1p6CTdBGjmtK7AznHM3gBf7bEE\/s16000-rw\/recette-buche-vanille-praline.jpg\" title=\"belle buche vanille pralin\u00e9\"\/><\/div>\n<div style=\"text-align: left;\">\n<h3 style=\"text-align: left;\">Cr\u00e9meux vanille<\/h3>\n<p>On reprend le cr\u00e9meux vanille car notre vanille est bien infus\u00e9e maintenant.<\/p>\n<p>4. Fouettez ensemble les jaunes d&rsquo;oeuf et le sucre.<\/p>\n<\/div>\n<p>5. \u00d4tez la gousse de vanille de la casserole et refaites chauffer la cr\u00e8me. Versez-la sur le m\u00e9lange jaunes, sucre et mascarpone petit \u00e0 petit, sans cesser de fouetter.<\/p>\n<div dir=\"ltr\" style=\"text-align: left;\" trbidi=\"on\">\n<div style=\"text-align: left;\">\n<br \/>6. Replacez le tout \u00e0 la casserole et faites chauffer \u00e0 82\u00b0C. Vous aurez besoin d&rsquo;un <span class=\"lienamazon\"><a href=\"https:\/\/amzn.to\/3lSVd7g\" rel=\"nofollow noopener\" target=\"_blank\">thermom\u00e8tre alimentaire<\/a><\/span> (voir mon guide des <span class=\"lienamazon\"><a href=\"https:\/\/www.iletaitunefoislapatisserie.com\/2023\/08\/les-meilleurs-thermometres-de-cuisine.html\" target=\"_blank\" rel=\"noopener\">meilleurs thermom\u00e8tres de cuisine<\/a><\/span>).<br \/>\n Attention, ne mettez pas votre feu trop fort car \u00e7a peut aller vite et<br \/>\nsi vous d\u00e9passez les 84\u00b0C, les jaunes d\u2019\u0153ufs vont coaguler.<\/p>\n<p>7. Hors du feu, ajoutez la g\u00e9latine essor\u00e9e.<br \/>\n Ajoutez le mascarpone et m\u00e9langez.<\/p>\n<p>8. Laissez revenir \u00e0 temp\u00e9rature ambiante en m\u00e9langeant de temps en temps pour ne pas que \u00e7a fige.<\/p>\n<\/div>\n<p>1. R\u00e9cup\u00e9rez la <b>ganache vanille <\/b>et fouettez la moiti\u00e9 sur vitesse moyenne, jusqu&rsquo;\u00e0 ce qu&rsquo;elle \u00e9paississe. Replacez le reste au r\u00e9frig\u00e9rateur, \u00e7a servira pour la d\u00e9co.<\/p>\n<div style=\"text-align: left;\">\n<br \/>\n2. R\u00e9partissez les 3\/4 de cette ganache mont\u00e9e dans le moule, en faisant remonter la cr\u00e8me sur les bords. Si vous utilisez une goutti\u00e8re en inox, pensez bien \u00e0 la chemiser de feuille guitare !<\/p>\n<p>3. Versez ensuite le cr\u00e9meux vanille (refroidi) dans le moule. Vous pouvez vous aider d&rsquo;une poche \u00e0 douille ou d&rsquo;une louche.<\/p>\n<p>4. R\u00e9servez 120 g de pralin\u00e9 et versez le reste sur le cr\u00e9meux vanille.<\/p>\n<p>5. Recouvrez avec le reste de ganache mont\u00e9e. Lissez.<\/div>\n<div style=\"text-align: left;\">6. Coupez le biscuit amande \u00e0 la taille de votre moule \u00e0 b\u00fbche.<\/p>\n<p>7. r\u00e9alisez un croustillant pralin\u00e9 en m\u00e9langeant ensemble les 120 g de pralin\u00e9, le chocolat noir fondu et les cr\u00eapes dentelles. \u00c9talez le m\u00e9lange sur le biscuit.<\/p>\n<p>8. Disposez le biscuit dans le moule, face recouverte de croustillant contre la ganache.<\/p>\n<p>9. Placez 1 nuit au cong\u00e9lateur.<\/p>\n<h3 style=\"text-align: left;\">D\u00e9co<\/h3>\n<\/div>\n<p>On passe aux choses s\u00e9rieuses !<\/p>\n<div style=\"text-align: left;\">\n<br \/>1. Sortez le reste de ganache du frigo (celle que vous aviez justement gard\u00e9e pour la d\u00e9co). Fouettez-la sur vitesse moyenne jusqu&rsquo;\u00e0 ce qu&rsquo;elle \u00e9paississe.<\/p>\n<p>2. Placez-la dans une <span class=\"lienamazon\"><a href=\"https:\/\/amzlink.to\/az0YDP7QZGqqI\" rel=\"nofollow noopener\" target=\"_blank\">poche \u00e0 douille<\/a><\/span> munie d&rsquo;une <span class=\"lienamazon\"><a href=\"https:\/\/amzlink.to\/az0z4Hsofzs5R\" rel=\"nofollow\">douille \u00e0 Saint Honor\u00e9<\/a><\/span>.<\/p>\n<p>3. D\u00e9moulez la b\u00fbche. Pochez la ganache de fa\u00e7on \u00e0 recouvrir enti\u00e8rement la b\u00fbche. Regardez bien la technique sur la vid\u00e9o.<\/p>\n<p>4. D\u00e9corez avec de la <span class=\"lienamazon\"><a href=\"https:\/\/www.scrapcooking.fr\/fr\/10458-carnet-de-4-feuilles-d-or-24-carats.html?ref=CHRISTELLE15\" rel=\"nofollow\">feuille d&rsquo;or<\/a><\/span> (-15% avec le code <b>CHRISTELLE15<\/b>).<\/p>\n<\/div>\n<div style=\"text-align: left;\">\n<div style=\"text-align: center;\"><a href=\"https:\/\/www.scrapcooking.fr\/fr\/10458-carnet-de-4-feuilles-d-or-24-carats.html?ref=CHRISTELLE15\" rel=\"nofollow\" style=\"margin-left: 1em; margin-right: 1em;\"><img decoding=\"async\" alt=\"buche-praline-vanille\" border=\"0\" data-original-height=\"975\" data-original-width=\"650\" loading=\"lazy\" src=\"https:\/\/blogger.googleusercontent.com\/img\/b\/R29vZ2xl\/AVvXsEiF2DXjE39QtmHtUZE1wdOfPfCrK7zMVLlAwELgBQLao1EgyZ9Ce-rxP8MjIRo6gtt2Ia8q3hVG4p1EFrzCX52_6438aE4o1j75ja-OKBOhYwb8eEUuHyx5KFHLLZ83Q4xGFFSoV-LvQUknSye99bxIHgoDpmV2PIOzYnvnmK5Akshn7ygKNtYpgQOhCEk\/s16000-rw\/buche-vanille-praline.jpg\" title=\"buche pralin\u00e9 vanille\"\/><\/a><\/div>\n<\/div>\n<div style=\"text-align: left;\">\n     <br \/>\n\ud83c\udf84 Jusqu&rsquo;au 15 d\u00e9cembre 2024, profitez de <b>-15%<\/b> <span class=\"lienamazon\"><a href=\"https:\/\/www.scrapcooking.fr\/?ref=CHRISTELLE15\" rel=\"nofollow noopener\" target=\"_blank\">chez Scrapcooking<\/a><\/span> avec le code <b>CHRISTELLE15<\/b>, cumulable avec <b>-10 \u20ac<\/b> d\u00e8s 60 \u20ac d&rsquo;achats avec le code <b>OP-NOEL<\/b> !<\/p>\n<div class=\"separator\" style=\"clear: both; text-align: center;\"><a href=\"https:\/\/www.scrapcooking.fr\/?ref=CHRISTELLE15\" rel=\"nofollow noopener\" style=\"margin-left: 1em; margin-right: 1em;\" target=\"_blank\"><img decoding=\"async\" border=\"0\" data-original-height=\"625\" data-original-width=\"500\" loading=\"lazy\" src=\"https:\/\/blogger.googleusercontent.com\/img\/b\/R29vZ2xl\/AVvXsEjK-W0kxUU38RnWQonoQ1U8r_76v6n3wkpOmU3yanNWxO8bjlZFaia4GbK-kbJJr79IilIoveqJan32MJWiVb0V0dsMcSNAu3-HxHgYldNwFeaZKVCdIWOUl5G85Q5_a4cwE9S-tsqz7EkBSWtLisQtCyKA-T5tuEhosksq2F2eOVfgex8mCZ-qVJ5hR_M\/s16000-rw\/Scrapcooking-noel-2024-1.jpg\"\/><\/a><\/div>\n<div style=\"text-align: center;\">\n<div style=\"text-align: left;\">D\u00e9moulez votre b\u00fbche vanille pralin\u00e9 au moins 7 heures avant d\u00e9gustation et conservez-la au r\u00e9frig\u00e9rateur pour qu&rsquo;elle puisse <b>d\u00e9congeler tranquillement<\/b>.<\/p>\n<p>Bon app\u00e9tit !<\/p>\n<div style=\"text-align: center;\"><img decoding=\"async\" alt=\"recette-buche-vanille-praline\" border=\"0\" data-original-height=\"437\" data-original-width=\"650\" loading=\"lazy\" src=\"https:\/\/blogger.googleusercontent.com\/img\/b\/R29vZ2xl\/AVvXsEihVzzA9RO4L1lsUPW69VQLy3wMGRqdxcDyp28mCrcDK1xsNQSeVa1KPCSYju5kapRvnMAM6_DCV-qtdBo4vcYAu0Y9iSd3EIgryAVGgmAsC3RZ6WuE-cGdZZE6U5AGNj6CFDbOiiEsabckH1g7tvk_Dfd1BBD8_p1Iof47Cu-nOE7V0khggp1vO5HRRV4\/s16000-rw\/belle-buche-de-noel.jpg\" title=\"recette de buche de noel vanille pralin\u00e9\"\/><\/div>\n<\/div>\n<p><span class=\"author\">Christelle<\/span><\/p>\n<p><\/div>\n<\/div>\n<\/div>\n<\/div>\n<\/div>\n<p>[ad_2]<br \/>\n<br \/><a href=\"https:\/\/www.iletaitunefoislapatisserie.com\/2024\/12\/buche-vanille-et-praline-ma-plus-belle.html\">Source link <\/a><\/p>\n","protected":false},"excerpt":{"rendered":"<p>[ad_1] Attention, du lourd aujourd&rsquo;hui avec une magnifique B\u00fbche de No\u00ebl vanille et pralin\u00e9 ! Cette b\u00fbche est aussi d\u00e9licieuse &hellip; <a href=\"http:\/\/www.affinite.fr\/index.php\/2024\/12\/08\/buche-vanille-et-praline-ma-plus-belle-buche-de-noel-il-etait-une-fois-la-patisserie\/\" class=\"more-link\">Plus <span class=\"screen-reader-text\">B\u00fbche vanille et pralin\u00e9 &#8211; Ma plus belle b\u00fbche de No\u00ebl ! : Il \u00e9tait une fois la p\u00e2tisserie<\/span> <span class=\"meta-nav\">&rarr;<\/span><\/a><\/p>\n","protected":false},"author":1,"featured_media":11062,"comment_status":"","ping_status":"open","sticky":false,"template":"","format":"standard","meta":{"_sitemap_exclude":false,"_sitemap_priority":"","_sitemap_frequency":"","footnotes":""},"categories":[1],"tags":[],"class_list":["post-11061","post","type-post","status-publish","format-standard","has-post-thumbnail","hentry","category-tous"],"_links":{"self":[{"href":"http:\/\/www.affinite.fr\/index.php\/wp-json\/wp\/v2\/posts\/11061"}],"collection":[{"href":"http:\/\/www.affinite.fr\/index.php\/wp-json\/wp\/v2\/posts"}],"about":[{"href":"http:\/\/www.affinite.fr\/index.php\/wp-json\/wp\/v2\/types\/post"}],"author":[{"embeddable":true,"href":"http:\/\/www.affinite.fr\/index.php\/wp-json\/wp\/v2\/users\/1"}],"replies":[{"embeddable":true,"href":"http:\/\/www.affinite.fr\/index.php\/wp-json\/wp\/v2\/comments?post=11061"}],"version-history":[{"count":0,"href":"http:\/\/www.affinite.fr\/index.php\/wp-json\/wp\/v2\/posts\/11061\/revisions"}],"wp:featuredmedia":[{"embeddable":true,"href":"http:\/\/www.affinite.fr\/index.php\/wp-json\/wp\/v2\/media\/11062"}],"wp:attachment":[{"href":"http:\/\/www.affinite.fr\/index.php\/wp-json\/wp\/v2\/media?parent=11061"}],"wp:term":[{"taxonomy":"category","embeddable":true,"href":"http:\/\/www.affinite.fr\/index.php\/wp-json\/wp\/v2\/categories?post=11061"},{"taxonomy":"post_tag","embeddable":true,"href":"http:\/\/www.affinite.fr\/index.php\/wp-json\/wp\/v2\/tags?post=11061"}],"curies":[{"name":"wp","href":"https:\/\/api.w.org\/{rel}","templated":true}]}}