{"id":11021,"date":"2024-11-25T11:52:40","date_gmt":"2024-11-25T11:52:40","guid":{"rendered":"https:\/\/www.affinite.fr\/index.php\/2024\/11\/25\/elle-a-perdu-38-kilos-quelques-mois-avant-son-mariage-grace-a-ces-habitudes-simples\/"},"modified":"2024-11-25T11:52:40","modified_gmt":"2024-11-25T11:52:40","slug":"elle-a-perdu-38-kilos-quelques-mois-avant-son-mariage-grace-a-ces-habitudes-simples","status":"publish","type":"post","link":"http:\/\/www.affinite.fr\/index.php\/2024\/11\/25\/elle-a-perdu-38-kilos-quelques-mois-avant-son-mariage-grace-a-ces-habitudes-simples\/","title":{"rendered":"Elle a perdu 38\u00a0kilos quelques mois avant son mariage gr\u00e2ce \u00e0 ces habitudes simples"},"content":{"rendered":"<p> [ad_1]<br \/>\n<\/p>\n<p>\n                Cette femme de 36\u00a0ans est pass\u00e9e de la taille 46\u00a0\u00e0 38\u00a0pour se sentir bien dans son corps le jour de son mariage. D\u00e9couvrez les photos avant-apr\u00e8s.            <\/p>\n<div>\n<p>\u00c0 36\u00a0ans, Samantha Wannop, s&rsquo;est m\u00e9tamorphos\u00e9e\u00a0en perdant 38\u00a0kilos.\u00a0Son objectif n&rsquo;\u00e9tait pas simplement esth\u00e9tique, mais surtout de se sentir bien dans son corps et dans sa t\u00eate le jour de son mariage. Aujourd&rsquo;hui, elle raconte son parcours qui l&rsquo;a men\u00e9e \u00e0 une telle transformation.<\/p>\n<p>Il n&rsquo;aura fallu que quelques mois pour\u00a0que Samantha Wannop\u00a0observe de r\u00e9els\u00a0changements sur sa silhouette. Sa d\u00e9marche, loin des r\u00e9gimes draconiens et autres solutions miracles, repose sur une prise de conscience et des habitudes simples. Dans sa vingtaine, un mode de vie rythm\u00e9 par des soir\u00e9es entre amis, des plats \u00e0 emporter, et un travail s\u00e9dentaire l&rsquo;a lentement conduite \u00e0 accumuler les kilos. <em>\u00ab\u00a0Je me disais toujours que ce n&rsquo;\u00e9tait pas si grave\u00a0\u00bb<\/em>, avoue-t-elle. Pourtant, au fil des ann\u00e9es, elle a commenc\u00e9 \u00e0 se sentir limit\u00e9e dans ses choix vestimentaires et \u00e0 \u00e9viter les miroirs. Portant une taille 46, elle souligne :\u00a0<em>\u00ab\u00a0C&rsquo;est devenu \u00e9vident quand je ne trouvais plus de v\u00eatements \u00e0 ma taille\u00a0\u00bb.<\/em><\/p>\n<p>Quand son fianc\u00e9\u00a0l&rsquo;a demand\u00e9e en mariage, la jeune britannique a ressenti un m\u00e9lange d&rsquo;excitation et d&rsquo;appr\u00e9hension.<em> \u00ab\u00a0J&rsquo;\u00e9tais ravie, mais j&rsquo;avais peur de ne pas me sentir \u00e0 l&rsquo;aise dans une robe de mari\u00e9e. C&rsquo;\u00e9tait le moment de changer quelque chose\u00a0\u00bb,<\/em> confie-t-elle. Ainsi, elle a commenc\u00e9 par r\u00e9duire les portions et \u00e0 privil\u00e9gier les aliments frais. Finis les plats pr\u00e9par\u00e9s et les grignotages \u00e0 toute heure : <em>\u00ab\u00a0Ce n&rsquo;\u00e9tait pas facile au d\u00e9but, mais j&rsquo;ai appris \u00e0 cuisiner des recettes simples et \u00e9quilibr\u00e9es. Et surtout, j&rsquo;ai compris que je pouvais manger de tout, mais en quantit\u00e9 raisonnable.\u00a0\u00bb<\/em><\/p>\n<div style=\"text-align:center\">\n<figure class=\"image\" style=\"display:inline-block\"><img decoding=\"async\" alt=\"samantha-wannop\" src=\"https:\/\/img-3.journaldesfemmes.fr\/vK2d1ML6F1yITnmFaXISuM4D9ng=\/450x\/smart\/505c521d6a164ea9acb55a521ae9dba3\/ccmcms-jdf\/40003739.jpeg\"\/><figcaption data-credit=\"Samantha Wannop\/Tiree Dawson\/SWNS\/The Mirror\"><small>\u00a9\u00a0Samantha Wannop\/Tiree Dawson\/SWNS\/The Mirror<\/small><\/figcaption><\/figure>\n<\/div>\n<p>En parall\u00e8le, la trentenaire a int\u00e9gr\u00e9 une routine sportive.<em> \u00ab\u00a0Au d\u00e9part, j&rsquo;ai commenc\u00e9 par de simples promenades, puis j&rsquo;ai ajout\u00e9 des s\u00e9ances de <a href=\"https:\/\/www.journaldesfemmes.fr\/beaute\/conseils-forme-et-minceur\/2623129-cardio-perdre-du-poids\/\" title=\"Exercice cardio\">cardio<\/a>\u00ab\u00a0,<\/em> raconte-t-elle. Rapidement, elle a alors pris go\u00fbt \u00e0 l&rsquo;effort physique. Avec l&rsquo;aide d&rsquo;un coach, elle a d\u00e9couvert des entra\u00eenements vari\u00e9s, entre cours collectifs et exercices de musculation :\u00a0<em>\u00ab\u00a0Ce n&rsquo;\u00e9tait pas une contrainte, c&rsquo;\u00e9tait un moment pour moi\u00a0\u00bb.<\/em>\u00a0Au fil des semaines, les kilos disparaissaient, mais elle notait surtout une am\u00e9lioration de son moral et de son \u00e9nergie.<em>\u00a0<\/em>Elle indique : <em>\u00ab\u00a0J&rsquo;avais plus confiance en moi. Ce n&rsquo;\u00e9tait pas juste une question de poids, je me sentais plus forte et plus en forme\u00a0\u00bb.<\/em><\/p>\n<p>Le jour de son mariage, Samantha Wannop\u00a0a enfil\u00e9 une robe de mari\u00e9e\u00a0taille 38, une taille qu&rsquo;elle n&rsquo;avait pas port\u00e9e depuis des ann\u00e9es. <em>\u00ab\u00a0Ce jour-l\u00e0, je ne pensais plus \u00e0 mon poids. J&rsquo;\u00e9tais heureuse, entour\u00e9e des gens que j&rsquo;aime, et fi\u00e8re du chemin parcouru\u00a0\u00bb<\/em>.\u00a0Inspirant !<\/p>\n<\/p><\/div>\n<p>[ad_2]<br \/>\n<br \/><a href=\"https:\/\/www.journaldesfemmes.fr\/beaute\/forme-et-minceur\/3207024-cette-femme-de-36-ans-a-perdu-38-kilos-pour-se-sentir-bien-dans-son-corps-le-jour-de-son-mariage-decouvrez-son-secret\/\">Source link <\/a><\/p>\n","protected":false},"excerpt":{"rendered":"<p>[ad_1] Cette femme de 36\u00a0ans est pass\u00e9e de la taille 46\u00a0\u00e0 38\u00a0pour se sentir bien dans son corps le jour &hellip; <a href=\"http:\/\/www.affinite.fr\/index.php\/2024\/11\/25\/elle-a-perdu-38-kilos-quelques-mois-avant-son-mariage-grace-a-ces-habitudes-simples\/\" class=\"more-link\">Plus <span class=\"screen-reader-text\">Elle a perdu 38\u00a0kilos quelques mois avant son mariage gr\u00e2ce \u00e0 ces habitudes simples<\/span> <span class=\"meta-nav\">&rarr;<\/span><\/a><\/p>\n","protected":false},"author":1,"featured_media":11022,"comment_status":"","ping_status":"open","sticky":false,"template":"","format":"standard","meta":{"_sitemap_exclude":false,"_sitemap_priority":"","_sitemap_frequency":"","footnotes":""},"categories":[1],"tags":[],"class_list":["post-11021","post","type-post","status-publish","format-standard","has-post-thumbnail","hentry","category-tous"],"_links":{"self":[{"href":"http:\/\/www.affinite.fr\/index.php\/wp-json\/wp\/v2\/posts\/11021"}],"collection":[{"href":"http:\/\/www.affinite.fr\/index.php\/wp-json\/wp\/v2\/posts"}],"about":[{"href":"http:\/\/www.affinite.fr\/index.php\/wp-json\/wp\/v2\/types\/post"}],"author":[{"embeddable":true,"href":"http:\/\/www.affinite.fr\/index.php\/wp-json\/wp\/v2\/users\/1"}],"replies":[{"embeddable":true,"href":"http:\/\/www.affinite.fr\/index.php\/wp-json\/wp\/v2\/comments?post=11021"}],"version-history":[{"count":0,"href":"http:\/\/www.affinite.fr\/index.php\/wp-json\/wp\/v2\/posts\/11021\/revisions"}],"wp:featuredmedia":[{"embeddable":true,"href":"http:\/\/www.affinite.fr\/index.php\/wp-json\/wp\/v2\/media\/11022"}],"wp:attachment":[{"href":"http:\/\/www.affinite.fr\/index.php\/wp-json\/wp\/v2\/media?parent=11021"}],"wp:term":[{"taxonomy":"category","embeddable":true,"href":"http:\/\/www.affinite.fr\/index.php\/wp-json\/wp\/v2\/categories?post=11021"},{"taxonomy":"post_tag","embeddable":true,"href":"http:\/\/www.affinite.fr\/index.php\/wp-json\/wp\/v2\/tags?post=11021"}],"curies":[{"name":"wp","href":"https:\/\/api.w.org\/{rel}","templated":true}]}}